{"id":3598,"date":"2020-04-10T07:47:20","date_gmt":"2020-04-10T07:47:20","guid":{"rendered":"https:\/\/muzeulgolesti.ro\/?p=3598"},"modified":"2020-06-12T09:50:50","modified_gmt":"2020-06-12T09:50:50","slug":"o-intalnire-in-imaginar-cu-elena-perticari-davila","status":"publish","type":"post","link":"https:\/\/muzeulgolesti.ro\/en\/blog\/o-intalnire-in-imaginar-cu-elena-perticari-davila\/","title":{"rendered":"An imaginary encounter with Elena Perticari Davila"},"content":{"rendered":"<div class=\"fusion-fullwidth fullwidth-box fusion-builder-row-1 nonhundred-percent-fullwidth non-hundred-percent-height-scrolling\" style=\"--awb-border-radius-top-left:0px;--awb-border-radius-top-right:0px;--awb-border-radius-bottom-right:0px;--awb-border-radius-bottom-left:0px;--awb-flex-wrap:wrap;\" ><div class=\"fusion-builder-row fusion-row\"><div class=\"fusion-layout-column fusion_builder_column fusion-builder-column-0 fusion_builder_column_1_1 1_1 fusion-one-full fusion-column-first fusion-column-last\" style=\"--awb-bg-size:cover;\"><div class=\"fusion-column-wrapper fusion-column-has-shadow fusion-flex-column-wrapper-legacy\"><div class=\"fusion-text fusion-text-1\"><div dir=\"ltr\">Beloved ones,<\/div>\n<div dir=\"ltr\">My name is Elena, and when I was a child my parents and relatives used to call me Cocu\u021ba.<\/div>\n<div dir=\"ltr\"><\/div>\n<div dir=\"ltr\">I was born and raised here, in Gole\u0219ti, in\u00a0 the 300 year old lordly house.<\/div>\n<div dir=\"ltr\"><\/div>\n<div dir=\"ltr\">On a rich large valley, guarded in the north by the vineyards and in the south by the silvery and winding Arge\u0219 river,\u00a0 magestically lays the Gole\u0219ti Lordly House, with its wide windows, through which the sun peers in the generous jolly rooms.<\/div>\n<div dir=\"ltr\"><\/div>\n<div dir=\"ltr\">Come, my dear ones, and gather around me if you wish to know how we lived, how we rejoiced, how we suffered, how we loved, how we fought and how we died. There are so many memories hidden between the walls of this mansion, so many bright ideas that were spoken and so many secrets that will be forever sealed in the old and wise Gole\u0219ti Lorldly House!<\/div>\n<div dir=\"ltr\"><\/div>\n<div dir=\"ltr\">I grew up in a large family, surrounded by many relatives \u2013 grandparents, uncles, aunts, cousins-which offered love and endearment. We used to gather here, at Gole\u0219ti, the heart of our nation, around our great-grandmother Zinca and grandmother Anica and later on, after they departed, around aunt Felicia.<\/div>\n<div dir=\"ltr\"><\/div>\n<div dir=\"ltr\">We were four brothers, 2 girls and 2 boys, the children of a local Gole\u0219ti woman, whose name was Ana- a peculiar beauty with a kind and compassionate soul. Father, Carol Davila, was a frenchman but his heart was of a romanian patriot. He was a doctor and had many responsabilities, trying to solve the issues of a medical system that was newly formed. Nevertheless, our father never forgot to play with us, caress us, discipline us when needed and most of all to inspire us with his love for the country and show us the tough reality of the romanian society\u2019s life, guiding us to fight, so that our people would progress.<\/div>\n<div dir=\"ltr\"><\/div>\n<div dir=\"ltr\">Along with Lic\u0103, my brother, we used to wander around the grounds and gardens all day long, followed by our hounds ( Ursu a happy, faithful, sturdy, black dog, Lupa with its long red fur, that had a fox-like hidden personality and Griveiu the sweetest of them, that had a soft spot for our great-grandmother\u2019s flowers), which were our friends and playing companions, our confidents and the accomplices of our shenanigans.<\/div>\n<div dir=\"ltr\"><\/div>\n<div dir=\"ltr\">Come, and be the witness of a marvelous garden, full of flowers and tall trees- hornbeams, oaks, sapphires (Japanese acacia), platans, catalpas, firs, peats, carps, spruces, tall poplars, white birches- which were arranged by my good uncle Alexandru ( Albu), as if they were characters of a script written on immortal ground, that offered never-before-seen faces, because up to now, each tree has its own posture and its own in-the-breeze song.<\/div>\n<div dir=\"ltr\"><\/div>\n<div dir=\"ltr\">Castle sands, wooden constructions, carved pumpkins, dolls, drums, war trumpets and a magical garden, that echoed of happiness and good tidings were the elements that followed us throughout our childhood. However, our garden has never lost its magical powers. We used to come back to it every year, as if it were an everlasting spring, replacing the dolls with tennis games, fencing, painting, photography and riding.<\/div>\n<div dir=\"ltr\"><\/div>\n<div dir=\"ltr\">Today, you\u2019ve entered my home, my spirit being the sole host to honor your visit. Let the old lordly house tell its story, wander in the gardens, enjoy the fresh air, the rose scent, the shade of trees and the children\u2019s joy that gives heart to my home!<\/div>\n<div dir=\"ltr\"><\/div>\n<div dir=\"ltr\">We loved this house, it was the anchor that helped us prevail in difficult times.<\/div>\n<div dir=\"ltr\">Cherish our legacy, enjoy it and take our memory further!<\/div>\n<div dir=\"ltr\">Elena Perticari Davila<\/div>\n<\/div><div class=\"fusion-clearfix\"><\/div><\/div><\/div><\/div><\/div>\n","protected":false},"excerpt":{"rendered":"","protected":false},"author":4,"featured_media":4387,"comment_status":"closed","ping_status":"closed","sticky":false,"template":"","format":"standard","meta":{"footnotes":""},"categories":[49],"tags":[],"class_list":["post-3598","post","type-post","status-publish","format-standard","has-post-thumbnail","hentry","category-blog"],"yoast_head":"<!-- This site is optimized with the Yoast SEO plugin v27.5 - https:\/\/yoast.com\/product\/yoast-seo-wordpress\/ -->\n<title>An imaginary encounter with Elena Perticari Davila<\/title>\n<meta name=\"description\" content=\"An imaginary encounter with Elena Perticari Davila\" \/>\n<meta name=\"robots\" content=\"index, follow, max-snippet:-1, max-image-preview:large, max-video-preview:-1\" \/>\n<link rel=\"canonical\" href=\"https:\/\/muzeulgolesti.ro\/en\/blog\/o-intalnire-in-imaginar-cu-elena-perticari-davila\/\" \/>\n<meta property=\"og:locale\" content=\"en_GB\" \/>\n<meta property=\"og:locale:alternate\" content=\"ro_RO\" \/>\n<meta property=\"og:type\" content=\"article\" \/>\n<meta property=\"og:title\" content=\"An imaginary encounter with Elena Perticari Davila\" \/>\n<meta property=\"og:description\" content=\"An imaginary encounter with Elena Perticari Davila\" \/>\n<meta property=\"og:url\" content=\"https:\/\/muzeulgolesti.ro\/en\/blog\/o-intalnire-in-imaginar-cu-elena-perticari-davila\/\" \/>\n<meta property=\"og:site_name\" content=\"Muzeul Viticulturii si Pomiculturii Golesti\" \/>\n<meta property=\"article:publisher\" content=\"https:\/\/web.facebook.com\/www.muzeulgolesti.ro\" \/>\n<meta property=\"article:published_time\" content=\"2020-04-10T07:47:20+00:00\" \/>\n<meta property=\"article:modified_time\" content=\"2020-06-12T09:50:50+00:00\" \/>\n<meta property=\"og:image\" content=\"https:\/\/muzeulgolesti.ro\/wp-content\/uploads\/2020\/04\/ointalnire.jpg\" \/>\n\t<meta property=\"og:image:width\" content=\"640\" \/>\n\t<meta property=\"og:image:height\" content=\"360\" \/>\n\t<meta property=\"og:image:type\" content=\"image\/jpeg\" \/>\n<meta name=\"author\" content=\"Aurelian\" \/>\n<meta name=\"twitter:card\" content=\"summary_large_image\" \/>\n<meta name=\"twitter:label1\" content=\"Written by\" \/>\n\t<meta name=\"twitter:data1\" content=\"Aurelian\" \/>\n\t<meta name=\"twitter:label2\" content=\"Estimated reading time\" \/>\n\t<meta name=\"twitter:data2\" content=\"14 minutes\" \/>\n<script type=\"application\/ld+json\" class=\"yoast-schema-graph\">{\"@context\":\"https:\\\/\\\/schema.org\",\"@graph\":[{\"@type\":\"Article\",\"@id\":\"https:\\\/\\\/muzeulgolesti.ro\\\/ro\\\/blog\\\/o-intalnire-in-imaginar-cu-elena-perticari-davila\\\/#article\",\"isPartOf\":{\"@id\":\"https:\\\/\\\/muzeulgolesti.ro\\\/ro\\\/blog\\\/o-intalnire-in-imaginar-cu-elena-perticari-davila\\\/\"},\"author\":{\"name\":\"Aurelian\",\"@id\":\"https:\\\/\\\/muzeulgolesti.ro\\\/ro\\\/#\\\/schema\\\/person\\\/acff93f78d5f76316eef77f2d28e0539\"},\"headline\":\"An imaginary encounter with Elena Perticari Davila\",\"datePublished\":\"2020-04-10T07:47:20+00:00\",\"dateModified\":\"2020-06-12T09:50:50+00:00\",\"mainEntityOfPage\":{\"@id\":\"https:\\\/\\\/muzeulgolesti.ro\\\/ro\\\/blog\\\/o-intalnire-in-imaginar-cu-elena-perticari-davila\\\/\"},\"wordCount\":2743,\"publisher\":{\"@id\":\"https:\\\/\\\/muzeulgolesti.ro\\\/ro\\\/#organization\"},\"image\":{\"@id\":\"https:\\\/\\\/muzeulgolesti.ro\\\/ro\\\/blog\\\/o-intalnire-in-imaginar-cu-elena-perticari-davila\\\/#primaryimage\"},\"thumbnailUrl\":\"https:\\\/\\\/muzeulgolesti.ro\\\/wp-content\\\/uploads\\\/2020\\\/04\\\/ointalnire.jpg\",\"articleSection\":[\"Arhiva de noutati\"],\"inLanguage\":\"en-GB\"},{\"@type\":\"WebPage\",\"@id\":\"https:\\\/\\\/muzeulgolesti.ro\\\/ro\\\/blog\\\/o-intalnire-in-imaginar-cu-elena-perticari-davila\\\/\",\"url\":\"https:\\\/\\\/muzeulgolesti.ro\\\/ro\\\/blog\\\/o-intalnire-in-imaginar-cu-elena-perticari-davila\\\/\",\"name\":\"An imaginary encounter with Elena Perticari Davila\",\"isPartOf\":{\"@id\":\"https:\\\/\\\/muzeulgolesti.ro\\\/ro\\\/#website\"},\"primaryImageOfPage\":{\"@id\":\"https:\\\/\\\/muzeulgolesti.ro\\\/ro\\\/blog\\\/o-intalnire-in-imaginar-cu-elena-perticari-davila\\\/#primaryimage\"},\"image\":{\"@id\":\"https:\\\/\\\/muzeulgolesti.ro\\\/ro\\\/blog\\\/o-intalnire-in-imaginar-cu-elena-perticari-davila\\\/#primaryimage\"},\"thumbnailUrl\":\"https:\\\/\\\/muzeulgolesti.ro\\\/wp-content\\\/uploads\\\/2020\\\/04\\\/ointalnire.jpg\",\"datePublished\":\"2020-04-10T07:47:20+00:00\",\"dateModified\":\"2020-06-12T09:50:50+00:00\",\"description\":\"An imaginary encounter with Elena Perticari Davila\",\"breadcrumb\":{\"@id\":\"https:\\\/\\\/muzeulgolesti.ro\\\/ro\\\/blog\\\/o-intalnire-in-imaginar-cu-elena-perticari-davila\\\/#breadcrumb\"},\"inLanguage\":\"en-GB\",\"potentialAction\":[{\"@type\":\"ReadAction\",\"target\":[\"https:\\\/\\\/muzeulgolesti.ro\\\/ro\\\/blog\\\/o-intalnire-in-imaginar-cu-elena-perticari-davila\\\/\"]}]},{\"@type\":\"ImageObject\",\"inLanguage\":\"en-GB\",\"@id\":\"https:\\\/\\\/muzeulgolesti.ro\\\/ro\\\/blog\\\/o-intalnire-in-imaginar-cu-elena-perticari-davila\\\/#primaryimage\",\"url\":\"https:\\\/\\\/muzeulgolesti.ro\\\/wp-content\\\/uploads\\\/2020\\\/04\\\/ointalnire.jpg\",\"contentUrl\":\"https:\\\/\\\/muzeulgolesti.ro\\\/wp-content\\\/uploads\\\/2020\\\/04\\\/ointalnire.jpg\",\"width\":640,\"height\":360},{\"@type\":\"BreadcrumbList\",\"@id\":\"https:\\\/\\\/muzeulgolesti.ro\\\/ro\\\/blog\\\/o-intalnire-in-imaginar-cu-elena-perticari-davila\\\/#breadcrumb\",\"itemListElement\":[{\"@type\":\"ListItem\",\"position\":1,\"name\":\"Prima pagin\u0103\",\"item\":\"https:\\\/\\\/muzeulgolesti.ro\\\/ro\\\/\"},{\"@type\":\"ListItem\",\"position\":2,\"name\":\"O \u00eent\u00e2lnire \u00een imaginar cu Elena Perticari Davila\"}]},{\"@type\":\"WebSite\",\"@id\":\"https:\\\/\\\/muzeulgolesti.ro\\\/ro\\\/#website\",\"url\":\"https:\\\/\\\/muzeulgolesti.ro\\\/ro\\\/\",\"name\":\"Muzeul Vititculturii si Pomiculturii Golesti\",\"description\":\"Cultura, Etnografie, Istorie - Muzeul Vititculturii si Pomiculturii Golesti\",\"publisher\":{\"@id\":\"https:\\\/\\\/muzeulgolesti.ro\\\/ro\\\/#organization\"},\"potentialAction\":[{\"@type\":\"SearchAction\",\"target\":{\"@type\":\"EntryPoint\",\"urlTemplate\":\"https:\\\/\\\/muzeulgolesti.ro\\\/ro\\\/?s={search_term_string}\"},\"query-input\":{\"@type\":\"PropertyValueSpecification\",\"valueRequired\":true,\"valueName\":\"search_term_string\"}}],\"inLanguage\":\"en-GB\"},{\"@type\":\"Organization\",\"@id\":\"https:\\\/\\\/muzeulgolesti.ro\\\/ro\\\/#organization\",\"name\":\"Muzeul Vititculturii si Pomiculturii Golesti\",\"url\":\"https:\\\/\\\/muzeulgolesti.ro\\\/ro\\\/\",\"logo\":{\"@type\":\"ImageObject\",\"inLanguage\":\"en-GB\",\"@id\":\"https:\\\/\\\/muzeulgolesti.ro\\\/ro\\\/#\\\/schema\\\/logo\\\/image\\\/\",\"url\":\"https:\\\/\\\/muzeulgolesti.ro\\\/wp-content\\\/uploads\\\/2022\\\/11\\\/SiglaMuzeu.jpg\",\"contentUrl\":\"https:\\\/\\\/muzeulgolesti.ro\\\/wp-content\\\/uploads\\\/2022\\\/11\\\/SiglaMuzeu.jpg\",\"width\":86,\"height\":50,\"caption\":\"Muzeul Vititculturii si Pomiculturii Golesti\"},\"image\":{\"@id\":\"https:\\\/\\\/muzeulgolesti.ro\\\/ro\\\/#\\\/schema\\\/logo\\\/image\\\/\"},\"sameAs\":[\"https:\\\/\\\/web.facebook.com\\\/www.muzeulgolesti.ro\"]},{\"@type\":\"Person\",\"@id\":\"https:\\\/\\\/muzeulgolesti.ro\\\/ro\\\/#\\\/schema\\\/person\\\/acff93f78d5f76316eef77f2d28e0539\",\"name\":\"Aurelian\",\"url\":\"https:\\\/\\\/muzeulgolesti.ro\\\/en\\\/author\\\/auras\\\/\"}]}<\/script>\n<!-- \/ Yoast SEO plugin. -->","yoast_head_json":{"title":"An imaginary encounter with Elena Perticari Davila","description":"[:ro]O \u00eent\u00e2lnire \u00een imaginar cu Elena Perticari Davila[:en]An imaginary encounter with Elena Perticari Davila[:fr]Une rencontre imaginaire avec Elena Perticari Davila[:]","robots":{"index":"index","follow":"follow","max-snippet":"max-snippet:-1","max-image-preview":"max-image-preview:large","max-video-preview":"max-video-preview:-1"},"canonical":"https:\/\/muzeulgolesti.ro\/en\/blog\/o-intalnire-in-imaginar-cu-elena-perticari-davila\/","og_locale":"en_GB","og_type":"article","og_title":"[:ro]O \u00eent\u00e2lnire \u00een imaginar cu Elena Perticari Davila[:en]An imaginary encounter with Elena Perticari Davila[:fr]Une rencontre imaginaire avec Elena Perticari Davila[:] - Muzeul Viticulturii si Pomiculturii Golesti","og_description":"[:ro]O \u00eent\u00e2lnire \u00een imaginar cu Elena Perticari Davila[:en]An imaginary encounter with Elena Perticari Davila[:fr]Une rencontre imaginaire avec Elena Perticari Davila[:]","og_url":"https:\/\/muzeulgolesti.ro\/en\/blog\/o-intalnire-in-imaginar-cu-elena-perticari-davila\/","og_site_name":"Muzeul Viticulturii si Pomiculturii Golesti","article_publisher":"https:\/\/web.facebook.com\/www.muzeulgolesti.ro","article_published_time":"2020-04-10T07:47:20+00:00","article_modified_time":"2020-06-12T09:50:50+00:00","og_image":[{"width":640,"height":360,"url":"https:\/\/muzeulgolesti.ro\/wp-content\/uploads\/2020\/04\/ointalnire.jpg","type":"image\/jpeg"}],"author":"Aurelian","twitter_card":"summary_large_image","twitter_misc":{"Written by":"Aurelian","Estimated reading time":"14 minutes"},"schema":{"@context":"https:\/\/schema.org","@graph":[{"@type":"Article","@id":"https:\/\/muzeulgolesti.ro\/ro\/blog\/o-intalnire-in-imaginar-cu-elena-perticari-davila\/#article","isPartOf":{"@id":"https:\/\/muzeulgolesti.ro\/ro\/blog\/o-intalnire-in-imaginar-cu-elena-perticari-davila\/"},"author":{"name":"Aurelian","@id":"https:\/\/muzeulgolesti.ro\/ro\/#\/schema\/person\/acff93f78d5f76316eef77f2d28e0539"},"headline":"An imaginary encounter with Elena Perticari Davila","datePublished":"2020-04-10T07:47:20+00:00","dateModified":"2020-06-12T09:50:50+00:00","mainEntityOfPage":{"@id":"https:\/\/muzeulgolesti.ro\/ro\/blog\/o-intalnire-in-imaginar-cu-elena-perticari-davila\/"},"wordCount":2743,"publisher":{"@id":"https:\/\/muzeulgolesti.ro\/ro\/#organization"},"image":{"@id":"https:\/\/muzeulgolesti.ro\/ro\/blog\/o-intalnire-in-imaginar-cu-elena-perticari-davila\/#primaryimage"},"thumbnailUrl":"https:\/\/muzeulgolesti.ro\/wp-content\/uploads\/2020\/04\/ointalnire.jpg","articleSection":["Arhiva de noutati"],"inLanguage":"en-GB"},{"@type":"WebPage","@id":"https:\/\/muzeulgolesti.ro\/ro\/blog\/o-intalnire-in-imaginar-cu-elena-perticari-davila\/","url":"https:\/\/muzeulgolesti.ro\/ro\/blog\/o-intalnire-in-imaginar-cu-elena-perticari-davila\/","name":"An imaginary encounter with Elena Perticari Davila","isPartOf":{"@id":"https:\/\/muzeulgolesti.ro\/ro\/#website"},"primaryImageOfPage":{"@id":"https:\/\/muzeulgolesti.ro\/ro\/blog\/o-intalnire-in-imaginar-cu-elena-perticari-davila\/#primaryimage"},"image":{"@id":"https:\/\/muzeulgolesti.ro\/ro\/blog\/o-intalnire-in-imaginar-cu-elena-perticari-davila\/#primaryimage"},"thumbnailUrl":"https:\/\/muzeulgolesti.ro\/wp-content\/uploads\/2020\/04\/ointalnire.jpg","datePublished":"2020-04-10T07:47:20+00:00","dateModified":"2020-06-12T09:50:50+00:00","description":"An imaginary encounter with Elena Perticari Davila","breadcrumb":{"@id":"https:\/\/muzeulgolesti.ro\/ro\/blog\/o-intalnire-in-imaginar-cu-elena-perticari-davila\/#breadcrumb"},"inLanguage":"en-GB","potentialAction":[{"@type":"ReadAction","target":["https:\/\/muzeulgolesti.ro\/ro\/blog\/o-intalnire-in-imaginar-cu-elena-perticari-davila\/"]}]},{"@type":"ImageObject","inLanguage":"en-GB","@id":"https:\/\/muzeulgolesti.ro\/ro\/blog\/o-intalnire-in-imaginar-cu-elena-perticari-davila\/#primaryimage","url":"https:\/\/muzeulgolesti.ro\/wp-content\/uploads\/2020\/04\/ointalnire.jpg","contentUrl":"https:\/\/muzeulgolesti.ro\/wp-content\/uploads\/2020\/04\/ointalnire.jpg","width":640,"height":360},{"@type":"BreadcrumbList","@id":"https:\/\/muzeulgolesti.ro\/ro\/blog\/o-intalnire-in-imaginar-cu-elena-perticari-davila\/#breadcrumb","itemListElement":[{"@type":"ListItem","position":1,"name":"Prima pagin\u0103","item":"https:\/\/muzeulgolesti.ro\/ro\/"},{"@type":"ListItem","position":2,"name":"O \u00eent\u00e2lnire \u00een imaginar cu Elena Perticari Davila"}]},{"@type":"WebSite","@id":"https:\/\/muzeulgolesti.ro\/ro\/#website","url":"https:\/\/muzeulgolesti.ro\/ro\/","name":"Muzeul Vititculturii si Pomiculturii Golesti","description":"Cultura, Etnografie, Istorie - Muzeul Vititculturii si Pomiculturii Golesti","publisher":{"@id":"https:\/\/muzeulgolesti.ro\/ro\/#organization"},"potentialAction":[{"@type":"SearchAction","target":{"@type":"EntryPoint","urlTemplate":"https:\/\/muzeulgolesti.ro\/ro\/?s={search_term_string}"},"query-input":{"@type":"PropertyValueSpecification","valueRequired":true,"valueName":"search_term_string"}}],"inLanguage":"en-GB"},{"@type":"Organization","@id":"https:\/\/muzeulgolesti.ro\/ro\/#organization","name":"Muzeul Vititculturii si Pomiculturii Golesti","url":"https:\/\/muzeulgolesti.ro\/ro\/","logo":{"@type":"ImageObject","inLanguage":"en-GB","@id":"https:\/\/muzeulgolesti.ro\/ro\/#\/schema\/logo\/image\/","url":"https:\/\/muzeulgolesti.ro\/wp-content\/uploads\/2022\/11\/SiglaMuzeu.jpg","contentUrl":"https:\/\/muzeulgolesti.ro\/wp-content\/uploads\/2022\/11\/SiglaMuzeu.jpg","width":86,"height":50,"caption":"Muzeul Vititculturii si Pomiculturii Golesti"},"image":{"@id":"https:\/\/muzeulgolesti.ro\/ro\/#\/schema\/logo\/image\/"},"sameAs":["https:\/\/web.facebook.com\/www.muzeulgolesti.ro"]},{"@type":"Person","@id":"https:\/\/muzeulgolesti.ro\/ro\/#\/schema\/person\/acff93f78d5f76316eef77f2d28e0539","name":"Aurelian","url":"https:\/\/muzeulgolesti.ro\/en\/author\/auras\/"}]}},"_links":{"self":[{"href":"https:\/\/muzeulgolesti.ro\/en\/wp-json\/wp\/v2\/posts\/3598","targetHints":{"allow":["GET"]}}],"collection":[{"href":"https:\/\/muzeulgolesti.ro\/en\/wp-json\/wp\/v2\/posts"}],"about":[{"href":"https:\/\/muzeulgolesti.ro\/en\/wp-json\/wp\/v2\/types\/post"}],"author":[{"embeddable":true,"href":"https:\/\/muzeulgolesti.ro\/en\/wp-json\/wp\/v2\/users\/4"}],"replies":[{"embeddable":true,"href":"https:\/\/muzeulgolesti.ro\/en\/wp-json\/wp\/v2\/comments?post=3598"}],"version-history":[{"count":6,"href":"https:\/\/muzeulgolesti.ro\/en\/wp-json\/wp\/v2\/posts\/3598\/revisions"}],"predecessor-version":[{"id":4487,"href":"https:\/\/muzeulgolesti.ro\/en\/wp-json\/wp\/v2\/posts\/3598\/revisions\/4487"}],"wp:featuredmedia":[{"embeddable":true,"href":"https:\/\/muzeulgolesti.ro\/en\/wp-json\/wp\/v2\/media\/4387"}],"wp:attachment":[{"href":"https:\/\/muzeulgolesti.ro\/en\/wp-json\/wp\/v2\/media?parent=3598"}],"wp:term":[{"taxonomy":"category","embeddable":true,"href":"https:\/\/muzeulgolesti.ro\/en\/wp-json\/wp\/v2\/categories?post=3598"},{"taxonomy":"post_tag","embeddable":true,"href":"https:\/\/muzeulgolesti.ro\/en\/wp-json\/wp\/v2\/tags?post=3598"}],"curies":[{"name":"wp","href":"https:\/\/api.w.org\/{rel}","templated":true}]}}