{"id":5480,"date":"2023-05-02T12:30:48","date_gmt":"2023-05-02T12:30:48","guid":{"rendered":"https:\/\/muzeulgolesti.ro\/ro\/?p=5480"},"modified":"2023-05-03T11:37:39","modified_gmt":"2023-05-03T11:37:39","slug":"seminar-si-conferinta-publica-de-istorie-moderna-romaneasca","status":"publish","type":"post","link":"https:\/\/muzeulgolesti.ro\/en\/evenimente\/seminar-si-conferinta-publica-de-istorie-moderna-romaneasca\/","title":{"rendered":"Public conferences on modern Romanian history"},"content":{"rendered":"<p><img decoding=\"async\" class=\"wp-image-5481 aligncenter\" src=\"https:\/\/muzeulgolesti.ro\/wp-content\/uploads\/2023\/05\/WhatsApp-Image-2023-04-19-at-11.04.19.jpeg\" alt=\"\" width=\"687\" height=\"485\" srcset=\"https:\/\/muzeulgolesti.ro\/wp-content\/uploads\/2023\/05\/WhatsApp-Image-2023-04-19-at-11.04.19-200x141.jpeg 200w, https:\/\/muzeulgolesti.ro\/wp-content\/uploads\/2023\/05\/WhatsApp-Image-2023-04-19-at-11.04.19-360x254.jpeg 360w, https:\/\/muzeulgolesti.ro\/wp-content\/uploads\/2023\/05\/WhatsApp-Image-2023-04-19-at-11.04.19-400x283.jpeg 400w, https:\/\/muzeulgolesti.ro\/wp-content\/uploads\/2023\/05\/WhatsApp-Image-2023-04-19-at-11.04.19-600x424.jpeg 600w, https:\/\/muzeulgolesti.ro\/wp-content\/uploads\/2023\/05\/WhatsApp-Image-2023-04-19-at-11.04.19-768x543.jpeg 768w, https:\/\/muzeulgolesti.ro\/wp-content\/uploads\/2023\/05\/WhatsApp-Image-2023-04-19-at-11.04.19-800x566.jpeg 800w, https:\/\/muzeulgolesti.ro\/wp-content\/uploads\/2023\/05\/WhatsApp-Image-2023-04-19-at-11.04.19-1200x848.jpeg 1200w, https:\/\/muzeulgolesti.ro\/wp-content\/uploads\/2023\/05\/WhatsApp-Image-2023-04-19-at-11.04.19-1300x919.jpeg 1300w, https:\/\/muzeulgolesti.ro\/wp-content\/uploads\/2023\/05\/WhatsApp-Image-2023-04-19-at-11.04.19-1536x1086.jpeg 1536w, https:\/\/muzeulgolesti.ro\/wp-content\/uploads\/2023\/05\/WhatsApp-Image-2023-04-19-at-11.04.19.jpeg 1600w\" sizes=\"(max-width: 687px) 100vw, 687px\" \/><\/p>\n<p>Friday, May 5, 2023, will be a day of historical evocations at the Gole\u0219ti Museum. Our institution will host the students\u2019 conference of the history department of the Faculty of Theology, Letters, History and Arts (University of Pitesti). The students are coordinated by the professor PhD Claudiu Neagoe. Specialist in the medieval and pre-modern history of Romania, PhD Claudiu Neagoe is a passionate researcher of history and author of numerous specialized studies. The last volume signed by the professor Neagoe is <em>Arn\u0103utii in the Romanian Countries: (18th-19th centuries): Historical Study <\/em>(2022). Phd Claudiu Neagoe, C\u0103t\u0103lin Dr\u0103ghici and head of the History and Pedagogy section PhD Cristina Bo\u021boghina will be the tree speakers of the conference &#8220;Arn\u0103u\u021bi and Panduri in Gole\u0219ti in May 1821&#8221;.<\/p>\n<p>&nbsp;<\/p>\n<p>&nbsp;<\/p>\n","protected":false},"excerpt":{"rendered":"<p>Friday, May 5, 2023, will be a day of historical evocations at the Gole\u0219ti Museum. Our institution will host the students\u2019 conference of the history department of the Faculty of  [&#8230;]<\/p>\n","protected":false},"author":4,"featured_media":5482,"comment_status":"closed","ping_status":"closed","sticky":false,"template":"","format":"standard","meta":{"footnotes":""},"categories":[1],"tags":[],"class_list":["post-5480","post","type-post","status-publish","format-standard","has-post-thumbnail","hentry","category-evenimente"],"yoast_head":"<!-- This site is optimized with the Yoast SEO plugin v27.5 - https:\/\/yoast.com\/product\/yoast-seo-wordpress\/ -->\n<title>Public conferences on modern Romanian history<\/title>\n<meta name=\"description\" content=\"Public conferences on modern Romanian history\" \/>\n<meta name=\"robots\" content=\"index, follow, max-snippet:-1, max-image-preview:large, max-video-preview:-1\" \/>\n<link rel=\"canonical\" href=\"https:\/\/muzeulgolesti.ro\/en\/evenimente\/seminar-si-conferinta-publica-de-istorie-moderna-romaneasca\/\" \/>\n<meta property=\"og:locale\" content=\"en_GB\" \/>\n<meta property=\"og:locale:alternate\" content=\"ro_RO\" \/>\n<meta property=\"og:type\" content=\"article\" \/>\n<meta property=\"og:title\" content=\"Public conferences on modern Romanian history\" \/>\n<meta property=\"og:description\" content=\"Public conferences on modern Romanian history\" \/>\n<meta property=\"og:url\" content=\"https:\/\/muzeulgolesti.ro\/en\/evenimente\/seminar-si-conferinta-publica-de-istorie-moderna-romaneasca\/\" \/>\n<meta property=\"og:site_name\" content=\"Muzeul Viticulturii si Pomiculturii Golesti\" \/>\n<meta property=\"article:publisher\" content=\"https:\/\/web.facebook.com\/www.muzeulgolesti.ro\" \/>\n<meta property=\"article:published_time\" content=\"2023-05-02T12:30:48+00:00\" \/>\n<meta property=\"article:modified_time\" content=\"2023-05-03T11:37:39+00:00\" \/>\n<meta property=\"og:image\" content=\"https:\/\/muzeulgolesti.ro\/wp-content\/uploads\/2023\/05\/coperta.jpg\" \/>\n\t<meta property=\"og:image:width\" content=\"900\" \/>\n\t<meta property=\"og:image:height\" content=\"506\" \/>\n\t<meta property=\"og:image:type\" content=\"image\/jpeg\" \/>\n<meta name=\"author\" content=\"Aurelian\" \/>\n<meta name=\"twitter:card\" content=\"summary_large_image\" \/>\n<meta name=\"twitter:label1\" content=\"Written by\" \/>\n\t<meta name=\"twitter:data1\" content=\"Aurelian\" \/>\n\t<meta name=\"twitter:label2\" content=\"Estimated reading time\" \/>\n\t<meta name=\"twitter:data2\" content=\"1 minute\" \/>\n<script type=\"application\/ld+json\" class=\"yoast-schema-graph\">{\"@context\":\"https:\\\/\\\/schema.org\",\"@graph\":[{\"@type\":\"Article\",\"@id\":\"https:\\\/\\\/muzeulgolesti.ro\\\/en\\\/evenimente\\\/seminar-si-conferinta-publica-de-istorie-moderna-romaneasca\\\/#article\",\"isPartOf\":{\"@id\":\"https:\\\/\\\/muzeulgolesti.ro\\\/en\\\/evenimente\\\/seminar-si-conferinta-publica-de-istorie-moderna-romaneasca\\\/\"},\"author\":{\"name\":\"Aurelian\",\"@id\":\"https:\\\/\\\/muzeulgolesti.ro\\\/ro\\\/#\\\/schema\\\/person\\\/acff93f78d5f76316eef77f2d28e0539\"},\"headline\":\"Public conferences on modern Romanian history\",\"datePublished\":\"2023-05-02T12:30:48+00:00\",\"dateModified\":\"2023-05-03T11:37:39+00:00\",\"mainEntityOfPage\":{\"@id\":\"https:\\\/\\\/muzeulgolesti.ro\\\/en\\\/evenimente\\\/seminar-si-conferinta-publica-de-istorie-moderna-romaneasca\\\/\"},\"wordCount\":311,\"publisher\":{\"@id\":\"https:\\\/\\\/muzeulgolesti.ro\\\/ro\\\/#organization\"},\"image\":{\"@id\":\"https:\\\/\\\/muzeulgolesti.ro\\\/en\\\/evenimente\\\/seminar-si-conferinta-publica-de-istorie-moderna-romaneasca\\\/#primaryimage\"},\"thumbnailUrl\":\"https:\\\/\\\/muzeulgolesti.ro\\\/wp-content\\\/uploads\\\/2023\\\/05\\\/coperta.jpg\",\"articleSection\":[\"Evenimente\"],\"inLanguage\":\"en-GB\"},{\"@type\":\"WebPage\",\"@id\":\"https:\\\/\\\/muzeulgolesti.ro\\\/en\\\/evenimente\\\/seminar-si-conferinta-publica-de-istorie-moderna-romaneasca\\\/\",\"url\":\"https:\\\/\\\/muzeulgolesti.ro\\\/en\\\/evenimente\\\/seminar-si-conferinta-publica-de-istorie-moderna-romaneasca\\\/\",\"name\":\"Public conferences on modern Romanian history\",\"isPartOf\":{\"@id\":\"https:\\\/\\\/muzeulgolesti.ro\\\/ro\\\/#website\"},\"primaryImageOfPage\":{\"@id\":\"https:\\\/\\\/muzeulgolesti.ro\\\/en\\\/evenimente\\\/seminar-si-conferinta-publica-de-istorie-moderna-romaneasca\\\/#primaryimage\"},\"image\":{\"@id\":\"https:\\\/\\\/muzeulgolesti.ro\\\/en\\\/evenimente\\\/seminar-si-conferinta-publica-de-istorie-moderna-romaneasca\\\/#primaryimage\"},\"thumbnailUrl\":\"https:\\\/\\\/muzeulgolesti.ro\\\/wp-content\\\/uploads\\\/2023\\\/05\\\/coperta.jpg\",\"datePublished\":\"2023-05-02T12:30:48+00:00\",\"dateModified\":\"2023-05-03T11:37:39+00:00\",\"description\":\"Public conferences on modern Romanian history\",\"breadcrumb\":{\"@id\":\"https:\\\/\\\/muzeulgolesti.ro\\\/en\\\/evenimente\\\/seminar-si-conferinta-publica-de-istorie-moderna-romaneasca\\\/#breadcrumb\"},\"inLanguage\":\"en-GB\",\"potentialAction\":[{\"@type\":\"ReadAction\",\"target\":[\"https:\\\/\\\/muzeulgolesti.ro\\\/en\\\/evenimente\\\/seminar-si-conferinta-publica-de-istorie-moderna-romaneasca\\\/\"]}]},{\"@type\":\"ImageObject\",\"inLanguage\":\"en-GB\",\"@id\":\"https:\\\/\\\/muzeulgolesti.ro\\\/en\\\/evenimente\\\/seminar-si-conferinta-publica-de-istorie-moderna-romaneasca\\\/#primaryimage\",\"url\":\"https:\\\/\\\/muzeulgolesti.ro\\\/wp-content\\\/uploads\\\/2023\\\/05\\\/coperta.jpg\",\"contentUrl\":\"https:\\\/\\\/muzeulgolesti.ro\\\/wp-content\\\/uploads\\\/2023\\\/05\\\/coperta.jpg\",\"width\":900,\"height\":506},{\"@type\":\"BreadcrumbList\",\"@id\":\"https:\\\/\\\/muzeulgolesti.ro\\\/en\\\/evenimente\\\/seminar-si-conferinta-publica-de-istorie-moderna-romaneasca\\\/#breadcrumb\",\"itemListElement\":[{\"@type\":\"ListItem\",\"position\":1,\"name\":\"Prima pagin\u0103\",\"item\":\"https:\\\/\\\/muzeulgolesti.ro\\\/ro\\\/\"},{\"@type\":\"ListItem\",\"position\":2,\"name\":\"Public conferences on modern Romanian history\"}]},{\"@type\":\"WebSite\",\"@id\":\"https:\\\/\\\/muzeulgolesti.ro\\\/ro\\\/#website\",\"url\":\"https:\\\/\\\/muzeulgolesti.ro\\\/ro\\\/\",\"name\":\"Muzeul Vititculturii si Pomiculturii Golesti\",\"description\":\"Cultura, Etnografie, Istorie - Muzeul Vititculturii si Pomiculturii Golesti\",\"publisher\":{\"@id\":\"https:\\\/\\\/muzeulgolesti.ro\\\/ro\\\/#organization\"},\"potentialAction\":[{\"@type\":\"SearchAction\",\"target\":{\"@type\":\"EntryPoint\",\"urlTemplate\":\"https:\\\/\\\/muzeulgolesti.ro\\\/ro\\\/?s={search_term_string}\"},\"query-input\":{\"@type\":\"PropertyValueSpecification\",\"valueRequired\":true,\"valueName\":\"search_term_string\"}}],\"inLanguage\":\"en-GB\"},{\"@type\":\"Organization\",\"@id\":\"https:\\\/\\\/muzeulgolesti.ro\\\/ro\\\/#organization\",\"name\":\"Muzeul Vititculturii si Pomiculturii Golesti\",\"url\":\"https:\\\/\\\/muzeulgolesti.ro\\\/ro\\\/\",\"logo\":{\"@type\":\"ImageObject\",\"inLanguage\":\"en-GB\",\"@id\":\"https:\\\/\\\/muzeulgolesti.ro\\\/ro\\\/#\\\/schema\\\/logo\\\/image\\\/\",\"url\":\"https:\\\/\\\/muzeulgolesti.ro\\\/wp-content\\\/uploads\\\/2022\\\/11\\\/SiglaMuzeu.jpg\",\"contentUrl\":\"https:\\\/\\\/muzeulgolesti.ro\\\/wp-content\\\/uploads\\\/2022\\\/11\\\/SiglaMuzeu.jpg\",\"width\":86,\"height\":50,\"caption\":\"Muzeul Vititculturii si Pomiculturii Golesti\"},\"image\":{\"@id\":\"https:\\\/\\\/muzeulgolesti.ro\\\/ro\\\/#\\\/schema\\\/logo\\\/image\\\/\"},\"sameAs\":[\"https:\\\/\\\/web.facebook.com\\\/www.muzeulgolesti.ro\"]},{\"@type\":\"Person\",\"@id\":\"https:\\\/\\\/muzeulgolesti.ro\\\/ro\\\/#\\\/schema\\\/person\\\/acff93f78d5f76316eef77f2d28e0539\",\"name\":\"Aurelian\",\"url\":\"https:\\\/\\\/muzeulgolesti.ro\\\/en\\\/author\\\/auras\\\/\"}]}<\/script>\n<!-- \/ Yoast SEO plugin. -->","yoast_head_json":{"title":"Public conferences on modern Romanian history","description":"[:ro]Seminar studen\u021besc \u0219i conferin\u021b\u0103 public\u0103 de istorie modern\u0103 rom\u00e2neasc\u0103[:en]Public conferences on modern Romanian history[:]","robots":{"index":"index","follow":"follow","max-snippet":"max-snippet:-1","max-image-preview":"max-image-preview:large","max-video-preview":"max-video-preview:-1"},"canonical":"https:\/\/muzeulgolesti.ro\/en\/evenimente\/seminar-si-conferinta-publica-de-istorie-moderna-romaneasca\/","og_locale":"en_GB","og_type":"article","og_title":"[:ro]Seminar studen\u021besc \u0219i conferin\u021b\u0103 public\u0103 de istorie modern\u0103 rom\u00e2neasc\u0103[:en]Public conferences on modern Romanian history[:] - Muzeul Viticulturii si Pomiculturii Golesti","og_description":"[:ro]Seminar studen\u021besc \u0219i conferin\u021b\u0103 public\u0103 de istorie modern\u0103 rom\u00e2neasc\u0103[:en]Public conferences on modern Romanian history[:]","og_url":"https:\/\/muzeulgolesti.ro\/en\/evenimente\/seminar-si-conferinta-publica-de-istorie-moderna-romaneasca\/","og_site_name":"Muzeul Viticulturii si Pomiculturii Golesti","article_publisher":"https:\/\/web.facebook.com\/www.muzeulgolesti.ro","article_published_time":"2023-05-02T12:30:48+00:00","article_modified_time":"2023-05-03T11:37:39+00:00","og_image":[{"width":900,"height":506,"url":"https:\/\/muzeulgolesti.ro\/wp-content\/uploads\/2023\/05\/coperta.jpg","type":"image\/jpeg"}],"author":"Aurelian","twitter_card":"summary_large_image","twitter_misc":{"Written by":"Aurelian","Estimated reading time":"1 minute"},"schema":{"@context":"https:\/\/schema.org","@graph":[{"@type":"Article","@id":"https:\/\/muzeulgolesti.ro\/en\/evenimente\/seminar-si-conferinta-publica-de-istorie-moderna-romaneasca\/#article","isPartOf":{"@id":"https:\/\/muzeulgolesti.ro\/en\/evenimente\/seminar-si-conferinta-publica-de-istorie-moderna-romaneasca\/"},"author":{"name":"Aurelian","@id":"https:\/\/muzeulgolesti.ro\/ro\/#\/schema\/person\/acff93f78d5f76316eef77f2d28e0539"},"headline":"Public conferences on modern Romanian history","datePublished":"2023-05-02T12:30:48+00:00","dateModified":"2023-05-03T11:37:39+00:00","mainEntityOfPage":{"@id":"https:\/\/muzeulgolesti.ro\/en\/evenimente\/seminar-si-conferinta-publica-de-istorie-moderna-romaneasca\/"},"wordCount":311,"publisher":{"@id":"https:\/\/muzeulgolesti.ro\/ro\/#organization"},"image":{"@id":"https:\/\/muzeulgolesti.ro\/en\/evenimente\/seminar-si-conferinta-publica-de-istorie-moderna-romaneasca\/#primaryimage"},"thumbnailUrl":"https:\/\/muzeulgolesti.ro\/wp-content\/uploads\/2023\/05\/coperta.jpg","articleSection":["Evenimente"],"inLanguage":"en-GB"},{"@type":"WebPage","@id":"https:\/\/muzeulgolesti.ro\/en\/evenimente\/seminar-si-conferinta-publica-de-istorie-moderna-romaneasca\/","url":"https:\/\/muzeulgolesti.ro\/en\/evenimente\/seminar-si-conferinta-publica-de-istorie-moderna-romaneasca\/","name":"Public conferences on modern Romanian history","isPartOf":{"@id":"https:\/\/muzeulgolesti.ro\/ro\/#website"},"primaryImageOfPage":{"@id":"https:\/\/muzeulgolesti.ro\/en\/evenimente\/seminar-si-conferinta-publica-de-istorie-moderna-romaneasca\/#primaryimage"},"image":{"@id":"https:\/\/muzeulgolesti.ro\/en\/evenimente\/seminar-si-conferinta-publica-de-istorie-moderna-romaneasca\/#primaryimage"},"thumbnailUrl":"https:\/\/muzeulgolesti.ro\/wp-content\/uploads\/2023\/05\/coperta.jpg","datePublished":"2023-05-02T12:30:48+00:00","dateModified":"2023-05-03T11:37:39+00:00","description":"Public conferences on modern Romanian history","breadcrumb":{"@id":"https:\/\/muzeulgolesti.ro\/en\/evenimente\/seminar-si-conferinta-publica-de-istorie-moderna-romaneasca\/#breadcrumb"},"inLanguage":"en-GB","potentialAction":[{"@type":"ReadAction","target":["https:\/\/muzeulgolesti.ro\/en\/evenimente\/seminar-si-conferinta-publica-de-istorie-moderna-romaneasca\/"]}]},{"@type":"ImageObject","inLanguage":"en-GB","@id":"https:\/\/muzeulgolesti.ro\/en\/evenimente\/seminar-si-conferinta-publica-de-istorie-moderna-romaneasca\/#primaryimage","url":"https:\/\/muzeulgolesti.ro\/wp-content\/uploads\/2023\/05\/coperta.jpg","contentUrl":"https:\/\/muzeulgolesti.ro\/wp-content\/uploads\/2023\/05\/coperta.jpg","width":900,"height":506},{"@type":"BreadcrumbList","@id":"https:\/\/muzeulgolesti.ro\/en\/evenimente\/seminar-si-conferinta-publica-de-istorie-moderna-romaneasca\/#breadcrumb","itemListElement":[{"@type":"ListItem","position":1,"name":"Prima pagin\u0103","item":"https:\/\/muzeulgolesti.ro\/ro\/"},{"@type":"ListItem","position":2,"name":"Public conferences on modern Romanian history"}]},{"@type":"WebSite","@id":"https:\/\/muzeulgolesti.ro\/ro\/#website","url":"https:\/\/muzeulgolesti.ro\/ro\/","name":"Muzeul Vititculturii si Pomiculturii Golesti","description":"Cultura, Etnografie, Istorie - Muzeul Vititculturii si Pomiculturii Golesti","publisher":{"@id":"https:\/\/muzeulgolesti.ro\/ro\/#organization"},"potentialAction":[{"@type":"SearchAction","target":{"@type":"EntryPoint","urlTemplate":"https:\/\/muzeulgolesti.ro\/ro\/?s={search_term_string}"},"query-input":{"@type":"PropertyValueSpecification","valueRequired":true,"valueName":"search_term_string"}}],"inLanguage":"en-GB"},{"@type":"Organization","@id":"https:\/\/muzeulgolesti.ro\/ro\/#organization","name":"Muzeul Vititculturii si Pomiculturii Golesti","url":"https:\/\/muzeulgolesti.ro\/ro\/","logo":{"@type":"ImageObject","inLanguage":"en-GB","@id":"https:\/\/muzeulgolesti.ro\/ro\/#\/schema\/logo\/image\/","url":"https:\/\/muzeulgolesti.ro\/wp-content\/uploads\/2022\/11\/SiglaMuzeu.jpg","contentUrl":"https:\/\/muzeulgolesti.ro\/wp-content\/uploads\/2022\/11\/SiglaMuzeu.jpg","width":86,"height":50,"caption":"Muzeul Vititculturii si Pomiculturii Golesti"},"image":{"@id":"https:\/\/muzeulgolesti.ro\/ro\/#\/schema\/logo\/image\/"},"sameAs":["https:\/\/web.facebook.com\/www.muzeulgolesti.ro"]},{"@type":"Person","@id":"https:\/\/muzeulgolesti.ro\/ro\/#\/schema\/person\/acff93f78d5f76316eef77f2d28e0539","name":"Aurelian","url":"https:\/\/muzeulgolesti.ro\/en\/author\/auras\/"}]}},"_links":{"self":[{"href":"https:\/\/muzeulgolesti.ro\/en\/wp-json\/wp\/v2\/posts\/5480","targetHints":{"allow":["GET"]}}],"collection":[{"href":"https:\/\/muzeulgolesti.ro\/en\/wp-json\/wp\/v2\/posts"}],"about":[{"href":"https:\/\/muzeulgolesti.ro\/en\/wp-json\/wp\/v2\/types\/post"}],"author":[{"embeddable":true,"href":"https:\/\/muzeulgolesti.ro\/en\/wp-json\/wp\/v2\/users\/4"}],"replies":[{"embeddable":true,"href":"https:\/\/muzeulgolesti.ro\/en\/wp-json\/wp\/v2\/comments?post=5480"}],"version-history":[{"count":6,"href":"https:\/\/muzeulgolesti.ro\/en\/wp-json\/wp\/v2\/posts\/5480\/revisions"}],"predecessor-version":[{"id":5504,"href":"https:\/\/muzeulgolesti.ro\/en\/wp-json\/wp\/v2\/posts\/5480\/revisions\/5504"}],"wp:featuredmedia":[{"embeddable":true,"href":"https:\/\/muzeulgolesti.ro\/en\/wp-json\/wp\/v2\/media\/5482"}],"wp:attachment":[{"href":"https:\/\/muzeulgolesti.ro\/en\/wp-json\/wp\/v2\/media?parent=5480"}],"wp:term":[{"taxonomy":"category","embeddable":true,"href":"https:\/\/muzeulgolesti.ro\/en\/wp-json\/wp\/v2\/categories?post=5480"},{"taxonomy":"post_tag","embeddable":true,"href":"https:\/\/muzeulgolesti.ro\/en\/wp-json\/wp\/v2\/tags?post=5480"}],"curies":[{"name":"wp","href":"https:\/\/api.w.org\/{rel}","templated":true}]}}