{"id":5516,"date":"2023-05-08T09:05:35","date_gmt":"2023-05-08T09:05:35","guid":{"rendered":"https:\/\/muzeulgolesti.ro\/ro\/?p=5516"},"modified":"2023-05-08T09:07:13","modified_gmt":"2023-05-08T09:07:13","slug":"o-cronica-in-imagini-a-festivalului-istoric-de-la-conacul-golesti-7-mai-2023","status":"publish","type":"post","link":"https:\/\/muzeulgolesti.ro\/en\/stiri\/o-cronica-in-imagini-a-festivalului-istoric-de-la-conacul-golesti-7-mai-2023\/","title":{"rendered":"Photoreport of the Historical Festival at the Gole\u015fti Mansion, May 7, 2023"},"content":{"rendered":"<p><img decoding=\"async\" class=\"alignnone size-full wp-image-5517\" src=\"https:\/\/muzeulgolesti.ro\/wp-content\/uploads\/2023\/05\/Diapozitiv1.jpg\" alt=\"\" width=\"960\" height=\"720\" srcset=\"https:\/\/muzeulgolesti.ro\/wp-content\/uploads\/2023\/05\/Diapozitiv1-200x150.jpg 200w, https:\/\/muzeulgolesti.ro\/wp-content\/uploads\/2023\/05\/Diapozitiv1-360x270.jpg 360w, https:\/\/muzeulgolesti.ro\/wp-content\/uploads\/2023\/05\/Diapozitiv1-400x300.jpg 400w, https:\/\/muzeulgolesti.ro\/wp-content\/uploads\/2023\/05\/Diapozitiv1-600x450.jpg 600w, https:\/\/muzeulgolesti.ro\/wp-content\/uploads\/2023\/05\/Diapozitiv1-768x576.jpg 768w, https:\/\/muzeulgolesti.ro\/wp-content\/uploads\/2023\/05\/Diapozitiv1-800x600.jpg 800w, https:\/\/muzeulgolesti.ro\/wp-content\/uploads\/2023\/05\/Diapozitiv1.jpg 960w\" sizes=\"(max-width: 960px) 100vw, 960px\" \/> <img decoding=\"async\" class=\"alignnone size-full wp-image-5518\" src=\"https:\/\/muzeulgolesti.ro\/wp-content\/uploads\/2023\/05\/Diapozitiv2.jpg\" alt=\"\" width=\"960\" height=\"720\" srcset=\"https:\/\/muzeulgolesti.ro\/wp-content\/uploads\/2023\/05\/Diapozitiv2-200x150.jpg 200w, https:\/\/muzeulgolesti.ro\/wp-content\/uploads\/2023\/05\/Diapozitiv2-360x270.jpg 360w, https:\/\/muzeulgolesti.ro\/wp-content\/uploads\/2023\/05\/Diapozitiv2-400x300.jpg 400w, https:\/\/muzeulgolesti.ro\/wp-content\/uploads\/2023\/05\/Diapozitiv2-600x450.jpg 600w, https:\/\/muzeulgolesti.ro\/wp-content\/uploads\/2023\/05\/Diapozitiv2-768x576.jpg 768w, https:\/\/muzeulgolesti.ro\/wp-content\/uploads\/2023\/05\/Diapozitiv2-800x600.jpg 800w, https:\/\/muzeulgolesti.ro\/wp-content\/uploads\/2023\/05\/Diapozitiv2.jpg 960w\" sizes=\"(max-width: 960px) 100vw, 960px\" \/><\/p>\n","protected":false},"excerpt":{"rendered":"","protected":false},"author":4,"featured_media":5519,"comment_status":"closed","ping_status":"closed","sticky":false,"template":"","format":"standard","meta":{"footnotes":""},"categories":[54],"tags":[],"class_list":["post-5516","post","type-post","status-publish","format-standard","has-post-thumbnail","hentry","category-stiri"],"yoast_head":"<!-- This site is optimized with the Yoast SEO plugin v27.5 - https:\/\/yoast.com\/product\/yoast-seo-wordpress\/ -->\n<title>Photoreport of the Historical Festival at the Gole\u015fti Mansion, May 7, 2023<\/title>\n<meta name=\"description\" content=\"Photoreport of the Historical Festival at the Gole\u015fti Mansion, May 7, 2023\" \/>\n<meta name=\"robots\" content=\"index, follow, max-snippet:-1, max-image-preview:large, max-video-preview:-1\" \/>\n<link rel=\"canonical\" href=\"https:\/\/muzeulgolesti.ro\/en\/stiri\/o-cronica-in-imagini-a-festivalului-istoric-de-la-conacul-golesti-7-mai-2023\/\" \/>\n<meta property=\"og:locale\" content=\"en_GB\" \/>\n<meta property=\"og:locale:alternate\" content=\"ro_RO\" \/>\n<meta property=\"og:type\" content=\"article\" \/>\n<meta property=\"og:title\" content=\"Photoreport of the Historical Festival at the Gole\u015fti Mansion, May 7, 2023\" \/>\n<meta property=\"og:description\" content=\"Photoreport of the Historical Festival at the Gole\u015fti Mansion, May 7, 2023\" \/>\n<meta property=\"og:url\" content=\"https:\/\/muzeulgolesti.ro\/en\/stiri\/o-cronica-in-imagini-a-festivalului-istoric-de-la-conacul-golesti-7-mai-2023\/\" \/>\n<meta property=\"og:site_name\" content=\"Muzeul Viticulturii si Pomiculturii Golesti\" \/>\n<meta property=\"article:publisher\" content=\"https:\/\/web.facebook.com\/www.muzeulgolesti.ro\" \/>\n<meta property=\"article:published_time\" content=\"2023-05-08T09:05:35+00:00\" \/>\n<meta property=\"article:modified_time\" content=\"2023-05-08T09:07:13+00:00\" \/>\n<meta property=\"og:image\" content=\"https:\/\/muzeulgolesti.ro\/wp-content\/uploads\/2023\/05\/coperta-stire.jpg\" \/>\n\t<meta property=\"og:image:width\" content=\"900\" \/>\n\t<meta property=\"og:image:height\" content=\"506\" \/>\n\t<meta property=\"og:image:type\" content=\"image\/jpeg\" \/>\n<meta name=\"author\" content=\"Aurelian\" \/>\n<meta name=\"twitter:card\" content=\"summary_large_image\" \/>\n<meta name=\"twitter:label1\" content=\"Written by\" \/>\n\t<meta name=\"twitter:data1\" content=\"Aurelian\" \/>\n\t<meta name=\"twitter:label2\" content=\"Estimated reading time\" \/>\n\t<meta name=\"twitter:data2\" content=\"1 minute\" \/>\n<script type=\"application\/ld+json\" class=\"yoast-schema-graph\">{\"@context\":\"https:\\\/\\\/schema.org\",\"@graph\":[{\"@type\":\"Article\",\"@id\":\"https:\\\/\\\/muzeulgolesti.ro\\\/en\\\/stiri\\\/o-cronica-in-imagini-a-festivalului-istoric-de-la-conacul-golesti-7-mai-2023\\\/#article\",\"isPartOf\":{\"@id\":\"https:\\\/\\\/muzeulgolesti.ro\\\/en\\\/stiri\\\/o-cronica-in-imagini-a-festivalului-istoric-de-la-conacul-golesti-7-mai-2023\\\/\"},\"author\":{\"name\":\"Aurelian\",\"@id\":\"https:\\\/\\\/muzeulgolesti.ro\\\/ro\\\/#\\\/schema\\\/person\\\/acff93f78d5f76316eef77f2d28e0539\"},\"headline\":\"Photoreport of the Historical Festival at the Gole\u015fti Mansion, May 7, 2023\",\"datePublished\":\"2023-05-08T09:05:35+00:00\",\"dateModified\":\"2023-05-08T09:07:13+00:00\",\"mainEntityOfPage\":{\"@id\":\"https:\\\/\\\/muzeulgolesti.ro\\\/en\\\/stiri\\\/o-cronica-in-imagini-a-festivalului-istoric-de-la-conacul-golesti-7-mai-2023\\\/\"},\"wordCount\":28,\"publisher\":{\"@id\":\"https:\\\/\\\/muzeulgolesti.ro\\\/ro\\\/#organization\"},\"image\":{\"@id\":\"https:\\\/\\\/muzeulgolesti.ro\\\/en\\\/stiri\\\/o-cronica-in-imagini-a-festivalului-istoric-de-la-conacul-golesti-7-mai-2023\\\/#primaryimage\"},\"thumbnailUrl\":\"https:\\\/\\\/muzeulgolesti.ro\\\/wp-content\\\/uploads\\\/2023\\\/05\\\/coperta-stire.jpg\",\"articleSection\":[\"Stiri\"],\"inLanguage\":\"en-GB\"},{\"@type\":\"WebPage\",\"@id\":\"https:\\\/\\\/muzeulgolesti.ro\\\/en\\\/stiri\\\/o-cronica-in-imagini-a-festivalului-istoric-de-la-conacul-golesti-7-mai-2023\\\/\",\"url\":\"https:\\\/\\\/muzeulgolesti.ro\\\/en\\\/stiri\\\/o-cronica-in-imagini-a-festivalului-istoric-de-la-conacul-golesti-7-mai-2023\\\/\",\"name\":\"Photoreport of the Historical Festival at the Gole\u015fti Mansion, May 7, 2023\",\"isPartOf\":{\"@id\":\"https:\\\/\\\/muzeulgolesti.ro\\\/ro\\\/#website\"},\"primaryImageOfPage\":{\"@id\":\"https:\\\/\\\/muzeulgolesti.ro\\\/en\\\/stiri\\\/o-cronica-in-imagini-a-festivalului-istoric-de-la-conacul-golesti-7-mai-2023\\\/#primaryimage\"},\"image\":{\"@id\":\"https:\\\/\\\/muzeulgolesti.ro\\\/en\\\/stiri\\\/o-cronica-in-imagini-a-festivalului-istoric-de-la-conacul-golesti-7-mai-2023\\\/#primaryimage\"},\"thumbnailUrl\":\"https:\\\/\\\/muzeulgolesti.ro\\\/wp-content\\\/uploads\\\/2023\\\/05\\\/coperta-stire.jpg\",\"datePublished\":\"2023-05-08T09:05:35+00:00\",\"dateModified\":\"2023-05-08T09:07:13+00:00\",\"description\":\"Photoreport of the Historical Festival at the Gole\u015fti Mansion, May 7, 2023\",\"breadcrumb\":{\"@id\":\"https:\\\/\\\/muzeulgolesti.ro\\\/en\\\/stiri\\\/o-cronica-in-imagini-a-festivalului-istoric-de-la-conacul-golesti-7-mai-2023\\\/#breadcrumb\"},\"inLanguage\":\"en-GB\",\"potentialAction\":[{\"@type\":\"ReadAction\",\"target\":[\"https:\\\/\\\/muzeulgolesti.ro\\\/en\\\/stiri\\\/o-cronica-in-imagini-a-festivalului-istoric-de-la-conacul-golesti-7-mai-2023\\\/\"]}]},{\"@type\":\"ImageObject\",\"inLanguage\":\"en-GB\",\"@id\":\"https:\\\/\\\/muzeulgolesti.ro\\\/en\\\/stiri\\\/o-cronica-in-imagini-a-festivalului-istoric-de-la-conacul-golesti-7-mai-2023\\\/#primaryimage\",\"url\":\"https:\\\/\\\/muzeulgolesti.ro\\\/wp-content\\\/uploads\\\/2023\\\/05\\\/coperta-stire.jpg\",\"contentUrl\":\"https:\\\/\\\/muzeulgolesti.ro\\\/wp-content\\\/uploads\\\/2023\\\/05\\\/coperta-stire.jpg\",\"width\":900,\"height\":506},{\"@type\":\"BreadcrumbList\",\"@id\":\"https:\\\/\\\/muzeulgolesti.ro\\\/en\\\/stiri\\\/o-cronica-in-imagini-a-festivalului-istoric-de-la-conacul-golesti-7-mai-2023\\\/#breadcrumb\",\"itemListElement\":[{\"@type\":\"ListItem\",\"position\":1,\"name\":\"Prima pagin\u0103\",\"item\":\"https:\\\/\\\/muzeulgolesti.ro\\\/ro\\\/\"},{\"@type\":\"ListItem\",\"position\":2,\"name\":\"Photoreport of the Historical Festival at the Gole\u015fti Mansion, May 7, 2023\"}]},{\"@type\":\"WebSite\",\"@id\":\"https:\\\/\\\/muzeulgolesti.ro\\\/ro\\\/#website\",\"url\":\"https:\\\/\\\/muzeulgolesti.ro\\\/ro\\\/\",\"name\":\"Muzeul Vititculturii si Pomiculturii Golesti\",\"description\":\"Cultura, Etnografie, Istorie - Muzeul Vititculturii si Pomiculturii Golesti\",\"publisher\":{\"@id\":\"https:\\\/\\\/muzeulgolesti.ro\\\/ro\\\/#organization\"},\"potentialAction\":[{\"@type\":\"SearchAction\",\"target\":{\"@type\":\"EntryPoint\",\"urlTemplate\":\"https:\\\/\\\/muzeulgolesti.ro\\\/ro\\\/?s={search_term_string}\"},\"query-input\":{\"@type\":\"PropertyValueSpecification\",\"valueRequired\":true,\"valueName\":\"search_term_string\"}}],\"inLanguage\":\"en-GB\"},{\"@type\":\"Organization\",\"@id\":\"https:\\\/\\\/muzeulgolesti.ro\\\/ro\\\/#organization\",\"name\":\"Muzeul Vititculturii si Pomiculturii Golesti\",\"url\":\"https:\\\/\\\/muzeulgolesti.ro\\\/ro\\\/\",\"logo\":{\"@type\":\"ImageObject\",\"inLanguage\":\"en-GB\",\"@id\":\"https:\\\/\\\/muzeulgolesti.ro\\\/ro\\\/#\\\/schema\\\/logo\\\/image\\\/\",\"url\":\"https:\\\/\\\/muzeulgolesti.ro\\\/wp-content\\\/uploads\\\/2022\\\/11\\\/SiglaMuzeu.jpg\",\"contentUrl\":\"https:\\\/\\\/muzeulgolesti.ro\\\/wp-content\\\/uploads\\\/2022\\\/11\\\/SiglaMuzeu.jpg\",\"width\":86,\"height\":50,\"caption\":\"Muzeul Vititculturii si Pomiculturii Golesti\"},\"image\":{\"@id\":\"https:\\\/\\\/muzeulgolesti.ro\\\/ro\\\/#\\\/schema\\\/logo\\\/image\\\/\"},\"sameAs\":[\"https:\\\/\\\/web.facebook.com\\\/www.muzeulgolesti.ro\"]},{\"@type\":\"Person\",\"@id\":\"https:\\\/\\\/muzeulgolesti.ro\\\/ro\\\/#\\\/schema\\\/person\\\/acff93f78d5f76316eef77f2d28e0539\",\"name\":\"Aurelian\",\"url\":\"https:\\\/\\\/muzeulgolesti.ro\\\/en\\\/author\\\/auras\\\/\"}]}<\/script>\n<!-- \/ Yoast SEO plugin. -->","yoast_head_json":{"title":"Photoreport of the Historical Festival at the Gole\u015fti Mansion, May 7, 2023","description":"[:ro]O cronic\u0103 \u00een imagini a Festivalului istoric de la conacul Gole\u0219ti, 7 mai 2023[:en]Photoreport of the Historical Festival at the Gole\u015fti Mansion, May 7, 2023[:]","robots":{"index":"index","follow":"follow","max-snippet":"max-snippet:-1","max-image-preview":"max-image-preview:large","max-video-preview":"max-video-preview:-1"},"canonical":"https:\/\/muzeulgolesti.ro\/en\/stiri\/o-cronica-in-imagini-a-festivalului-istoric-de-la-conacul-golesti-7-mai-2023\/","og_locale":"en_GB","og_type":"article","og_title":"[:ro]O cronic\u0103 \u00een imagini a Festivalului istoric de la conacul Gole\u0219ti, 7 mai 2023[:en]Photoreport of the Historical Festival at the Gole\u015fti Mansion, May 7, 2023[:] - Muzeul Viticulturii si Pomiculturii Golesti","og_description":"[:ro]O cronic\u0103 \u00een imagini a Festivalului istoric de la conacul Gole\u0219ti, 7 mai 2023[:en]Photoreport of the Historical Festival at the Gole\u015fti Mansion, May 7, 2023[:]","og_url":"https:\/\/muzeulgolesti.ro\/en\/stiri\/o-cronica-in-imagini-a-festivalului-istoric-de-la-conacul-golesti-7-mai-2023\/","og_site_name":"Muzeul Viticulturii si Pomiculturii Golesti","article_publisher":"https:\/\/web.facebook.com\/www.muzeulgolesti.ro","article_published_time":"2023-05-08T09:05:35+00:00","article_modified_time":"2023-05-08T09:07:13+00:00","og_image":[{"width":900,"height":506,"url":"https:\/\/muzeulgolesti.ro\/wp-content\/uploads\/2023\/05\/coperta-stire.jpg","type":"image\/jpeg"}],"author":"Aurelian","twitter_card":"summary_large_image","twitter_misc":{"Written by":"Aurelian","Estimated reading time":"1 minute"},"schema":{"@context":"https:\/\/schema.org","@graph":[{"@type":"Article","@id":"https:\/\/muzeulgolesti.ro\/en\/stiri\/o-cronica-in-imagini-a-festivalului-istoric-de-la-conacul-golesti-7-mai-2023\/#article","isPartOf":{"@id":"https:\/\/muzeulgolesti.ro\/en\/stiri\/o-cronica-in-imagini-a-festivalului-istoric-de-la-conacul-golesti-7-mai-2023\/"},"author":{"name":"Aurelian","@id":"https:\/\/muzeulgolesti.ro\/ro\/#\/schema\/person\/acff93f78d5f76316eef77f2d28e0539"},"headline":"Photoreport of the Historical Festival at the Gole\u015fti Mansion, May 7, 2023","datePublished":"2023-05-08T09:05:35+00:00","dateModified":"2023-05-08T09:07:13+00:00","mainEntityOfPage":{"@id":"https:\/\/muzeulgolesti.ro\/en\/stiri\/o-cronica-in-imagini-a-festivalului-istoric-de-la-conacul-golesti-7-mai-2023\/"},"wordCount":28,"publisher":{"@id":"https:\/\/muzeulgolesti.ro\/ro\/#organization"},"image":{"@id":"https:\/\/muzeulgolesti.ro\/en\/stiri\/o-cronica-in-imagini-a-festivalului-istoric-de-la-conacul-golesti-7-mai-2023\/#primaryimage"},"thumbnailUrl":"https:\/\/muzeulgolesti.ro\/wp-content\/uploads\/2023\/05\/coperta-stire.jpg","articleSection":["Stiri"],"inLanguage":"en-GB"},{"@type":"WebPage","@id":"https:\/\/muzeulgolesti.ro\/en\/stiri\/o-cronica-in-imagini-a-festivalului-istoric-de-la-conacul-golesti-7-mai-2023\/","url":"https:\/\/muzeulgolesti.ro\/en\/stiri\/o-cronica-in-imagini-a-festivalului-istoric-de-la-conacul-golesti-7-mai-2023\/","name":"Photoreport of the Historical Festival at the Gole\u015fti Mansion, May 7, 2023","isPartOf":{"@id":"https:\/\/muzeulgolesti.ro\/ro\/#website"},"primaryImageOfPage":{"@id":"https:\/\/muzeulgolesti.ro\/en\/stiri\/o-cronica-in-imagini-a-festivalului-istoric-de-la-conacul-golesti-7-mai-2023\/#primaryimage"},"image":{"@id":"https:\/\/muzeulgolesti.ro\/en\/stiri\/o-cronica-in-imagini-a-festivalului-istoric-de-la-conacul-golesti-7-mai-2023\/#primaryimage"},"thumbnailUrl":"https:\/\/muzeulgolesti.ro\/wp-content\/uploads\/2023\/05\/coperta-stire.jpg","datePublished":"2023-05-08T09:05:35+00:00","dateModified":"2023-05-08T09:07:13+00:00","description":"Photoreport of the Historical Festival at the Gole\u015fti Mansion, May 7, 2023","breadcrumb":{"@id":"https:\/\/muzeulgolesti.ro\/en\/stiri\/o-cronica-in-imagini-a-festivalului-istoric-de-la-conacul-golesti-7-mai-2023\/#breadcrumb"},"inLanguage":"en-GB","potentialAction":[{"@type":"ReadAction","target":["https:\/\/muzeulgolesti.ro\/en\/stiri\/o-cronica-in-imagini-a-festivalului-istoric-de-la-conacul-golesti-7-mai-2023\/"]}]},{"@type":"ImageObject","inLanguage":"en-GB","@id":"https:\/\/muzeulgolesti.ro\/en\/stiri\/o-cronica-in-imagini-a-festivalului-istoric-de-la-conacul-golesti-7-mai-2023\/#primaryimage","url":"https:\/\/muzeulgolesti.ro\/wp-content\/uploads\/2023\/05\/coperta-stire.jpg","contentUrl":"https:\/\/muzeulgolesti.ro\/wp-content\/uploads\/2023\/05\/coperta-stire.jpg","width":900,"height":506},{"@type":"BreadcrumbList","@id":"https:\/\/muzeulgolesti.ro\/en\/stiri\/o-cronica-in-imagini-a-festivalului-istoric-de-la-conacul-golesti-7-mai-2023\/#breadcrumb","itemListElement":[{"@type":"ListItem","position":1,"name":"Prima pagin\u0103","item":"https:\/\/muzeulgolesti.ro\/ro\/"},{"@type":"ListItem","position":2,"name":"Photoreport of the Historical Festival at the Gole\u015fti Mansion, May 7, 2023"}]},{"@type":"WebSite","@id":"https:\/\/muzeulgolesti.ro\/ro\/#website","url":"https:\/\/muzeulgolesti.ro\/ro\/","name":"Muzeul Vititculturii si Pomiculturii Golesti","description":"Cultura, Etnografie, Istorie - Muzeul Vititculturii si Pomiculturii Golesti","publisher":{"@id":"https:\/\/muzeulgolesti.ro\/ro\/#organization"},"potentialAction":[{"@type":"SearchAction","target":{"@type":"EntryPoint","urlTemplate":"https:\/\/muzeulgolesti.ro\/ro\/?s={search_term_string}"},"query-input":{"@type":"PropertyValueSpecification","valueRequired":true,"valueName":"search_term_string"}}],"inLanguage":"en-GB"},{"@type":"Organization","@id":"https:\/\/muzeulgolesti.ro\/ro\/#organization","name":"Muzeul Vititculturii si Pomiculturii Golesti","url":"https:\/\/muzeulgolesti.ro\/ro\/","logo":{"@type":"ImageObject","inLanguage":"en-GB","@id":"https:\/\/muzeulgolesti.ro\/ro\/#\/schema\/logo\/image\/","url":"https:\/\/muzeulgolesti.ro\/wp-content\/uploads\/2022\/11\/SiglaMuzeu.jpg","contentUrl":"https:\/\/muzeulgolesti.ro\/wp-content\/uploads\/2022\/11\/SiglaMuzeu.jpg","width":86,"height":50,"caption":"Muzeul Vititculturii si Pomiculturii Golesti"},"image":{"@id":"https:\/\/muzeulgolesti.ro\/ro\/#\/schema\/logo\/image\/"},"sameAs":["https:\/\/web.facebook.com\/www.muzeulgolesti.ro"]},{"@type":"Person","@id":"https:\/\/muzeulgolesti.ro\/ro\/#\/schema\/person\/acff93f78d5f76316eef77f2d28e0539","name":"Aurelian","url":"https:\/\/muzeulgolesti.ro\/en\/author\/auras\/"}]}},"_links":{"self":[{"href":"https:\/\/muzeulgolesti.ro\/en\/wp-json\/wp\/v2\/posts\/5516","targetHints":{"allow":["GET"]}}],"collection":[{"href":"https:\/\/muzeulgolesti.ro\/en\/wp-json\/wp\/v2\/posts"}],"about":[{"href":"https:\/\/muzeulgolesti.ro\/en\/wp-json\/wp\/v2\/types\/post"}],"author":[{"embeddable":true,"href":"https:\/\/muzeulgolesti.ro\/en\/wp-json\/wp\/v2\/users\/4"}],"replies":[{"embeddable":true,"href":"https:\/\/muzeulgolesti.ro\/en\/wp-json\/wp\/v2\/comments?post=5516"}],"version-history":[{"count":2,"href":"https:\/\/muzeulgolesti.ro\/en\/wp-json\/wp\/v2\/posts\/5516\/revisions"}],"predecessor-version":[{"id":5521,"href":"https:\/\/muzeulgolesti.ro\/en\/wp-json\/wp\/v2\/posts\/5516\/revisions\/5521"}],"wp:featuredmedia":[{"embeddable":true,"href":"https:\/\/muzeulgolesti.ro\/en\/wp-json\/wp\/v2\/media\/5519"}],"wp:attachment":[{"href":"https:\/\/muzeulgolesti.ro\/en\/wp-json\/wp\/v2\/media?parent=5516"}],"wp:term":[{"taxonomy":"category","embeddable":true,"href":"https:\/\/muzeulgolesti.ro\/en\/wp-json\/wp\/v2\/categories?post=5516"},{"taxonomy":"post_tag","embeddable":true,"href":"https:\/\/muzeulgolesti.ro\/en\/wp-json\/wp\/v2\/tags?post=5516"}],"curies":[{"name":"wp","href":"https:\/\/api.w.org\/{rel}","templated":true}]}}