{"id":6137,"date":"2024-02-12T12:44:28","date_gmt":"2024-02-12T12:44:28","guid":{"rendered":"https:\/\/muzeulgolesti.ro\/ro\/?p=6137"},"modified":"2024-02-12T13:01:06","modified_gmt":"2024-02-12T13:01:06","slug":"expozitie-ion-fuscel-doar-oameni","status":"publish","type":"post","link":"https:\/\/muzeulgolesti.ro\/en\/evenimente\/expozitie-ion-fuscel-doar-oameni\/","title":{"rendered":"\u201eOnly people&#8230;\u201d by Ion Fu\u0219cel"},"content":{"rendered":"<p><img decoding=\"async\" class=\"aligncenter size-medium wp-image-6138\" src=\"https:\/\/muzeulgolesti.ro\/wp-content\/uploads\/2024\/02\/Ion-Fuscel-afis-vernisaj-carmen-oprescu-270x360.jpg\" alt=\"\" width=\"270\" height=\"360\" srcset=\"https:\/\/muzeulgolesti.ro\/wp-content\/uploads\/2024\/02\/Ion-Fuscel-afis-vernisaj-carmen-oprescu-200x267.jpg 200w, https:\/\/muzeulgolesti.ro\/wp-content\/uploads\/2024\/02\/Ion-Fuscel-afis-vernisaj-carmen-oprescu-270x360.jpg 270w, https:\/\/muzeulgolesti.ro\/wp-content\/uploads\/2024\/02\/Ion-Fuscel-afis-vernisaj-carmen-oprescu-400x533.jpg 400w, https:\/\/muzeulgolesti.ro\/wp-content\/uploads\/2024\/02\/Ion-Fuscel-afis-vernisaj-carmen-oprescu-600x800.jpg 600w, https:\/\/muzeulgolesti.ro\/wp-content\/uploads\/2024\/02\/Ion-Fuscel-afis-vernisaj-carmen-oprescu-768x1024.jpg 768w, https:\/\/muzeulgolesti.ro\/wp-content\/uploads\/2024\/02\/Ion-Fuscel-afis-vernisaj-carmen-oprescu-800x1067.jpg 800w, https:\/\/muzeulgolesti.ro\/wp-content\/uploads\/2024\/02\/Ion-Fuscel-afis-vernisaj-carmen-oprescu-975x1300.jpg 975w, https:\/\/muzeulgolesti.ro\/wp-content\/uploads\/2024\/02\/Ion-Fuscel-afis-vernisaj-carmen-oprescu.jpg 1008w\" sizes=\"(max-width: 270px) 100vw, 270px\" \/><\/p>\n<p>On Thursday, February 15, 2024, at the Gole\u0219ti Museum, in the space called Bolni\u021ba Marelui Ban Radu Golescu, a graphic exhibition of a young and very promising plastic artist from C\u00e2mpulung will open. Ion Fu\u0219cel, invites us to discover \u201eOnly people&#8230;\u201d, faces of all ages, which are carriers of dreams, ideals, joys, pains. A whole physiognomic and psychological palette is addressed by this promising artist. He is a graduate of the University of Pitesti, majoring in Sacred Art, and has a master&#8217;s degree in icon, mural and easel painting specialization. Ion Fu\u0219cel exhibited works during the student period at various openings together with the collective from Art\u0103 Sacr\u0103. He participated in collective projects such as ARTEC, financed by the EU through the Creative Europe program, in the company of established artists, on which occasion he exhibited in partnership in C\u00e2mpulung, Cluj-Napoca and Brussels.<\/p>\n<p>As a restorer, he worked on no less than 10 mural painting and fresco restoration sites on the sites in Br\u0103ila, Prahova-C\u00e2mpina, R\u00e2mnicu V\u00e2lcea-B\u00e0rb\u0103\u021bi, P\u0103trunsa, Arge\u0219-R\u0103de\u0219ti, Ilfov-Cernica. Since 2016, he has been active at the C\u00e2mpulung Municipal Museum as a restorer, but also as an artistic pedagogue, participating in countless creative workshops and related activities.<\/p>\n<p>A presentation of the artist is given to us by Mrs. Dr. Carmen Oprescu, art critic: &#8220;I have known Mr. Ion Fu\u0219cel since he was my student at Restoration &#8211; Sacred Art. A hard-working, studious student, modest in all circumstances, integrated into a wonderful group of young people who shared equivalent moral values and very strongly assimilated in their personality. Ion Fu\u0219cel, however, had a special sensitivity in all directions: in behavior, in studies in the workshop, in studies of theoretical subjects. I especially remember his reports on aesthetics, based on deep readings, a very special understanding and intuition. They are qualities that I am sure he has kept even today, for which the present exhibition, his first personal exhibition, which I think came so late, only out of an excess of modesty, is a testimony to them.&#8221;<\/p>\n<p>We are waiting for you on Thursday, February 15, 2024, from 12.00 to join us at the opening of this beautiful exhibition, at the headquarters of the Gole\u0219ti Museum.<\/p>\n","protected":false},"excerpt":{"rendered":"<p>On Thursday, February 15, 2024, at the Gole\u0219ti Museum, in the space called Bolni\u021ba Marelui Ban Radu Golescu, a graphic exhibition of a young and very promising plastic artist from  [&#8230;]<\/p>\n","protected":false},"author":5,"featured_media":6139,"comment_status":"closed","ping_status":"closed","sticky":false,"template":"","format":"standard","meta":{"footnotes":""},"categories":[1],"tags":[],"class_list":["post-6137","post","type-post","status-publish","format-standard","has-post-thumbnail","hentry","category-evenimente"],"yoast_head":"<!-- This site is optimized with the Yoast SEO plugin v27.5 - https:\/\/yoast.com\/product\/yoast-seo-wordpress\/ -->\n<title>\u201eOnly people...\u201d by Ion Fu\u0219cel<\/title>\n<meta name=\"description\" content=\"\u201eOnly people...\u201d by Ion Fu\u0219cel\" \/>\n<meta name=\"robots\" content=\"index, follow, max-snippet:-1, max-image-preview:large, max-video-preview:-1\" \/>\n<link rel=\"canonical\" href=\"https:\/\/muzeulgolesti.ro\/en\/evenimente\/expozitie-ion-fuscel-doar-oameni\/\" \/>\n<meta property=\"og:locale\" content=\"en_GB\" \/>\n<meta property=\"og:locale:alternate\" content=\"ro_RO\" \/>\n<meta property=\"og:type\" content=\"article\" \/>\n<meta property=\"og:title\" content=\"\u201eOnly people...\u201d by Ion Fu\u0219cel\" \/>\n<meta property=\"og:description\" content=\"\u201eOnly people...\u201d by Ion Fu\u0219cel\" \/>\n<meta property=\"og:url\" content=\"https:\/\/muzeulgolesti.ro\/en\/evenimente\/expozitie-ion-fuscel-doar-oameni\/\" \/>\n<meta property=\"og:site_name\" content=\"Muzeul Viticulturii si Pomiculturii Golesti\" \/>\n<meta property=\"article:publisher\" content=\"https:\/\/web.facebook.com\/www.muzeulgolesti.ro\" \/>\n<meta property=\"article:published_time\" content=\"2024-02-12T12:44:28+00:00\" \/>\n<meta property=\"article:modified_time\" content=\"2024-02-12T13:01:06+00:00\" \/>\n<meta property=\"og:image\" content=\"https:\/\/muzeulgolesti.ro\/wp-content\/uploads\/2024\/02\/coperta-site-1.jpg\" \/>\n\t<meta property=\"og:image:width\" content=\"900\" \/>\n\t<meta property=\"og:image:height\" content=\"508\" \/>\n\t<meta property=\"og:image:type\" content=\"image\/jpeg\" \/>\n<meta name=\"author\" content=\"Camelia C\u0103lin\" \/>\n<meta name=\"twitter:card\" content=\"summary_large_image\" \/>\n<meta name=\"twitter:label1\" content=\"Written by\" \/>\n\t<meta name=\"twitter:data1\" content=\"Camelia C\u0103lin\" \/>\n\t<meta name=\"twitter:label2\" content=\"Estimated reading time\" \/>\n\t<meta name=\"twitter:data2\" content=\"3 minutes\" \/>\n<script type=\"application\/ld+json\" class=\"yoast-schema-graph\">{\"@context\":\"https:\\\/\\\/schema.org\",\"@graph\":[{\"@type\":\"Article\",\"@id\":\"https:\\\/\\\/muzeulgolesti.ro\\\/en\\\/evenimente\\\/expozitie-ion-fuscel-doar-oameni\\\/#article\",\"isPartOf\":{\"@id\":\"https:\\\/\\\/muzeulgolesti.ro\\\/en\\\/evenimente\\\/expozitie-ion-fuscel-doar-oameni\\\/\"},\"author\":{\"name\":\"Camelia C\u0103lin\",\"@id\":\"https:\\\/\\\/muzeulgolesti.ro\\\/ro\\\/#\\\/schema\\\/person\\\/10f7278cf5f9da102e4cf1f75f098e5c\"},\"headline\":\"\u201eOnly people&#8230;\u201d by Ion Fu\u0219cel\",\"datePublished\":\"2024-02-12T12:44:28+00:00\",\"dateModified\":\"2024-02-12T13:01:06+00:00\",\"mainEntityOfPage\":{\"@id\":\"https:\\\/\\\/muzeulgolesti.ro\\\/en\\\/evenimente\\\/expozitie-ion-fuscel-doar-oameni\\\/\"},\"wordCount\":797,\"publisher\":{\"@id\":\"https:\\\/\\\/muzeulgolesti.ro\\\/ro\\\/#organization\"},\"image\":{\"@id\":\"https:\\\/\\\/muzeulgolesti.ro\\\/en\\\/evenimente\\\/expozitie-ion-fuscel-doar-oameni\\\/#primaryimage\"},\"thumbnailUrl\":\"https:\\\/\\\/muzeulgolesti.ro\\\/wp-content\\\/uploads\\\/2024\\\/02\\\/coperta-site-1.jpg\",\"articleSection\":[\"Evenimente\"],\"inLanguage\":\"en-GB\"},{\"@type\":\"WebPage\",\"@id\":\"https:\\\/\\\/muzeulgolesti.ro\\\/en\\\/evenimente\\\/expozitie-ion-fuscel-doar-oameni\\\/\",\"url\":\"https:\\\/\\\/muzeulgolesti.ro\\\/en\\\/evenimente\\\/expozitie-ion-fuscel-doar-oameni\\\/\",\"name\":\"\u201eOnly people...\u201d by Ion Fu\u0219cel\",\"isPartOf\":{\"@id\":\"https:\\\/\\\/muzeulgolesti.ro\\\/ro\\\/#website\"},\"primaryImageOfPage\":{\"@id\":\"https:\\\/\\\/muzeulgolesti.ro\\\/en\\\/evenimente\\\/expozitie-ion-fuscel-doar-oameni\\\/#primaryimage\"},\"image\":{\"@id\":\"https:\\\/\\\/muzeulgolesti.ro\\\/en\\\/evenimente\\\/expozitie-ion-fuscel-doar-oameni\\\/#primaryimage\"},\"thumbnailUrl\":\"https:\\\/\\\/muzeulgolesti.ro\\\/wp-content\\\/uploads\\\/2024\\\/02\\\/coperta-site-1.jpg\",\"datePublished\":\"2024-02-12T12:44:28+00:00\",\"dateModified\":\"2024-02-12T13:01:06+00:00\",\"description\":\"\u201eOnly people...\u201d by Ion Fu\u0219cel\",\"breadcrumb\":{\"@id\":\"https:\\\/\\\/muzeulgolesti.ro\\\/en\\\/evenimente\\\/expozitie-ion-fuscel-doar-oameni\\\/#breadcrumb\"},\"inLanguage\":\"en-GB\",\"potentialAction\":[{\"@type\":\"ReadAction\",\"target\":[\"https:\\\/\\\/muzeulgolesti.ro\\\/en\\\/evenimente\\\/expozitie-ion-fuscel-doar-oameni\\\/\"]}]},{\"@type\":\"ImageObject\",\"inLanguage\":\"en-GB\",\"@id\":\"https:\\\/\\\/muzeulgolesti.ro\\\/en\\\/evenimente\\\/expozitie-ion-fuscel-doar-oameni\\\/#primaryimage\",\"url\":\"https:\\\/\\\/muzeulgolesti.ro\\\/wp-content\\\/uploads\\\/2024\\\/02\\\/coperta-site-1.jpg\",\"contentUrl\":\"https:\\\/\\\/muzeulgolesti.ro\\\/wp-content\\\/uploads\\\/2024\\\/02\\\/coperta-site-1.jpg\",\"width\":900,\"height\":508},{\"@type\":\"BreadcrumbList\",\"@id\":\"https:\\\/\\\/muzeulgolesti.ro\\\/en\\\/evenimente\\\/expozitie-ion-fuscel-doar-oameni\\\/#breadcrumb\",\"itemListElement\":[{\"@type\":\"ListItem\",\"position\":1,\"name\":\"Prima pagin\u0103\",\"item\":\"https:\\\/\\\/muzeulgolesti.ro\\\/ro\\\/\"},{\"@type\":\"ListItem\",\"position\":2,\"name\":\"\u201eOnly people&#8230;\u201d by Ion Fu\u0219cel\"}]},{\"@type\":\"WebSite\",\"@id\":\"https:\\\/\\\/muzeulgolesti.ro\\\/ro\\\/#website\",\"url\":\"https:\\\/\\\/muzeulgolesti.ro\\\/ro\\\/\",\"name\":\"Muzeul Vititculturii si Pomiculturii Golesti\",\"description\":\"Cultura, Etnografie, Istorie - Muzeul Vititculturii si Pomiculturii Golesti\",\"publisher\":{\"@id\":\"https:\\\/\\\/muzeulgolesti.ro\\\/ro\\\/#organization\"},\"potentialAction\":[{\"@type\":\"SearchAction\",\"target\":{\"@type\":\"EntryPoint\",\"urlTemplate\":\"https:\\\/\\\/muzeulgolesti.ro\\\/ro\\\/?s={search_term_string}\"},\"query-input\":{\"@type\":\"PropertyValueSpecification\",\"valueRequired\":true,\"valueName\":\"search_term_string\"}}],\"inLanguage\":\"en-GB\"},{\"@type\":\"Organization\",\"@id\":\"https:\\\/\\\/muzeulgolesti.ro\\\/ro\\\/#organization\",\"name\":\"Muzeul Vititculturii si Pomiculturii Golesti\",\"url\":\"https:\\\/\\\/muzeulgolesti.ro\\\/ro\\\/\",\"logo\":{\"@type\":\"ImageObject\",\"inLanguage\":\"en-GB\",\"@id\":\"https:\\\/\\\/muzeulgolesti.ro\\\/ro\\\/#\\\/schema\\\/logo\\\/image\\\/\",\"url\":\"https:\\\/\\\/muzeulgolesti.ro\\\/wp-content\\\/uploads\\\/2022\\\/11\\\/SiglaMuzeu.jpg\",\"contentUrl\":\"https:\\\/\\\/muzeulgolesti.ro\\\/wp-content\\\/uploads\\\/2022\\\/11\\\/SiglaMuzeu.jpg\",\"width\":86,\"height\":50,\"caption\":\"Muzeul Vititculturii si Pomiculturii Golesti\"},\"image\":{\"@id\":\"https:\\\/\\\/muzeulgolesti.ro\\\/ro\\\/#\\\/schema\\\/logo\\\/image\\\/\"},\"sameAs\":[\"https:\\\/\\\/web.facebook.com\\\/www.muzeulgolesti.ro\"]},{\"@type\":\"Person\",\"@id\":\"https:\\\/\\\/muzeulgolesti.ro\\\/ro\\\/#\\\/schema\\\/person\\\/10f7278cf5f9da102e4cf1f75f098e5c\",\"name\":\"Camelia C\u0103lin\",\"url\":\"https:\\\/\\\/muzeulgolesti.ro\\\/en\\\/author\\\/camelia\\\/\"}]}<\/script>\n<!-- \/ Yoast SEO plugin. -->","yoast_head_json":{"title":"\u201eOnly people...\u201d by Ion Fu\u0219cel","description":"[:ro]Expozi\u021bie Ion Fu\u0219cel, \u201eDoar oameni...\u201d[:en]\u201eOnly people...\u201d by Ion Fu\u0219cel[:]","robots":{"index":"index","follow":"follow","max-snippet":"max-snippet:-1","max-image-preview":"max-image-preview:large","max-video-preview":"max-video-preview:-1"},"canonical":"https:\/\/muzeulgolesti.ro\/en\/evenimente\/expozitie-ion-fuscel-doar-oameni\/","og_locale":"en_GB","og_type":"article","og_title":"[:ro]Expozi\u021bie Ion Fu\u0219cel, \u201eDoar oameni...\u201d[:en]\u201eOnly people...\u201d by Ion Fu\u0219cel[:] - Muzeul Viticulturii si Pomiculturii Golesti","og_description":"[:ro]Expozi\u021bie Ion Fu\u0219cel, \u201eDoar oameni...\u201d[:en]\u201eOnly people...\u201d by Ion Fu\u0219cel[:]","og_url":"https:\/\/muzeulgolesti.ro\/en\/evenimente\/expozitie-ion-fuscel-doar-oameni\/","og_site_name":"Muzeul Viticulturii si Pomiculturii Golesti","article_publisher":"https:\/\/web.facebook.com\/www.muzeulgolesti.ro","article_published_time":"2024-02-12T12:44:28+00:00","article_modified_time":"2024-02-12T13:01:06+00:00","og_image":[{"width":900,"height":508,"url":"https:\/\/muzeulgolesti.ro\/wp-content\/uploads\/2024\/02\/coperta-site-1.jpg","type":"image\/jpeg"}],"author":"Camelia C\u0103lin","twitter_card":"summary_large_image","twitter_misc":{"Written by":"Camelia C\u0103lin","Estimated reading time":"3 minutes"},"schema":{"@context":"https:\/\/schema.org","@graph":[{"@type":"Article","@id":"https:\/\/muzeulgolesti.ro\/en\/evenimente\/expozitie-ion-fuscel-doar-oameni\/#article","isPartOf":{"@id":"https:\/\/muzeulgolesti.ro\/en\/evenimente\/expozitie-ion-fuscel-doar-oameni\/"},"author":{"name":"Camelia C\u0103lin","@id":"https:\/\/muzeulgolesti.ro\/ro\/#\/schema\/person\/10f7278cf5f9da102e4cf1f75f098e5c"},"headline":"\u201eOnly people&#8230;\u201d by Ion Fu\u0219cel","datePublished":"2024-02-12T12:44:28+00:00","dateModified":"2024-02-12T13:01:06+00:00","mainEntityOfPage":{"@id":"https:\/\/muzeulgolesti.ro\/en\/evenimente\/expozitie-ion-fuscel-doar-oameni\/"},"wordCount":797,"publisher":{"@id":"https:\/\/muzeulgolesti.ro\/ro\/#organization"},"image":{"@id":"https:\/\/muzeulgolesti.ro\/en\/evenimente\/expozitie-ion-fuscel-doar-oameni\/#primaryimage"},"thumbnailUrl":"https:\/\/muzeulgolesti.ro\/wp-content\/uploads\/2024\/02\/coperta-site-1.jpg","articleSection":["Evenimente"],"inLanguage":"en-GB"},{"@type":"WebPage","@id":"https:\/\/muzeulgolesti.ro\/en\/evenimente\/expozitie-ion-fuscel-doar-oameni\/","url":"https:\/\/muzeulgolesti.ro\/en\/evenimente\/expozitie-ion-fuscel-doar-oameni\/","name":"\u201eOnly people...\u201d by Ion Fu\u0219cel","isPartOf":{"@id":"https:\/\/muzeulgolesti.ro\/ro\/#website"},"primaryImageOfPage":{"@id":"https:\/\/muzeulgolesti.ro\/en\/evenimente\/expozitie-ion-fuscel-doar-oameni\/#primaryimage"},"image":{"@id":"https:\/\/muzeulgolesti.ro\/en\/evenimente\/expozitie-ion-fuscel-doar-oameni\/#primaryimage"},"thumbnailUrl":"https:\/\/muzeulgolesti.ro\/wp-content\/uploads\/2024\/02\/coperta-site-1.jpg","datePublished":"2024-02-12T12:44:28+00:00","dateModified":"2024-02-12T13:01:06+00:00","description":"\u201eOnly people...\u201d by Ion Fu\u0219cel","breadcrumb":{"@id":"https:\/\/muzeulgolesti.ro\/en\/evenimente\/expozitie-ion-fuscel-doar-oameni\/#breadcrumb"},"inLanguage":"en-GB","potentialAction":[{"@type":"ReadAction","target":["https:\/\/muzeulgolesti.ro\/en\/evenimente\/expozitie-ion-fuscel-doar-oameni\/"]}]},{"@type":"ImageObject","inLanguage":"en-GB","@id":"https:\/\/muzeulgolesti.ro\/en\/evenimente\/expozitie-ion-fuscel-doar-oameni\/#primaryimage","url":"https:\/\/muzeulgolesti.ro\/wp-content\/uploads\/2024\/02\/coperta-site-1.jpg","contentUrl":"https:\/\/muzeulgolesti.ro\/wp-content\/uploads\/2024\/02\/coperta-site-1.jpg","width":900,"height":508},{"@type":"BreadcrumbList","@id":"https:\/\/muzeulgolesti.ro\/en\/evenimente\/expozitie-ion-fuscel-doar-oameni\/#breadcrumb","itemListElement":[{"@type":"ListItem","position":1,"name":"Prima pagin\u0103","item":"https:\/\/muzeulgolesti.ro\/ro\/"},{"@type":"ListItem","position":2,"name":"\u201eOnly people&#8230;\u201d by Ion Fu\u0219cel"}]},{"@type":"WebSite","@id":"https:\/\/muzeulgolesti.ro\/ro\/#website","url":"https:\/\/muzeulgolesti.ro\/ro\/","name":"Muzeul Vititculturii si Pomiculturii Golesti","description":"Cultura, Etnografie, Istorie - Muzeul Vititculturii si Pomiculturii Golesti","publisher":{"@id":"https:\/\/muzeulgolesti.ro\/ro\/#organization"},"potentialAction":[{"@type":"SearchAction","target":{"@type":"EntryPoint","urlTemplate":"https:\/\/muzeulgolesti.ro\/ro\/?s={search_term_string}"},"query-input":{"@type":"PropertyValueSpecification","valueRequired":true,"valueName":"search_term_string"}}],"inLanguage":"en-GB"},{"@type":"Organization","@id":"https:\/\/muzeulgolesti.ro\/ro\/#organization","name":"Muzeul Vititculturii si Pomiculturii Golesti","url":"https:\/\/muzeulgolesti.ro\/ro\/","logo":{"@type":"ImageObject","inLanguage":"en-GB","@id":"https:\/\/muzeulgolesti.ro\/ro\/#\/schema\/logo\/image\/","url":"https:\/\/muzeulgolesti.ro\/wp-content\/uploads\/2022\/11\/SiglaMuzeu.jpg","contentUrl":"https:\/\/muzeulgolesti.ro\/wp-content\/uploads\/2022\/11\/SiglaMuzeu.jpg","width":86,"height":50,"caption":"Muzeul Vititculturii si Pomiculturii Golesti"},"image":{"@id":"https:\/\/muzeulgolesti.ro\/ro\/#\/schema\/logo\/image\/"},"sameAs":["https:\/\/web.facebook.com\/www.muzeulgolesti.ro"]},{"@type":"Person","@id":"https:\/\/muzeulgolesti.ro\/ro\/#\/schema\/person\/10f7278cf5f9da102e4cf1f75f098e5c","name":"Camelia C\u0103lin","url":"https:\/\/muzeulgolesti.ro\/en\/author\/camelia\/"}]}},"_links":{"self":[{"href":"https:\/\/muzeulgolesti.ro\/en\/wp-json\/wp\/v2\/posts\/6137","targetHints":{"allow":["GET"]}}],"collection":[{"href":"https:\/\/muzeulgolesti.ro\/en\/wp-json\/wp\/v2\/posts"}],"about":[{"href":"https:\/\/muzeulgolesti.ro\/en\/wp-json\/wp\/v2\/types\/post"}],"author":[{"embeddable":true,"href":"https:\/\/muzeulgolesti.ro\/en\/wp-json\/wp\/v2\/users\/5"}],"replies":[{"embeddable":true,"href":"https:\/\/muzeulgolesti.ro\/en\/wp-json\/wp\/v2\/comments?post=6137"}],"version-history":[{"count":5,"href":"https:\/\/muzeulgolesti.ro\/en\/wp-json\/wp\/v2\/posts\/6137\/revisions"}],"predecessor-version":[{"id":6144,"href":"https:\/\/muzeulgolesti.ro\/en\/wp-json\/wp\/v2\/posts\/6137\/revisions\/6144"}],"wp:featuredmedia":[{"embeddable":true,"href":"https:\/\/muzeulgolesti.ro\/en\/wp-json\/wp\/v2\/media\/6139"}],"wp:attachment":[{"href":"https:\/\/muzeulgolesti.ro\/en\/wp-json\/wp\/v2\/media?parent=6137"}],"wp:term":[{"taxonomy":"category","embeddable":true,"href":"https:\/\/muzeulgolesti.ro\/en\/wp-json\/wp\/v2\/categories?post=6137"},{"taxonomy":"post_tag","embeddable":true,"href":"https:\/\/muzeulgolesti.ro\/en\/wp-json\/wp\/v2\/tags?post=6137"}],"curies":[{"name":"wp","href":"https:\/\/api.w.org\/{rel}","templated":true}]}}