{"id":7324,"date":"2025-06-18T08:08:20","date_gmt":"2025-06-18T08:08:20","guid":{"rendered":"https:\/\/muzeulgolesti.ro\/ro\/?p=7324"},"modified":"2025-06-18T09:04:57","modified_gmt":"2025-06-18T09:04:57","slug":"corul-veteranilor-mihai-vitezu-pitesti-si-muzeul-golesti-sarbatoresc-ziua-universala-a-iei","status":"publish","type":"post","link":"https:\/\/muzeulgolesti.ro\/en\/stiri\/corul-veteranilor-mihai-vitezu-pitesti-si-muzeul-golesti-sarbatoresc-ziua-universala-a-iei\/","title":{"rendered":"The &#8220;Mihai Viteazu&#8221; veterans&#039; choir-Pite\u0219ti and the Gole\u0219ti Museum celebrate Universal Day of the Roumanian Blouse"},"content":{"rendered":"<p>On Friday, June 19, 2025, the Gole\u0219ti Museum will be the venue for a celebration organized by the Cultural Association of the Veterans&#8217; Choir &#8220;Mihai Viteazu&#8221; &#8211; Pite\u0219ti, on the occasion of the Universal Day of the Ia. The event will be a complex one, including the opening of an exhibition, a choral concert, a book launch and an anniversary.<\/p>\n<p>The exhibition &#8220;Eternity was born in the village&#8221; will be opened in the H\u00e2rse\u0219ti town hall, a monument located in the Open-Air section of our museum and will bring together works of iconography, metal plastic and wood sculpture signed by Mrs. Ela Constantin, Mrs. Elena Gur\u0103u, Mr. Constantin Samoil\u0103, Mr. Col. r. Ion Catinca and priest Nicolae Ionescu.<\/p>\n<p>The veterans&#8217; choir, conducted by Mr. Col. r. Nicolae Perniu, will perform a music program that will bring us closer to the &#8220;Soul of the Village&#8221;. Along with the choir that has delighted us over the years of collaboration with many concerts full of patriotic spirit and enthusiasm, the performance on June 19 will also feature Ioana Marin and Ti\u021ba Tudose, soloists of authentic folk music.<\/p>\n<p>During the event, Mrs. Ti\u021ba Tudose will be celebrated on her 80th birthday. Tita Tudose fell in love with folk costumes at the age of 8, when she first wore a traditional costume, and now she has a collection of over 100 authentic folk costumes. Although she did not work in the artistic field, her love for music and folk costumes accompanied her throughout the years and led her to become a performer of our traditional song. On her birthday, the Gole\u0219ti Museum wishes her &#8220;Happy Birthday!&#8221;.<\/p>\n<p>Also on June 19, we will have the opportunity to participate in the launch of the volume of poems &#8220;Reg\u0103siri&#8221;. Its author is the missionary priest Nicolae Ionescu Pitesteanu. Mr. Ionescu is from Arges, a reserve officer, poet and missionary priest. He discovered God after, at the age of 50, during a pilgrimage to Mount Athos, he received a sign that he considered prophetic. He preaches the word of God from house to house, without receiving any money for it, and seeks to help those in suffering as much as he can.<\/p>\n<p>We invite you on Thursday, June 19, 2025, to the Golesti Museum to participate with the members of the Cultural Association of the Veterans&#8217; Choir &#8220;Mihai Viteazu&#8221; &#8211; Pitesti and their guests, in cultural events that are an incursion into Romanian spirituality, into the culture of duty to the homeland and love for the Romanian people.<\/p>\n","protected":false},"excerpt":{"rendered":"<p>On Friday, June 19, 2025, the Gole\u0219ti Museum will be the venue for a celebration organized by the Cultural Association of the Veterans&#8217; Choir &#8220;Mihai Viteazu&#8221; &#8211; Pite\u0219ti, on the  [&#8230;]<\/p>\n","protected":false},"author":5,"featured_media":7325,"comment_status":"closed","ping_status":"closed","sticky":false,"template":"","format":"standard","meta":{"footnotes":""},"categories":[54],"tags":[],"class_list":["post-7324","post","type-post","status-publish","format-standard","has-post-thumbnail","hentry","category-stiri"],"yoast_head":"<!-- This site is optimized with the Yoast SEO plugin v27.5 - https:\/\/yoast.com\/product\/yoast-seo-wordpress\/ -->\n<title>The &quot;Mihai Viteazu&quot; veterans&#039; choir-Pite\u0219ti and the Gole\u0219ti Museum celebrate Universal Day of the Roumanian Blouse<\/title>\n<meta name=\"description\" content=\"The &quot;Mihai Viteazu&quot; veterans&#039; choir-Pite\u0219ti and the Gole\u0219ti Museum celebrate Universal Day of the Roumanian Blouse\" \/>\n<meta name=\"robots\" content=\"index, follow, max-snippet:-1, max-image-preview:large, max-video-preview:-1\" \/>\n<link rel=\"canonical\" href=\"https:\/\/muzeulgolesti.ro\/en\/stiri\/corul-veteranilor-mihai-vitezu-pitesti-si-muzeul-golesti-sarbatoresc-ziua-universala-a-iei\/\" \/>\n<meta property=\"og:locale\" content=\"en_GB\" \/>\n<meta property=\"og:locale:alternate\" content=\"ro_RO\" \/>\n<meta property=\"og:type\" content=\"article\" \/>\n<meta property=\"og:title\" content=\"The &quot;Mihai Viteazu&quot; veterans&#039; choir-Pite\u0219ti and the Gole\u0219ti Museum celebrate Universal Day of the Roumanian Blouse\" \/>\n<meta property=\"og:description\" content=\"The &quot;Mihai Viteazu&quot; veterans&#039; choir-Pite\u0219ti and the Gole\u0219ti Museum celebrate Universal Day of the Roumanian Blouse\" \/>\n<meta property=\"og:url\" content=\"https:\/\/muzeulgolesti.ro\/en\/stiri\/corul-veteranilor-mihai-vitezu-pitesti-si-muzeul-golesti-sarbatoresc-ziua-universala-a-iei\/\" \/>\n<meta property=\"og:site_name\" content=\"Muzeul Viticulturii si Pomiculturii Golesti\" \/>\n<meta property=\"article:publisher\" content=\"https:\/\/web.facebook.com\/www.muzeulgolesti.ro\" \/>\n<meta property=\"article:published_time\" content=\"2025-06-18T08:08:20+00:00\" \/>\n<meta property=\"article:modified_time\" content=\"2025-06-18T09:04:57+00:00\" \/>\n<meta property=\"og:image\" content=\"https:\/\/muzeulgolesti.ro\/wp-content\/uploads\/2025\/06\/coperta.png\" \/>\n\t<meta property=\"og:image:width\" content=\"900\" \/>\n\t<meta property=\"og:image:height\" content=\"508\" \/>\n\t<meta property=\"og:image:type\" content=\"image\/png\" \/>\n<meta name=\"author\" content=\"Camelia C\u0103lin\" \/>\n<meta name=\"twitter:card\" content=\"summary_large_image\" \/>\n<meta name=\"twitter:label1\" content=\"Written by\" \/>\n\t<meta name=\"twitter:data1\" content=\"Camelia C\u0103lin\" \/>\n\t<meta name=\"twitter:label2\" content=\"Estimated reading time\" \/>\n\t<meta name=\"twitter:data2\" content=\"3 minutes\" \/>\n<script type=\"application\/ld+json\" class=\"yoast-schema-graph\">{\"@context\":\"https:\\\/\\\/schema.org\",\"@graph\":[{\"@type\":\"Article\",\"@id\":\"https:\\\/\\\/muzeulgolesti.ro\\\/ro\\\/stiri\\\/corul-veteranilor-mihai-vitezu-pitesti-si-muzeul-golesti-sarbatoresc-ziua-universala-a-iei\\\/#article\",\"isPartOf\":{\"@id\":\"https:\\\/\\\/muzeulgolesti.ro\\\/ro\\\/stiri\\\/corul-veteranilor-mihai-vitezu-pitesti-si-muzeul-golesti-sarbatoresc-ziua-universala-a-iei\\\/\"},\"author\":{\"name\":\"Camelia C\u0103lin\",\"@id\":\"https:\\\/\\\/muzeulgolesti.ro\\\/ro\\\/#\\\/schema\\\/person\\\/10f7278cf5f9da102e4cf1f75f098e5c\"},\"headline\":\"The &#8220;Mihai Viteazu&#8221; veterans&#039; choir-Pite\u0219ti and the Gole\u0219ti Museum celebrate Universal Day of the Roumanian Blouse\",\"datePublished\":\"2025-06-18T08:08:20+00:00\",\"dateModified\":\"2025-06-18T09:04:57+00:00\",\"mainEntityOfPage\":{\"@id\":\"https:\\\/\\\/muzeulgolesti.ro\\\/ro\\\/stiri\\\/corul-veteranilor-mihai-vitezu-pitesti-si-muzeul-golesti-sarbatoresc-ziua-universala-a-iei\\\/\"},\"wordCount\":889,\"publisher\":{\"@id\":\"https:\\\/\\\/muzeulgolesti.ro\\\/ro\\\/#organization\"},\"image\":{\"@id\":\"https:\\\/\\\/muzeulgolesti.ro\\\/ro\\\/stiri\\\/corul-veteranilor-mihai-vitezu-pitesti-si-muzeul-golesti-sarbatoresc-ziua-universala-a-iei\\\/#primaryimage\"},\"thumbnailUrl\":\"https:\\\/\\\/muzeulgolesti.ro\\\/wp-content\\\/uploads\\\/2025\\\/06\\\/coperta.png\",\"articleSection\":[\"Stiri\"],\"inLanguage\":\"en-GB\"},{\"@type\":\"WebPage\",\"@id\":\"https:\\\/\\\/muzeulgolesti.ro\\\/ro\\\/stiri\\\/corul-veteranilor-mihai-vitezu-pitesti-si-muzeul-golesti-sarbatoresc-ziua-universala-a-iei\\\/\",\"url\":\"https:\\\/\\\/muzeulgolesti.ro\\\/ro\\\/stiri\\\/corul-veteranilor-mihai-vitezu-pitesti-si-muzeul-golesti-sarbatoresc-ziua-universala-a-iei\\\/\",\"name\":\"The \\\"Mihai Viteazu\\\" veterans&#039; choir-Pite\u0219ti and the Gole\u0219ti Museum celebrate Universal Day of the Roumanian Blouse\",\"isPartOf\":{\"@id\":\"https:\\\/\\\/muzeulgolesti.ro\\\/ro\\\/#website\"},\"primaryImageOfPage\":{\"@id\":\"https:\\\/\\\/muzeulgolesti.ro\\\/ro\\\/stiri\\\/corul-veteranilor-mihai-vitezu-pitesti-si-muzeul-golesti-sarbatoresc-ziua-universala-a-iei\\\/#primaryimage\"},\"image\":{\"@id\":\"https:\\\/\\\/muzeulgolesti.ro\\\/ro\\\/stiri\\\/corul-veteranilor-mihai-vitezu-pitesti-si-muzeul-golesti-sarbatoresc-ziua-universala-a-iei\\\/#primaryimage\"},\"thumbnailUrl\":\"https:\\\/\\\/muzeulgolesti.ro\\\/wp-content\\\/uploads\\\/2025\\\/06\\\/coperta.png\",\"datePublished\":\"2025-06-18T08:08:20+00:00\",\"dateModified\":\"2025-06-18T09:04:57+00:00\",\"description\":\"The \\\"Mihai Viteazu\\\" veterans&#039; choir-Pite\u0219ti and the Gole\u0219ti Museum celebrate Universal Day of the Roumanian Blouse\",\"breadcrumb\":{\"@id\":\"https:\\\/\\\/muzeulgolesti.ro\\\/ro\\\/stiri\\\/corul-veteranilor-mihai-vitezu-pitesti-si-muzeul-golesti-sarbatoresc-ziua-universala-a-iei\\\/#breadcrumb\"},\"inLanguage\":\"en-GB\",\"potentialAction\":[{\"@type\":\"ReadAction\",\"target\":[\"https:\\\/\\\/muzeulgolesti.ro\\\/ro\\\/stiri\\\/corul-veteranilor-mihai-vitezu-pitesti-si-muzeul-golesti-sarbatoresc-ziua-universala-a-iei\\\/\"]}]},{\"@type\":\"ImageObject\",\"inLanguage\":\"en-GB\",\"@id\":\"https:\\\/\\\/muzeulgolesti.ro\\\/ro\\\/stiri\\\/corul-veteranilor-mihai-vitezu-pitesti-si-muzeul-golesti-sarbatoresc-ziua-universala-a-iei\\\/#primaryimage\",\"url\":\"https:\\\/\\\/muzeulgolesti.ro\\\/wp-content\\\/uploads\\\/2025\\\/06\\\/coperta.png\",\"contentUrl\":\"https:\\\/\\\/muzeulgolesti.ro\\\/wp-content\\\/uploads\\\/2025\\\/06\\\/coperta.png\",\"width\":900,\"height\":508},{\"@type\":\"BreadcrumbList\",\"@id\":\"https:\\\/\\\/muzeulgolesti.ro\\\/ro\\\/stiri\\\/corul-veteranilor-mihai-vitezu-pitesti-si-muzeul-golesti-sarbatoresc-ziua-universala-a-iei\\\/#breadcrumb\",\"itemListElement\":[{\"@type\":\"ListItem\",\"position\":1,\"name\":\"Prima pagin\u0103\",\"item\":\"https:\\\/\\\/muzeulgolesti.ro\\\/ro\\\/\"},{\"@type\":\"ListItem\",\"position\":2,\"name\":\"Corul veteranilor \u201eMihai Viteazu\u201d-Pite\u0219ti \u0219i Muzeul Gole\u0219ti s\u0103rb\u0103toresc Ziua Universal\u0103 a Iei\"}]},{\"@type\":\"WebSite\",\"@id\":\"https:\\\/\\\/muzeulgolesti.ro\\\/ro\\\/#website\",\"url\":\"https:\\\/\\\/muzeulgolesti.ro\\\/ro\\\/\",\"name\":\"Muzeul Vititculturii si Pomiculturii Golesti\",\"description\":\"Cultura, Etnografie, Istorie - Muzeul Vititculturii si Pomiculturii Golesti\",\"publisher\":{\"@id\":\"https:\\\/\\\/muzeulgolesti.ro\\\/ro\\\/#organization\"},\"potentialAction\":[{\"@type\":\"SearchAction\",\"target\":{\"@type\":\"EntryPoint\",\"urlTemplate\":\"https:\\\/\\\/muzeulgolesti.ro\\\/ro\\\/?s={search_term_string}\"},\"query-input\":{\"@type\":\"PropertyValueSpecification\",\"valueRequired\":true,\"valueName\":\"search_term_string\"}}],\"inLanguage\":\"en-GB\"},{\"@type\":\"Organization\",\"@id\":\"https:\\\/\\\/muzeulgolesti.ro\\\/ro\\\/#organization\",\"name\":\"Muzeul Vititculturii si Pomiculturii Golesti\",\"url\":\"https:\\\/\\\/muzeulgolesti.ro\\\/ro\\\/\",\"logo\":{\"@type\":\"ImageObject\",\"inLanguage\":\"en-GB\",\"@id\":\"https:\\\/\\\/muzeulgolesti.ro\\\/ro\\\/#\\\/schema\\\/logo\\\/image\\\/\",\"url\":\"https:\\\/\\\/muzeulgolesti.ro\\\/wp-content\\\/uploads\\\/2022\\\/11\\\/SiglaMuzeu.jpg\",\"contentUrl\":\"https:\\\/\\\/muzeulgolesti.ro\\\/wp-content\\\/uploads\\\/2022\\\/11\\\/SiglaMuzeu.jpg\",\"width\":86,\"height\":50,\"caption\":\"Muzeul Vititculturii si Pomiculturii Golesti\"},\"image\":{\"@id\":\"https:\\\/\\\/muzeulgolesti.ro\\\/ro\\\/#\\\/schema\\\/logo\\\/image\\\/\"},\"sameAs\":[\"https:\\\/\\\/web.facebook.com\\\/www.muzeulgolesti.ro\"]},{\"@type\":\"Person\",\"@id\":\"https:\\\/\\\/muzeulgolesti.ro\\\/ro\\\/#\\\/schema\\\/person\\\/10f7278cf5f9da102e4cf1f75f098e5c\",\"name\":\"Camelia C\u0103lin\",\"url\":\"https:\\\/\\\/muzeulgolesti.ro\\\/en\\\/author\\\/camelia\\\/\"}]}<\/script>\n<!-- \/ Yoast SEO plugin. -->","yoast_head_json":{"title":"The \"Mihai Viteazu\" veterans&#039; choir-Pite\u0219ti and the Gole\u0219ti Museum celebrate Universal Day of the Roumanian Blouse","description":"[:ro]Corul veteranilor \u201eMihai Viteazu\u201d-Pite\u0219ti \u0219i Muzeul Gole\u0219ti s\u0103rb\u0103toresc Ziua Universal\u0103 a Iei[:en]The \"Mihai Viteazu\" veterans&#039; choir-Pite\u0219ti and the Gole\u0219ti Museum celebrate Universal Day of the Roumanian Blouse[:]","robots":{"index":"index","follow":"follow","max-snippet":"max-snippet:-1","max-image-preview":"max-image-preview:large","max-video-preview":"max-video-preview:-1"},"canonical":"https:\/\/muzeulgolesti.ro\/en\/stiri\/corul-veteranilor-mihai-vitezu-pitesti-si-muzeul-golesti-sarbatoresc-ziua-universala-a-iei\/","og_locale":"en_GB","og_type":"article","og_title":"[:ro]Corul veteranilor \u201eMihai Viteazu\u201d-Pite\u0219ti \u0219i Muzeul Gole\u0219ti s\u0103rb\u0103toresc Ziua Universal\u0103 a Iei[:en]The \"Mihai Viteazu\" veterans&#039; choir-Pite\u0219ti and the Gole\u0219ti Museum celebrate Universal Day of the Roumanian Blouse[:] - Muzeul Viticulturii si Pomiculturii Golesti","og_description":"[:ro]Corul veteranilor \u201eMihai Viteazu\u201d-Pite\u0219ti \u0219i Muzeul Gole\u0219ti s\u0103rb\u0103toresc Ziua Universal\u0103 a Iei[:en]The \"Mihai Viteazu\" veterans&#039; choir-Pite\u0219ti and the Gole\u0219ti Museum celebrate Universal Day of the Roumanian Blouse[:]","og_url":"https:\/\/muzeulgolesti.ro\/en\/stiri\/corul-veteranilor-mihai-vitezu-pitesti-si-muzeul-golesti-sarbatoresc-ziua-universala-a-iei\/","og_site_name":"Muzeul Viticulturii si Pomiculturii Golesti","article_publisher":"https:\/\/web.facebook.com\/www.muzeulgolesti.ro","article_published_time":"2025-06-18T08:08:20+00:00","article_modified_time":"2025-06-18T09:04:57+00:00","og_image":[{"width":900,"height":508,"url":"https:\/\/muzeulgolesti.ro\/wp-content\/uploads\/2025\/06\/coperta.png","type":"image\/png"}],"author":"Camelia C\u0103lin","twitter_card":"summary_large_image","twitter_misc":{"Written by":"Camelia C\u0103lin","Estimated reading time":"3 minutes"},"schema":{"@context":"https:\/\/schema.org","@graph":[{"@type":"Article","@id":"https:\/\/muzeulgolesti.ro\/ro\/stiri\/corul-veteranilor-mihai-vitezu-pitesti-si-muzeul-golesti-sarbatoresc-ziua-universala-a-iei\/#article","isPartOf":{"@id":"https:\/\/muzeulgolesti.ro\/ro\/stiri\/corul-veteranilor-mihai-vitezu-pitesti-si-muzeul-golesti-sarbatoresc-ziua-universala-a-iei\/"},"author":{"name":"Camelia C\u0103lin","@id":"https:\/\/muzeulgolesti.ro\/ro\/#\/schema\/person\/10f7278cf5f9da102e4cf1f75f098e5c"},"headline":"The &#8220;Mihai Viteazu&#8221; veterans&#039; choir-Pite\u0219ti and the Gole\u0219ti Museum celebrate Universal Day of the Roumanian Blouse","datePublished":"2025-06-18T08:08:20+00:00","dateModified":"2025-06-18T09:04:57+00:00","mainEntityOfPage":{"@id":"https:\/\/muzeulgolesti.ro\/ro\/stiri\/corul-veteranilor-mihai-vitezu-pitesti-si-muzeul-golesti-sarbatoresc-ziua-universala-a-iei\/"},"wordCount":889,"publisher":{"@id":"https:\/\/muzeulgolesti.ro\/ro\/#organization"},"image":{"@id":"https:\/\/muzeulgolesti.ro\/ro\/stiri\/corul-veteranilor-mihai-vitezu-pitesti-si-muzeul-golesti-sarbatoresc-ziua-universala-a-iei\/#primaryimage"},"thumbnailUrl":"https:\/\/muzeulgolesti.ro\/wp-content\/uploads\/2025\/06\/coperta.png","articleSection":["Stiri"],"inLanguage":"en-GB"},{"@type":"WebPage","@id":"https:\/\/muzeulgolesti.ro\/ro\/stiri\/corul-veteranilor-mihai-vitezu-pitesti-si-muzeul-golesti-sarbatoresc-ziua-universala-a-iei\/","url":"https:\/\/muzeulgolesti.ro\/ro\/stiri\/corul-veteranilor-mihai-vitezu-pitesti-si-muzeul-golesti-sarbatoresc-ziua-universala-a-iei\/","name":"The \"Mihai Viteazu\" veterans&#039; choir-Pite\u0219ti and the Gole\u0219ti Museum celebrate Universal Day of the Roumanian Blouse","isPartOf":{"@id":"https:\/\/muzeulgolesti.ro\/ro\/#website"},"primaryImageOfPage":{"@id":"https:\/\/muzeulgolesti.ro\/ro\/stiri\/corul-veteranilor-mihai-vitezu-pitesti-si-muzeul-golesti-sarbatoresc-ziua-universala-a-iei\/#primaryimage"},"image":{"@id":"https:\/\/muzeulgolesti.ro\/ro\/stiri\/corul-veteranilor-mihai-vitezu-pitesti-si-muzeul-golesti-sarbatoresc-ziua-universala-a-iei\/#primaryimage"},"thumbnailUrl":"https:\/\/muzeulgolesti.ro\/wp-content\/uploads\/2025\/06\/coperta.png","datePublished":"2025-06-18T08:08:20+00:00","dateModified":"2025-06-18T09:04:57+00:00","description":"The \"Mihai Viteazu\" veterans&#039; choir-Pite\u0219ti and the Gole\u0219ti Museum celebrate Universal Day of the Roumanian Blouse","breadcrumb":{"@id":"https:\/\/muzeulgolesti.ro\/ro\/stiri\/corul-veteranilor-mihai-vitezu-pitesti-si-muzeul-golesti-sarbatoresc-ziua-universala-a-iei\/#breadcrumb"},"inLanguage":"en-GB","potentialAction":[{"@type":"ReadAction","target":["https:\/\/muzeulgolesti.ro\/ro\/stiri\/corul-veteranilor-mihai-vitezu-pitesti-si-muzeul-golesti-sarbatoresc-ziua-universala-a-iei\/"]}]},{"@type":"ImageObject","inLanguage":"en-GB","@id":"https:\/\/muzeulgolesti.ro\/ro\/stiri\/corul-veteranilor-mihai-vitezu-pitesti-si-muzeul-golesti-sarbatoresc-ziua-universala-a-iei\/#primaryimage","url":"https:\/\/muzeulgolesti.ro\/wp-content\/uploads\/2025\/06\/coperta.png","contentUrl":"https:\/\/muzeulgolesti.ro\/wp-content\/uploads\/2025\/06\/coperta.png","width":900,"height":508},{"@type":"BreadcrumbList","@id":"https:\/\/muzeulgolesti.ro\/ro\/stiri\/corul-veteranilor-mihai-vitezu-pitesti-si-muzeul-golesti-sarbatoresc-ziua-universala-a-iei\/#breadcrumb","itemListElement":[{"@type":"ListItem","position":1,"name":"Prima pagin\u0103","item":"https:\/\/muzeulgolesti.ro\/ro\/"},{"@type":"ListItem","position":2,"name":"Corul veteranilor \u201eMihai Viteazu\u201d-Pite\u0219ti \u0219i Muzeul Gole\u0219ti s\u0103rb\u0103toresc Ziua Universal\u0103 a Iei"}]},{"@type":"WebSite","@id":"https:\/\/muzeulgolesti.ro\/ro\/#website","url":"https:\/\/muzeulgolesti.ro\/ro\/","name":"Muzeul Vititculturii si Pomiculturii Golesti","description":"Cultura, Etnografie, Istorie - Muzeul Vititculturii si Pomiculturii Golesti","publisher":{"@id":"https:\/\/muzeulgolesti.ro\/ro\/#organization"},"potentialAction":[{"@type":"SearchAction","target":{"@type":"EntryPoint","urlTemplate":"https:\/\/muzeulgolesti.ro\/ro\/?s={search_term_string}"},"query-input":{"@type":"PropertyValueSpecification","valueRequired":true,"valueName":"search_term_string"}}],"inLanguage":"en-GB"},{"@type":"Organization","@id":"https:\/\/muzeulgolesti.ro\/ro\/#organization","name":"Muzeul Vititculturii si Pomiculturii Golesti","url":"https:\/\/muzeulgolesti.ro\/ro\/","logo":{"@type":"ImageObject","inLanguage":"en-GB","@id":"https:\/\/muzeulgolesti.ro\/ro\/#\/schema\/logo\/image\/","url":"https:\/\/muzeulgolesti.ro\/wp-content\/uploads\/2022\/11\/SiglaMuzeu.jpg","contentUrl":"https:\/\/muzeulgolesti.ro\/wp-content\/uploads\/2022\/11\/SiglaMuzeu.jpg","width":86,"height":50,"caption":"Muzeul Vititculturii si Pomiculturii Golesti"},"image":{"@id":"https:\/\/muzeulgolesti.ro\/ro\/#\/schema\/logo\/image\/"},"sameAs":["https:\/\/web.facebook.com\/www.muzeulgolesti.ro"]},{"@type":"Person","@id":"https:\/\/muzeulgolesti.ro\/ro\/#\/schema\/person\/10f7278cf5f9da102e4cf1f75f098e5c","name":"Camelia C\u0103lin","url":"https:\/\/muzeulgolesti.ro\/en\/author\/camelia\/"}]}},"_links":{"self":[{"href":"https:\/\/muzeulgolesti.ro\/en\/wp-json\/wp\/v2\/posts\/7324","targetHints":{"allow":["GET"]}}],"collection":[{"href":"https:\/\/muzeulgolesti.ro\/en\/wp-json\/wp\/v2\/posts"}],"about":[{"href":"https:\/\/muzeulgolesti.ro\/en\/wp-json\/wp\/v2\/types\/post"}],"author":[{"embeddable":true,"href":"https:\/\/muzeulgolesti.ro\/en\/wp-json\/wp\/v2\/users\/5"}],"replies":[{"embeddable":true,"href":"https:\/\/muzeulgolesti.ro\/en\/wp-json\/wp\/v2\/comments?post=7324"}],"version-history":[{"count":5,"href":"https:\/\/muzeulgolesti.ro\/en\/wp-json\/wp\/v2\/posts\/7324\/revisions"}],"predecessor-version":[{"id":7336,"href":"https:\/\/muzeulgolesti.ro\/en\/wp-json\/wp\/v2\/posts\/7324\/revisions\/7336"}],"wp:featuredmedia":[{"embeddable":true,"href":"https:\/\/muzeulgolesti.ro\/en\/wp-json\/wp\/v2\/media\/7325"}],"wp:attachment":[{"href":"https:\/\/muzeulgolesti.ro\/en\/wp-json\/wp\/v2\/media?parent=7324"}],"wp:term":[{"taxonomy":"category","embeddable":true,"href":"https:\/\/muzeulgolesti.ro\/en\/wp-json\/wp\/v2\/categories?post=7324"},{"taxonomy":"post_tag","embeddable":true,"href":"https:\/\/muzeulgolesti.ro\/en\/wp-json\/wp\/v2\/tags?post=7324"}],"curies":[{"name":"wp","href":"https:\/\/api.w.org\/{rel}","templated":true}]}}