{"id":7752,"date":"2026-03-05T06:55:58","date_gmt":"2026-03-05T06:55:58","guid":{"rendered":"https:\/\/muzeulgolesti.ro\/ro\/?p=7752"},"modified":"2026-03-20T06:36:20","modified_gmt":"2026-03-20T06:36:20","slug":"ziua-poeziei-2026","status":"publish","type":"post","link":"https:\/\/muzeulgolesti.ro\/en\/evenimente\/ziua-poeziei-2026\/","title":{"rendered":"2026 Poetry Day at the Gole\u0219ti Manor"},"content":{"rendered":"<p><img decoding=\"async\" class=\"aligncenter size-medium wp-image-7753\" src=\"https:\/\/muzeulgolesti.ro\/wp-content\/uploads\/2026\/03\/WhatsApp-Image-2026-03-04-at-09.52.50-255x360.jpeg\" alt=\"\" width=\"255\" height=\"360\" srcset=\"https:\/\/muzeulgolesti.ro\/wp-content\/uploads\/2026\/03\/WhatsApp-Image-2026-03-04-at-09.52.50-200x283.jpeg 200w, https:\/\/muzeulgolesti.ro\/wp-content\/uploads\/2026\/03\/WhatsApp-Image-2026-03-04-at-09.52.50-255x360.jpeg 255w, https:\/\/muzeulgolesti.ro\/wp-content\/uploads\/2026\/03\/WhatsApp-Image-2026-03-04-at-09.52.50-400x566.jpeg 400w, https:\/\/muzeulgolesti.ro\/wp-content\/uploads\/2026\/03\/WhatsApp-Image-2026-03-04-at-09.52.50-600x849.jpeg 600w, https:\/\/muzeulgolesti.ro\/wp-content\/uploads\/2026\/03\/WhatsApp-Image-2026-03-04-at-09.52.50-768x1086.jpeg 768w, https:\/\/muzeulgolesti.ro\/wp-content\/uploads\/2026\/03\/WhatsApp-Image-2026-03-04-at-09.52.50-800x1131.jpeg 800w, https:\/\/muzeulgolesti.ro\/wp-content\/uploads\/2026\/03\/WhatsApp-Image-2026-03-04-at-09.52.50-919x1300.jpeg 919w, https:\/\/muzeulgolesti.ro\/wp-content\/uploads\/2026\/03\/WhatsApp-Image-2026-03-04-at-09.52.50-1086x1536.jpeg 1086w, https:\/\/muzeulgolesti.ro\/wp-content\/uploads\/2026\/03\/WhatsApp-Image-2026-03-04-at-09.52.50-1200x1697.jpeg 1200w, https:\/\/muzeulgolesti.ro\/wp-content\/uploads\/2026\/03\/WhatsApp-Image-2026-03-04-at-09.52.50.jpeg 1448w\" sizes=\"(max-width: 255px) 100vw, 255px\" \/><\/p>\n<p>Dear literature lovers,<\/p>\n<p>On Saturday, March 21, 2026, starting at 1:00 PM, the annual event titled International Poetry Day at the Gole\u0219ti Manor will take place at the Gole\u0219ti Museum. It will be a cultural activity bringing together prominent poets from across the Romanian cultural space. The event has reached its 8th edition, and this year\u2019s special guest is poet Mihail G\u0103l\u0103\u0163anu.<\/p>\n<p>Artists and cultural figures who will attend the event include: Adrian Cioroianu, Catia Maxim, Liviu M\u0103\u021b\u0103uanu, George Badea, Liliana Rus, Angi Melania Cristea, Alexandra Niculae, Marius Burhan, Carmen Secere, Drago\u0219 Popescu, Romulus Br\u00e2ncoveanu, Cornel Carp, Dan Dr\u0103goi, Virgil Diaconu, Magda Grigore, Cristian Mele\u015fteu.<\/p>\n<p>During the event, the following activities will take place: presentation of the special guest, public readings, debates based on the readings, and musical intermezzos performed by Iustina Oprea.<\/p>\n<p>This year\u2019s special guest was born on September 11, 1963, in the city of Gala\u021bi. He completed his primary education there, attended Mihail Kog\u0103lniceanu Theoretical High School, and in 1988 graduated from the Faculty of Physics\u2013Mechanics, specializing in the Foundations of Experimental Research. He later worked in research at the Polytechnic Institute of Bucharest.<\/p>\n<p>He was a French Government scholarship holder (1994) and a European Community scholarship holder (1995), specializing in International Relations. He worked for the bilingual European Union magazine EUROPE\/EUROP. He served as editor-in-chief at magazines such as Flac\u0103ra, Playboy, and Flagrant. He was deputy to Cornel Nistorescu at Expres Magazin and later at Evenimentul Zilei, which he left in March 2004. He was director of Flac\u0103ra magazine until November 2009. He served as a member of the Board of Directors and the Editorial Board of the press trust S.C. Publica\u021biile Flac\u0103ra S.A.<\/p>\n<p>e is a member of the Romanian Press Club, the Romanian Wine Club, PEN Club, and the leadership council of the Writers\u2019 Union of Romania (U.S.R.), within the Bucharest Writers\u2019 Association (A.S.B.). Until 2012 he worked as coordinating editor at Finmedia\/Pia\u021ba Financiar\u0103.<\/p>\n<p>He made his debut in 1987 with the poetry volume \u201c\u0218tiri despre mine\u201d (News About Myself), published by Litera Publishing House, Bucharest, under the supervision of the distinguished book editor Radu Albala. This was followed by:<\/p>\n<ul>\n<li>\u201cScr\u00ee\u0219nind \u00een pumni, cu gra\u021bie\u201d (Grinding My Teeth in My Fists, with Grace), Porto-Franco Publishing House, 1993;<\/li>\n<li>\u201cBunicul Kennedy\u201d (Grandfather Kennedy), Noduri \u0219i Semne Publishing House, 1996;<\/li>\n<li>\u201cEvanghelia lui Barabas\u201d (The Gospel of Barabbas), Cartea Rom\u00e2neasc\u0103 Publishing House, 1996;<\/li>\n<li>\u201cMireasa tuturor\u201d (The Bride of All), Pantheon Publishing House, 1997;<\/li>\n<li>\u201cPoetus Captivus\u201d (Captive Poet), Dominus Publishing House, 1998;<\/li>\n<li>\u201cMemorialul pl\u0103cerii\u201d (The Memorial of Pleasure), Coresi &#038; ASB Publishing House, 2000;<\/li>\n<li>\u201cO noapte cu patria \u0219i rom\u00e2na cu prostii\u201d (A Night with the Homeland and Romanian with Nonsense), Vinea Publishing House, 2001;<\/li>\n<li>\u201cDiapazonul plictisit\u201d (The Bored Tuning Fork), Dominus Publishing House, 2002;<\/li>\n<li>\u201cMorm\u00e2ntul meu se sap\u0103 singur\u201d (My Grave Digs Itself), 2003;<\/li>\n<li>\u201cApocalipsa printr-o gur\u0103 de om\u201d (The Apocalypse Through a Human Mouth), 2004;<\/li>\n<li>\u201cBurta \u00eenstelat\u0103\u201d (The Starry Belly), 2005;<\/li>\n<li>\u201cInim\u0103 de diamant\u201d (Diamond Heart), 2006;<\/li>\n<li>\u201cDevorarea maestrului\u201d (Devouring the Master), Paralela 45 Publishing House, QPOEM Collection, 2016;<\/li>\n<li>\u201cV\u0103z\u0103torii cu inima\u201d (The Seers with the Heart), Neuma Publishing House;<\/li>\n<li>\u201cCorpul de glorie\u201d (The Body of Glory), anthology, 2019, Junimea Publishing House;<\/li>\n<li>and in 2022 the volume \u201cA\u0219tept\u00e2nd gloria\u201d (Waiting for Glory), Tracus Arte Publishing House.<\/li>\n<\/ul>\n<p>He debuted in prose in 1999 with the novel \u201cMe\u0219terii de clopote\u201d (The Bell Makers). In 2019, the publishing house eLiteratura released his novel \u201cUn dublu asasinat politic\u201d (A Double Political Assassination), a report-novel about a museum curator from Pele\u0219, the head of the Democratic Convention in 1990, who was assassinated the same year in C\u00e2mpina after inventorying the royal paintings at Pele\u0219 Castle, a possession of King Michael. The murderer has never been identified.<\/p>\n<p>In 2020, the novel \u201cInima Reginei Maria\u201d (The Heart of Queen Maria) appeared at Coresi\/eLiteratura Publishing House.<\/p>\n<p>In 2001, he published the short-story collection \u201cStrada Plantelor\u201d (Plantelor Street) with ALL Publishing House, in the collection \u201cContemporary Romanian Prose.\u201d<\/p>\n<p>Other prose works include: \u201cMireasa f\u0103r\u0103 corp\u201d (The Bride Without a Body), novel, 2006; \u201cStrada Plantelor \u0219i alte povestiri\u201d (Plantelor Street and Other Stories), 2007; and \u201cStradivarius\u201d, 2008. Essays include \u201cLiteratur\u0103 de cartier\u201d (Neighborhood Literature), vol. 1 and \u201cOrbirea lui Tiresias \/ Un posibil manifest al genera\u021biei \u201990\u201d (The Blindness of Tiresias \/ A Possible Manifesto of the \u201990 Generation).<\/p>\n<p>Literary awards:<\/p>\n<ul>\n<li>National Prize for Prose \u201cLiviu Rebreanu\u201d (1999);<\/li>\n<li>\u201cLuceaf\u0103rul\u201d Prize awarded at the Nicolae Labi\u0219 Festival;<\/li>\n<li>Prize of the Bucharest Writers\u2019 Association;<\/li>\n<li>National Prize for Film Commentary;<\/li>\n<li>\u201cAstra\u201d Prize;<\/li>\n<li>\u201cRamuri\u201d Prize, among others.<\/li>\n<\/ul>\n<p>We hope that the presence of this distinguished figure of Romanian culture, together with all the writers participating in the event, will spark your curiosity and encourage you to attend our poetic celebration on March 21.<\/p>\n<p>Access to our museum is possible as follows:<\/p>\n<p>From Pite\u0219ti \u2013 by local bus number 4 (M4), which has a stop on Calea Bucure\u0219ti.<\/p>\n<p>From Bucharest \u2013 by train Bucharest\u2013Pite\u0219ti, which runs every hour and also stops at Gole\u0219ti Railway Station.<\/p>\n<p>We look forward to welcoming you!<\/p>\n<p>Event coordinator:<\/p>\n<p>Museum Curator Nicoleta Popa Grigore<\/p>\n","protected":false},"excerpt":{"rendered":"<p>Dear literature lovers, On Saturday, March 21, 2026, starting at 1:00 PM, the annual event titled International Poetry Day at the Gole\u0219ti Manor will take place at the Gole\u0219ti Museum.  [&#8230;]<\/p>\n","protected":false},"author":5,"featured_media":6263,"comment_status":"closed","ping_status":"closed","sticky":false,"template":"","format":"standard","meta":{"footnotes":""},"categories":[1],"tags":[],"class_list":["post-7752","post","type-post","status-publish","format-standard","has-post-thumbnail","hentry","category-evenimente"],"yoast_head":"<!-- This site is optimized with the Yoast SEO plugin v27.5 - https:\/\/yoast.com\/product\/yoast-seo-wordpress\/ -->\n<title>2026 Poetry Day at the Gole\u0219ti Manor<\/title>\n<meta name=\"description\" content=\"2026 Poetry Day at the Gole\u0219ti Manor\" \/>\n<meta name=\"robots\" content=\"index, follow, max-snippet:-1, max-image-preview:large, max-video-preview:-1\" \/>\n<link rel=\"canonical\" href=\"https:\/\/muzeulgolesti.ro\/en\/evenimente\/ziua-poeziei-2026\/\" \/>\n<meta property=\"og:locale\" content=\"en_GB\" \/>\n<meta property=\"og:locale:alternate\" content=\"ro_RO\" \/>\n<meta property=\"og:type\" content=\"article\" \/>\n<meta property=\"og:title\" content=\"2026 Poetry Day at the Gole\u0219ti Manor\" \/>\n<meta property=\"og:description\" content=\"2026 Poetry Day at the Gole\u0219ti Manor\" \/>\n<meta property=\"og:url\" content=\"https:\/\/muzeulgolesti.ro\/en\/evenimente\/ziua-poeziei-2026\/\" \/>\n<meta property=\"og:site_name\" content=\"Muzeul Viticulturii si Pomiculturii Golesti\" \/>\n<meta property=\"article:publisher\" content=\"https:\/\/web.facebook.com\/www.muzeulgolesti.ro\" \/>\n<meta property=\"article:published_time\" content=\"2026-03-05T06:55:58+00:00\" \/>\n<meta property=\"article:modified_time\" content=\"2026-03-20T06:36:20+00:00\" \/>\n<meta property=\"og:image\" content=\"https:\/\/muzeulgolesti.ro\/wp-content\/uploads\/2024\/03\/coperta-site-1.png\" \/>\n\t<meta property=\"og:image:width\" content=\"900\" \/>\n\t<meta property=\"og:image:height\" content=\"508\" \/>\n\t<meta property=\"og:image:type\" content=\"image\/png\" \/>\n<meta name=\"author\" content=\"Camelia C\u0103lin\" \/>\n<meta name=\"twitter:card\" content=\"summary_large_image\" \/>\n<meta name=\"twitter:label1\" content=\"Written by\" \/>\n\t<meta name=\"twitter:data1\" content=\"Camelia C\u0103lin\" \/>\n\t<meta name=\"twitter:label2\" content=\"Estimated reading time\" \/>\n\t<meta name=\"twitter:data2\" content=\"4 minutes\" \/>\n<script type=\"application\/ld+json\" class=\"yoast-schema-graph\">{\"@context\":\"https:\\\/\\\/schema.org\",\"@graph\":[{\"@type\":\"Article\",\"@id\":\"https:\\\/\\\/muzeulgolesti.ro\\\/ro\\\/evenimente\\\/ziua-poeziei-2026\\\/#article\",\"isPartOf\":{\"@id\":\"https:\\\/\\\/muzeulgolesti.ro\\\/ro\\\/evenimente\\\/ziua-poeziei-2026\\\/\"},\"author\":{\"name\":\"Camelia C\u0103lin\",\"@id\":\"https:\\\/\\\/muzeulgolesti.ro\\\/ro\\\/#\\\/schema\\\/person\\\/10f7278cf5f9da102e4cf1f75f098e5c\"},\"headline\":\"2026 Poetry Day at the Gole\u0219ti Manor\",\"datePublished\":\"2026-03-05T06:55:58+00:00\",\"dateModified\":\"2026-03-20T06:36:20+00:00\",\"mainEntityOfPage\":{\"@id\":\"https:\\\/\\\/muzeulgolesti.ro\\\/ro\\\/evenimente\\\/ziua-poeziei-2026\\\/\"},\"wordCount\":1585,\"publisher\":{\"@id\":\"https:\\\/\\\/muzeulgolesti.ro\\\/ro\\\/#organization\"},\"image\":{\"@id\":\"https:\\\/\\\/muzeulgolesti.ro\\\/ro\\\/evenimente\\\/ziua-poeziei-2026\\\/#primaryimage\"},\"thumbnailUrl\":\"https:\\\/\\\/muzeulgolesti.ro\\\/wp-content\\\/uploads\\\/2024\\\/03\\\/coperta-site-1.png\",\"articleSection\":[\"Evenimente\"],\"inLanguage\":\"en-GB\"},{\"@type\":\"WebPage\",\"@id\":\"https:\\\/\\\/muzeulgolesti.ro\\\/ro\\\/evenimente\\\/ziua-poeziei-2026\\\/\",\"url\":\"https:\\\/\\\/muzeulgolesti.ro\\\/ro\\\/evenimente\\\/ziua-poeziei-2026\\\/\",\"name\":\"2026 Poetry Day at the Gole\u0219ti Manor\",\"isPartOf\":{\"@id\":\"https:\\\/\\\/muzeulgolesti.ro\\\/ro\\\/#website\"},\"primaryImageOfPage\":{\"@id\":\"https:\\\/\\\/muzeulgolesti.ro\\\/ro\\\/evenimente\\\/ziua-poeziei-2026\\\/#primaryimage\"},\"image\":{\"@id\":\"https:\\\/\\\/muzeulgolesti.ro\\\/ro\\\/evenimente\\\/ziua-poeziei-2026\\\/#primaryimage\"},\"thumbnailUrl\":\"https:\\\/\\\/muzeulgolesti.ro\\\/wp-content\\\/uploads\\\/2024\\\/03\\\/coperta-site-1.png\",\"datePublished\":\"2026-03-05T06:55:58+00:00\",\"dateModified\":\"2026-03-20T06:36:20+00:00\",\"description\":\"2026 Poetry Day at the Gole\u0219ti Manor\",\"breadcrumb\":{\"@id\":\"https:\\\/\\\/muzeulgolesti.ro\\\/ro\\\/evenimente\\\/ziua-poeziei-2026\\\/#breadcrumb\"},\"inLanguage\":\"en-GB\",\"potentialAction\":[{\"@type\":\"ReadAction\",\"target\":[\"https:\\\/\\\/muzeulgolesti.ro\\\/ro\\\/evenimente\\\/ziua-poeziei-2026\\\/\"]}]},{\"@type\":\"ImageObject\",\"inLanguage\":\"en-GB\",\"@id\":\"https:\\\/\\\/muzeulgolesti.ro\\\/ro\\\/evenimente\\\/ziua-poeziei-2026\\\/#primaryimage\",\"url\":\"https:\\\/\\\/muzeulgolesti.ro\\\/wp-content\\\/uploads\\\/2024\\\/03\\\/coperta-site-1.png\",\"contentUrl\":\"https:\\\/\\\/muzeulgolesti.ro\\\/wp-content\\\/uploads\\\/2024\\\/03\\\/coperta-site-1.png\",\"width\":900,\"height\":508},{\"@type\":\"BreadcrumbList\",\"@id\":\"https:\\\/\\\/muzeulgolesti.ro\\\/ro\\\/evenimente\\\/ziua-poeziei-2026\\\/#breadcrumb\",\"itemListElement\":[{\"@type\":\"ListItem\",\"position\":1,\"name\":\"Prima pagin\u0103\",\"item\":\"https:\\\/\\\/muzeulgolesti.ro\\\/ro\\\/\"},{\"@type\":\"ListItem\",\"position\":2,\"name\":\"Ziua Poeziei 2026\"}]},{\"@type\":\"WebSite\",\"@id\":\"https:\\\/\\\/muzeulgolesti.ro\\\/ro\\\/#website\",\"url\":\"https:\\\/\\\/muzeulgolesti.ro\\\/ro\\\/\",\"name\":\"Muzeul Vititculturii si Pomiculturii Golesti\",\"description\":\"Cultura, Etnografie, Istorie - Muzeul Vititculturii si Pomiculturii Golesti\",\"publisher\":{\"@id\":\"https:\\\/\\\/muzeulgolesti.ro\\\/ro\\\/#organization\"},\"potentialAction\":[{\"@type\":\"SearchAction\",\"target\":{\"@type\":\"EntryPoint\",\"urlTemplate\":\"https:\\\/\\\/muzeulgolesti.ro\\\/ro\\\/?s={search_term_string}\"},\"query-input\":{\"@type\":\"PropertyValueSpecification\",\"valueRequired\":true,\"valueName\":\"search_term_string\"}}],\"inLanguage\":\"en-GB\"},{\"@type\":\"Organization\",\"@id\":\"https:\\\/\\\/muzeulgolesti.ro\\\/ro\\\/#organization\",\"name\":\"Muzeul Vititculturii si Pomiculturii Golesti\",\"url\":\"https:\\\/\\\/muzeulgolesti.ro\\\/ro\\\/\",\"logo\":{\"@type\":\"ImageObject\",\"inLanguage\":\"en-GB\",\"@id\":\"https:\\\/\\\/muzeulgolesti.ro\\\/ro\\\/#\\\/schema\\\/logo\\\/image\\\/\",\"url\":\"https:\\\/\\\/muzeulgolesti.ro\\\/wp-content\\\/uploads\\\/2022\\\/11\\\/SiglaMuzeu.jpg\",\"contentUrl\":\"https:\\\/\\\/muzeulgolesti.ro\\\/wp-content\\\/uploads\\\/2022\\\/11\\\/SiglaMuzeu.jpg\",\"width\":86,\"height\":50,\"caption\":\"Muzeul Vititculturii si Pomiculturii Golesti\"},\"image\":{\"@id\":\"https:\\\/\\\/muzeulgolesti.ro\\\/ro\\\/#\\\/schema\\\/logo\\\/image\\\/\"},\"sameAs\":[\"https:\\\/\\\/web.facebook.com\\\/www.muzeulgolesti.ro\"]},{\"@type\":\"Person\",\"@id\":\"https:\\\/\\\/muzeulgolesti.ro\\\/ro\\\/#\\\/schema\\\/person\\\/10f7278cf5f9da102e4cf1f75f098e5c\",\"name\":\"Camelia C\u0103lin\",\"url\":\"https:\\\/\\\/muzeulgolesti.ro\\\/en\\\/author\\\/camelia\\\/\"}]}<\/script>\n<!-- \/ Yoast SEO plugin. -->","yoast_head_json":{"title":"2026 Poetry Day at the Gole\u0219ti Manor","description":"[:ro]Ziua Poeziei 2026[:en]2026 Poetry Day at the Gole\u0219ti Manor[:]","robots":{"index":"index","follow":"follow","max-snippet":"max-snippet:-1","max-image-preview":"max-image-preview:large","max-video-preview":"max-video-preview:-1"},"canonical":"https:\/\/muzeulgolesti.ro\/en\/evenimente\/ziua-poeziei-2026\/","og_locale":"en_GB","og_type":"article","og_title":"[:ro]Ziua Poeziei 2026[:en]2026 Poetry Day at the Gole\u0219ti Manor[:] - Muzeul Viticulturii si Pomiculturii Golesti","og_description":"[:ro]Ziua Poeziei 2026[:en]2026 Poetry Day at the Gole\u0219ti Manor[:]","og_url":"https:\/\/muzeulgolesti.ro\/en\/evenimente\/ziua-poeziei-2026\/","og_site_name":"Muzeul Viticulturii si Pomiculturii Golesti","article_publisher":"https:\/\/web.facebook.com\/www.muzeulgolesti.ro","article_published_time":"2026-03-05T06:55:58+00:00","article_modified_time":"2026-03-20T06:36:20+00:00","og_image":[{"width":900,"height":508,"url":"https:\/\/muzeulgolesti.ro\/wp-content\/uploads\/2024\/03\/coperta-site-1.png","type":"image\/png"}],"author":"Camelia C\u0103lin","twitter_card":"summary_large_image","twitter_misc":{"Written by":"Camelia C\u0103lin","Estimated reading time":"4 minutes"},"schema":{"@context":"https:\/\/schema.org","@graph":[{"@type":"Article","@id":"https:\/\/muzeulgolesti.ro\/ro\/evenimente\/ziua-poeziei-2026\/#article","isPartOf":{"@id":"https:\/\/muzeulgolesti.ro\/ro\/evenimente\/ziua-poeziei-2026\/"},"author":{"name":"Camelia C\u0103lin","@id":"https:\/\/muzeulgolesti.ro\/ro\/#\/schema\/person\/10f7278cf5f9da102e4cf1f75f098e5c"},"headline":"2026 Poetry Day at the Gole\u0219ti Manor","datePublished":"2026-03-05T06:55:58+00:00","dateModified":"2026-03-20T06:36:20+00:00","mainEntityOfPage":{"@id":"https:\/\/muzeulgolesti.ro\/ro\/evenimente\/ziua-poeziei-2026\/"},"wordCount":1585,"publisher":{"@id":"https:\/\/muzeulgolesti.ro\/ro\/#organization"},"image":{"@id":"https:\/\/muzeulgolesti.ro\/ro\/evenimente\/ziua-poeziei-2026\/#primaryimage"},"thumbnailUrl":"https:\/\/muzeulgolesti.ro\/wp-content\/uploads\/2024\/03\/coperta-site-1.png","articleSection":["Evenimente"],"inLanguage":"en-GB"},{"@type":"WebPage","@id":"https:\/\/muzeulgolesti.ro\/ro\/evenimente\/ziua-poeziei-2026\/","url":"https:\/\/muzeulgolesti.ro\/ro\/evenimente\/ziua-poeziei-2026\/","name":"2026 Poetry Day at the Gole\u0219ti Manor","isPartOf":{"@id":"https:\/\/muzeulgolesti.ro\/ro\/#website"},"primaryImageOfPage":{"@id":"https:\/\/muzeulgolesti.ro\/ro\/evenimente\/ziua-poeziei-2026\/#primaryimage"},"image":{"@id":"https:\/\/muzeulgolesti.ro\/ro\/evenimente\/ziua-poeziei-2026\/#primaryimage"},"thumbnailUrl":"https:\/\/muzeulgolesti.ro\/wp-content\/uploads\/2024\/03\/coperta-site-1.png","datePublished":"2026-03-05T06:55:58+00:00","dateModified":"2026-03-20T06:36:20+00:00","description":"2026 Poetry Day at the Gole\u0219ti Manor","breadcrumb":{"@id":"https:\/\/muzeulgolesti.ro\/ro\/evenimente\/ziua-poeziei-2026\/#breadcrumb"},"inLanguage":"en-GB","potentialAction":[{"@type":"ReadAction","target":["https:\/\/muzeulgolesti.ro\/ro\/evenimente\/ziua-poeziei-2026\/"]}]},{"@type":"ImageObject","inLanguage":"en-GB","@id":"https:\/\/muzeulgolesti.ro\/ro\/evenimente\/ziua-poeziei-2026\/#primaryimage","url":"https:\/\/muzeulgolesti.ro\/wp-content\/uploads\/2024\/03\/coperta-site-1.png","contentUrl":"https:\/\/muzeulgolesti.ro\/wp-content\/uploads\/2024\/03\/coperta-site-1.png","width":900,"height":508},{"@type":"BreadcrumbList","@id":"https:\/\/muzeulgolesti.ro\/ro\/evenimente\/ziua-poeziei-2026\/#breadcrumb","itemListElement":[{"@type":"ListItem","position":1,"name":"Prima pagin\u0103","item":"https:\/\/muzeulgolesti.ro\/ro\/"},{"@type":"ListItem","position":2,"name":"Ziua Poeziei 2026"}]},{"@type":"WebSite","@id":"https:\/\/muzeulgolesti.ro\/ro\/#website","url":"https:\/\/muzeulgolesti.ro\/ro\/","name":"Muzeul Vititculturii si Pomiculturii Golesti","description":"Cultura, Etnografie, Istorie - Muzeul Vititculturii si Pomiculturii Golesti","publisher":{"@id":"https:\/\/muzeulgolesti.ro\/ro\/#organization"},"potentialAction":[{"@type":"SearchAction","target":{"@type":"EntryPoint","urlTemplate":"https:\/\/muzeulgolesti.ro\/ro\/?s={search_term_string}"},"query-input":{"@type":"PropertyValueSpecification","valueRequired":true,"valueName":"search_term_string"}}],"inLanguage":"en-GB"},{"@type":"Organization","@id":"https:\/\/muzeulgolesti.ro\/ro\/#organization","name":"Muzeul Vititculturii si Pomiculturii Golesti","url":"https:\/\/muzeulgolesti.ro\/ro\/","logo":{"@type":"ImageObject","inLanguage":"en-GB","@id":"https:\/\/muzeulgolesti.ro\/ro\/#\/schema\/logo\/image\/","url":"https:\/\/muzeulgolesti.ro\/wp-content\/uploads\/2022\/11\/SiglaMuzeu.jpg","contentUrl":"https:\/\/muzeulgolesti.ro\/wp-content\/uploads\/2022\/11\/SiglaMuzeu.jpg","width":86,"height":50,"caption":"Muzeul Vititculturii si Pomiculturii Golesti"},"image":{"@id":"https:\/\/muzeulgolesti.ro\/ro\/#\/schema\/logo\/image\/"},"sameAs":["https:\/\/web.facebook.com\/www.muzeulgolesti.ro"]},{"@type":"Person","@id":"https:\/\/muzeulgolesti.ro\/ro\/#\/schema\/person\/10f7278cf5f9da102e4cf1f75f098e5c","name":"Camelia C\u0103lin","url":"https:\/\/muzeulgolesti.ro\/en\/author\/camelia\/"}]}},"_links":{"self":[{"href":"https:\/\/muzeulgolesti.ro\/en\/wp-json\/wp\/v2\/posts\/7752","targetHints":{"allow":["GET"]}}],"collection":[{"href":"https:\/\/muzeulgolesti.ro\/en\/wp-json\/wp\/v2\/posts"}],"about":[{"href":"https:\/\/muzeulgolesti.ro\/en\/wp-json\/wp\/v2\/types\/post"}],"author":[{"embeddable":true,"href":"https:\/\/muzeulgolesti.ro\/en\/wp-json\/wp\/v2\/users\/5"}],"replies":[{"embeddable":true,"href":"https:\/\/muzeulgolesti.ro\/en\/wp-json\/wp\/v2\/comments?post=7752"}],"version-history":[{"count":5,"href":"https:\/\/muzeulgolesti.ro\/en\/wp-json\/wp\/v2\/posts\/7752\/revisions"}],"predecessor-version":[{"id":7788,"href":"https:\/\/muzeulgolesti.ro\/en\/wp-json\/wp\/v2\/posts\/7752\/revisions\/7788"}],"wp:featuredmedia":[{"embeddable":true,"href":"https:\/\/muzeulgolesti.ro\/en\/wp-json\/wp\/v2\/media\/6263"}],"wp:attachment":[{"href":"https:\/\/muzeulgolesti.ro\/en\/wp-json\/wp\/v2\/media?parent=7752"}],"wp:term":[{"taxonomy":"category","embeddable":true,"href":"https:\/\/muzeulgolesti.ro\/en\/wp-json\/wp\/v2\/categories?post=7752"},{"taxonomy":"post_tag","embeddable":true,"href":"https:\/\/muzeulgolesti.ro\/en\/wp-json\/wp\/v2\/tags?post=7752"}],"curies":[{"name":"wp","href":"https:\/\/api.w.org\/{rel}","templated":true}]}}