{"id":3615,"date":"2020-04-10T08:24:45","date_gmt":"2020-04-10T08:24:45","guid":{"rendered":"https:\/\/muzeulgolesti.ro\/?p=3615"},"modified":"2020-06-12T10:11:24","modified_gmt":"2020-06-12T10:11:24","slug":"ana-racovita-davila","status":"publish","type":"post","link":"https:\/\/muzeulgolesti.ro\/ro\/blog\/ana-racovita-davila\/","title":{"rendered":"Ana Racovi\u021b\u0103 Davila"},"content":{"rendered":"<div class=\"fusion-fullwidth fullwidth-box fusion-builder-row-1 nonhundred-percent-fullwidth non-hundred-percent-height-scrolling\" style=\"--awb-border-radius-top-left:0px;--awb-border-radius-top-right:0px;--awb-border-radius-bottom-right:0px;--awb-border-radius-bottom-left:0px;--awb-flex-wrap:wrap;\" ><div class=\"fusion-builder-row fusion-row\"><div class=\"fusion-layout-column fusion_builder_column fusion-builder-column-0 fusion_builder_column_1_1 1_1 fusion-one-full fusion-column-first fusion-column-last\" style=\"--awb-bg-size:cover;\"><div class=\"fusion-column-wrapper fusion-column-has-shadow fusion-flex-column-wrapper-legacy\"><div class=\"fusion-text fusion-text-1\"><h2>O via\u021b\u0103 dedicat\u0103 iubirii<\/h2>\n<div class=\"contentDiv\">\n<p>\u201eAna Racovi\u0163\u0103, c\u0103s\u0103torit\u0103 Davila. Frumuse\u0163e v\u0103dit\u0103, brunet\u0103, supl\u0103, cu tr\u0103s\u0103turi nobile. Face parte dintr-una din cele mai bune familii rom\u00e2ne\u015fti: mama, tot Ana Racovi\u0163\u0103, e n\u0103scut\u0103 Golescu, fiica lui Dinicu \u015fi a Zinc\u0103i. Fra\u0163ii Gole\u015fti sunt unchii Anei. Se m\u0103rit\u0103 cu Carol Davila la 30 aprilie 1861, dup\u0103 ce acesta r\u0103m\u00e2ne v\u0103duv.\u00a0\u00a0(&#8230;)\u00a0Dar emo\u0163iile \u015fi a\u015ftept\u0103rile Anic\u0103i, devenit\u0103 Davila, abia \u00eencep, c\u0103ci b\u0103rbatul ei are obiceiul s\u0103 se arunce (chiar la propriu) \u00een foc \u015fi-n valuri, este mereu plecat \u00een c\u0103l\u0103torii dep\u0103rtate, particip\u0103 la r\u0103zboi, stinge epidemii dintre cele mai rele, de tifos \u015fi holer\u0103. La numai o lun\u0103 dup\u0103 c\u0103s\u0103torie, \u00een 2\/14 iunie 1861 Davila \u00eei scrie so\u0163iei sale: \u201eDulcea \u015fi scumpa mea Anica, \/ Iart\u0103-mi \u00eentristarea ce \u0163i-o fac. Ar fi fost mai bine pentru tine s\u0103 nu m\u0103 cuno\u015fti. Nu \u0163ineam la via\u0163\u0103 dec\u00e2t pentru tine \u015fi pentru crea\u0163iunile mele. Iart\u0103-m\u0103! Construe\u015fte o mic\u0103 capel\u0103 pe locul cet\u0103\u0163ii lui Tudor \u015fi dac\u0103 ai re\u00eent\u00e2lni un om demn de tine, prime\u015fte binecuv\u00e2ntarea mea. Adio, Citta&#8221;. E foarte posibil ca aceast\u0103 scrisoare s\u0103 fi fost scris\u0103 \u00een preajma nop\u0163ii \u00een care a fost conceput Alexandru, primul copil al lui Davila, n\u0103scut \u00een februarie anul urm\u0103tor. Nu e vorba de un adio dorit \u015fi nici de o ceart\u0103 \u00eentre \u00eendr\u0103gosti\u0163i, a\u015fa ceva nu se potrive\u015fte nici unuia dintre cei doi. Dar doctorul, inspector la \u015ecoala de Medicin\u0103 pe care o \u00eenfiin\u0163ase, \u00eel mustrase public pe unul dintre ofi\u0163eri, locotenentul Apostolescu, iar acesta \u00eel provoac\u0103 la duel. Duelul a fost \u0163inut secret, iar Davila e hot\u0103r\u00e2t s\u0103 nu \u00eendrepte pistolul asupra adversarului. Ofi\u0163erul a tras \u00een medic f\u0103r\u0103 a-l nimeri. Davila, extrem de bun tr\u0103gaci, a \u0163intit \u00eentr-o creang\u0103 aflat\u0103 deasupra capului locotenentului.\u00a0Prima amenin\u0163are pentru c\u0103snicia so\u0163ilor Davila trece cu bine. Asemenea bunicii ei, Zoe Golescu, \u015fi Anica \u00ee\u015fi sprijin\u0103 din toat\u0103 inima \u015fi cu toate puterile b\u0103rbatul, se implic\u0103 \u00een munca la Azilul de fete \u00eenfiin\u0163at de le el, \u0163ine casa \u015fi copiii, \u00eei scrie \u015fi \u00eel a\u015fteapt\u0103, iar \u015fi iar, \u00eengrijorat\u0103 sau \u00eengrozit\u0103 de zvonuri, s\u0103 se \u00eentoarc\u0103 viu \u0219i nev\u0103t\u0103mat din locuri dep\u0103rtate, a\u015fa cum odinioar\u0103 castelanele \u00eei a\u015fteptau pe crucia\u0163i. \u015ei totu\u015fi, ea moare prima, \u00een 13 ianuarie 1874, pentru c\u0103 un doctor neatent, confrate al so\u0163ului ei, \u00eei d\u0103 stricnina \u00een loc de chinin\u0103. Poate c\u0103 a citit gre\u015fit eticheta.\u201d<\/p>\n<p>Foto 1: Ana Davila (1834-1874), pastel de Dessain, secolul al XIX-lea. Alexandru Davila,\u00a0 fiul Anei, poveste\u0219te c\u0103 tabloul a fost executat \u00een ziua de Bun\u0103vestire, ziua logodnei dintre frumoasa gole\u0219teanc\u0103 \u0219i Carol. Logodnicul ajunsese dis-de-diminea\u021b\u0103 la Gole\u0219ti, \u00eenso\u021bit de pictorul Dessain care mo\u021b\u0103ia \u00een tr\u0103sur\u0103. C\u00e2nd Ana s-a apropiat de oaspe\u021bi, pictorul a tres\u0103rit, nevenindu-i s\u0103 cread\u0103 ce frumuse\u021be se afl\u0103 \u00een fa\u021ba lui, \u00eembr\u0103cat\u0103 \u00een costum popular, cu ochi ei mari \u0219i negri, glas limpede \u0219i duios. \u0218i-a luat repede culorile \u0219i i-a desenat portretul, iar apoi pe cel al doctorului Davila.Tablou din colec\u021bia Muzeului Gole\u0219ti.<\/p>\n<p>Foto 2: Actul de cununie original dintre \u201edumnealui Scarlat Davila cu D[omni\u0219oara] Anica, fiica D[omnului] Alexandru Racovi\u021b\u0103\u201d. Actul este semnat de Ilarion, episcopul Arge\u0219ului, na\u0219ul \u0218tefan Golescu (unchiul miresei) \u0219i na\u0219a Zinca Golescu (bunica miresei). Document din colec\u021bia Muzeului Gole\u0219ti.<\/p>\n<p>Fragment din cartea doamnei Ioana P\u00e2rvulescu,\u00a0<em>\u00cen intimitatea secolului 19<\/em>, Editura Humanitas, Bucure\u0219ti, 1995, p. 118-120.<\/p>\n<p>Mul\u021bumim doamnei Ioana P\u00e2rvulescu \u0219i Editurii Humanitas pentru permisiunea de a reproduce aceste r\u00e2nduri minunate dedicate Gole\u0219tilor.<\/p>\n<p>Ioana P\u00e2rvulescu (n.10 ianuarie 1960) &#8211; eseist\u0103, publicist\u0103, critic literar rom\u00e2n \u0219i profesor la Universitatea din Bucure\u0219ti.<\/p>\n<\/div>\n<\/div><div class=\"fusion-clearfix\"><\/div><\/div><\/div><\/div><\/div>\n","protected":false},"excerpt":{"rendered":"","protected":false},"author":4,"featured_media":4381,"comment_status":"closed","ping_status":"closed","sticky":false,"template":"","format":"standard","meta":{"footnotes":""},"categories":[49],"tags":[],"class_list":["post-3615","post","type-post","status-publish","format-standard","has-post-thumbnail","hentry","category-blog"],"yoast_head":"<!-- This site is optimized with the Yoast SEO plugin v27.5 - https:\/\/yoast.com\/product\/yoast-seo-wordpress\/ -->\n<title>Ana Racovi\u021b\u0103 Davila<\/title>\n<meta name=\"description\" content=\"Ana Racovi\u021b\u0103 Davila\" \/>\n<meta name=\"robots\" content=\"index, follow, max-snippet:-1, max-image-preview:large, max-video-preview:-1\" \/>\n<link rel=\"canonical\" href=\"https:\/\/muzeulgolesti.ro\/ro\/blog\/ana-racovita-davila\/\" \/>\n<meta property=\"og:locale\" content=\"ro_RO\" \/>\n<meta property=\"og:locale:alternate\" content=\"en_UK\" \/>\n<meta property=\"og:type\" content=\"article\" \/>\n<meta property=\"og:title\" content=\"Ana Racovi\u021b\u0103 Davila\" \/>\n<meta property=\"og:description\" content=\"Ana Racovi\u021b\u0103 Davila\" \/>\n<meta property=\"og:url\" content=\"https:\/\/muzeulgolesti.ro\/ro\/blog\/ana-racovita-davila\/\" \/>\n<meta property=\"og:site_name\" content=\"Muzeul Viticulturii si Pomiculturii Golesti\" \/>\n<meta property=\"article:publisher\" content=\"https:\/\/web.facebook.com\/www.muzeulgolesti.ro\" \/>\n<meta property=\"article:published_time\" content=\"2020-04-10T08:24:45+00:00\" \/>\n<meta property=\"article:modified_time\" content=\"2020-06-12T10:11:24+00:00\" \/>\n<meta property=\"og:image\" content=\"https:\/\/muzeulgolesti.ro\/wp-content\/uploads\/2020\/04\/AnaRacovita.jpg\" \/>\n\t<meta property=\"og:image:width\" content=\"640\" \/>\n\t<meta property=\"og:image:height\" content=\"360\" \/>\n\t<meta property=\"og:image:type\" content=\"image\/jpeg\" \/>\n<meta name=\"author\" content=\"Aurelian\" \/>\n<meta name=\"twitter:card\" content=\"summary_large_image\" \/>\n<meta name=\"twitter:label1\" content=\"Scris de\" \/>\n\t<meta name=\"twitter:data1\" content=\"Aurelian\" \/>\n\t<meta name=\"twitter:label2\" content=\"Timp estimat pentru citire\" \/>\n\t<meta name=\"twitter:data2\" content=\"8 minute\" \/>\n<script type=\"application\/ld+json\" class=\"yoast-schema-graph\">{\"@context\":\"https:\\\/\\\/schema.org\",\"@graph\":[{\"@type\":\"Article\",\"@id\":\"https:\\\/\\\/muzeulgolesti.ro\\\/ro\\\/blog\\\/ana-racovita-davila\\\/#article\",\"isPartOf\":{\"@id\":\"https:\\\/\\\/muzeulgolesti.ro\\\/ro\\\/blog\\\/ana-racovita-davila\\\/\"},\"author\":{\"name\":\"Aurelian\",\"@id\":\"https:\\\/\\\/muzeulgolesti.ro\\\/ro\\\/#\\\/schema\\\/person\\\/acff93f78d5f76316eef77f2d28e0539\"},\"headline\":\"Ana Racovi\u021b\u0103 Davila\",\"datePublished\":\"2020-04-10T08:24:45+00:00\",\"dateModified\":\"2020-06-12T10:11:24+00:00\",\"mainEntityOfPage\":{\"@id\":\"https:\\\/\\\/muzeulgolesti.ro\\\/ro\\\/blog\\\/ana-racovita-davila\\\/\"},\"wordCount\":1607,\"publisher\":{\"@id\":\"https:\\\/\\\/muzeulgolesti.ro\\\/ro\\\/#organization\"},\"image\":{\"@id\":\"https:\\\/\\\/muzeulgolesti.ro\\\/ro\\\/blog\\\/ana-racovita-davila\\\/#primaryimage\"},\"thumbnailUrl\":\"https:\\\/\\\/muzeulgolesti.ro\\\/wp-content\\\/uploads\\\/2020\\\/04\\\/AnaRacovita.jpg\",\"articleSection\":[\"Arhiva de noutati\"],\"inLanguage\":\"ro-RO\"},{\"@type\":\"WebPage\",\"@id\":\"https:\\\/\\\/muzeulgolesti.ro\\\/ro\\\/blog\\\/ana-racovita-davila\\\/\",\"url\":\"https:\\\/\\\/muzeulgolesti.ro\\\/ro\\\/blog\\\/ana-racovita-davila\\\/\",\"name\":\"Ana Racovi\u021b\u0103 Davila\",\"isPartOf\":{\"@id\":\"https:\\\/\\\/muzeulgolesti.ro\\\/ro\\\/#website\"},\"primaryImageOfPage\":{\"@id\":\"https:\\\/\\\/muzeulgolesti.ro\\\/ro\\\/blog\\\/ana-racovita-davila\\\/#primaryimage\"},\"image\":{\"@id\":\"https:\\\/\\\/muzeulgolesti.ro\\\/ro\\\/blog\\\/ana-racovita-davila\\\/#primaryimage\"},\"thumbnailUrl\":\"https:\\\/\\\/muzeulgolesti.ro\\\/wp-content\\\/uploads\\\/2020\\\/04\\\/AnaRacovita.jpg\",\"datePublished\":\"2020-04-10T08:24:45+00:00\",\"dateModified\":\"2020-06-12T10:11:24+00:00\",\"description\":\"Ana Racovi\u021b\u0103 Davila\",\"breadcrumb\":{\"@id\":\"https:\\\/\\\/muzeulgolesti.ro\\\/ro\\\/blog\\\/ana-racovita-davila\\\/#breadcrumb\"},\"inLanguage\":\"ro-RO\",\"potentialAction\":[{\"@type\":\"ReadAction\",\"target\":[\"https:\\\/\\\/muzeulgolesti.ro\\\/ro\\\/blog\\\/ana-racovita-davila\\\/\"]}]},{\"@type\":\"ImageObject\",\"inLanguage\":\"ro-RO\",\"@id\":\"https:\\\/\\\/muzeulgolesti.ro\\\/ro\\\/blog\\\/ana-racovita-davila\\\/#primaryimage\",\"url\":\"https:\\\/\\\/muzeulgolesti.ro\\\/wp-content\\\/uploads\\\/2020\\\/04\\\/AnaRacovita.jpg\",\"contentUrl\":\"https:\\\/\\\/muzeulgolesti.ro\\\/wp-content\\\/uploads\\\/2020\\\/04\\\/AnaRacovita.jpg\",\"width\":640,\"height\":360},{\"@type\":\"BreadcrumbList\",\"@id\":\"https:\\\/\\\/muzeulgolesti.ro\\\/ro\\\/blog\\\/ana-racovita-davila\\\/#breadcrumb\",\"itemListElement\":[{\"@type\":\"ListItem\",\"position\":1,\"name\":\"Prima pagin\u0103\",\"item\":\"https:\\\/\\\/muzeulgolesti.ro\\\/ro\\\/\"},{\"@type\":\"ListItem\",\"position\":2,\"name\":\"Ana Racovi\u021b\u0103 Davila\"}]},{\"@type\":\"WebSite\",\"@id\":\"https:\\\/\\\/muzeulgolesti.ro\\\/ro\\\/#website\",\"url\":\"https:\\\/\\\/muzeulgolesti.ro\\\/ro\\\/\",\"name\":\"Muzeul Vititculturii si Pomiculturii Golesti\",\"description\":\"Cultura, Etnografie, Istorie - Muzeul Vititculturii si Pomiculturii Golesti\",\"publisher\":{\"@id\":\"https:\\\/\\\/muzeulgolesti.ro\\\/ro\\\/#organization\"},\"potentialAction\":[{\"@type\":\"SearchAction\",\"target\":{\"@type\":\"EntryPoint\",\"urlTemplate\":\"https:\\\/\\\/muzeulgolesti.ro\\\/ro\\\/?s={search_term_string}\"},\"query-input\":{\"@type\":\"PropertyValueSpecification\",\"valueRequired\":true,\"valueName\":\"search_term_string\"}}],\"inLanguage\":\"ro-RO\"},{\"@type\":\"Organization\",\"@id\":\"https:\\\/\\\/muzeulgolesti.ro\\\/ro\\\/#organization\",\"name\":\"Muzeul Vititculturii si Pomiculturii Golesti\",\"url\":\"https:\\\/\\\/muzeulgolesti.ro\\\/ro\\\/\",\"logo\":{\"@type\":\"ImageObject\",\"inLanguage\":\"ro-RO\",\"@id\":\"https:\\\/\\\/muzeulgolesti.ro\\\/ro\\\/#\\\/schema\\\/logo\\\/image\\\/\",\"url\":\"https:\\\/\\\/muzeulgolesti.ro\\\/wp-content\\\/uploads\\\/2022\\\/11\\\/SiglaMuzeu.jpg\",\"contentUrl\":\"https:\\\/\\\/muzeulgolesti.ro\\\/wp-content\\\/uploads\\\/2022\\\/11\\\/SiglaMuzeu.jpg\",\"width\":86,\"height\":50,\"caption\":\"Muzeul Vititculturii si Pomiculturii Golesti\"},\"image\":{\"@id\":\"https:\\\/\\\/muzeulgolesti.ro\\\/ro\\\/#\\\/schema\\\/logo\\\/image\\\/\"},\"sameAs\":[\"https:\\\/\\\/web.facebook.com\\\/www.muzeulgolesti.ro\"]},{\"@type\":\"Person\",\"@id\":\"https:\\\/\\\/muzeulgolesti.ro\\\/ro\\\/#\\\/schema\\\/person\\\/acff93f78d5f76316eef77f2d28e0539\",\"name\":\"Aurelian\",\"url\":\"https:\\\/\\\/muzeulgolesti.ro\\\/ro\\\/author\\\/auras\\\/\"}]}<\/script>\n<!-- \/ Yoast SEO plugin. -->","yoast_head_json":{"title":"Ana Racovi\u021b\u0103 Davila","description":"[:ro]Ana Racovi\u021b\u0103 Davila[:en]Ana Racovi\u021b\u0103 Davila[:fr]Ana Racovi\u021b\u0103 Davila[:]","robots":{"index":"index","follow":"follow","max-snippet":"max-snippet:-1","max-image-preview":"max-image-preview:large","max-video-preview":"max-video-preview:-1"},"canonical":"https:\/\/muzeulgolesti.ro\/ro\/blog\/ana-racovita-davila\/","og_locale":"ro_RO","og_type":"article","og_title":"[:ro]Ana Racovi\u021b\u0103 Davila[:en]Ana Racovi\u021b\u0103 Davila[:fr]Ana Racovi\u021b\u0103 Davila[:] - Muzeul Viticulturii si Pomiculturii Golesti","og_description":"[:ro]Ana Racovi\u021b\u0103 Davila[:en]Ana Racovi\u021b\u0103 Davila[:fr]Ana Racovi\u021b\u0103 Davila[:]","og_url":"https:\/\/muzeulgolesti.ro\/ro\/blog\/ana-racovita-davila\/","og_site_name":"Muzeul Viticulturii si Pomiculturii Golesti","article_publisher":"https:\/\/web.facebook.com\/www.muzeulgolesti.ro","article_published_time":"2020-04-10T08:24:45+00:00","article_modified_time":"2020-06-12T10:11:24+00:00","og_image":[{"width":640,"height":360,"url":"https:\/\/muzeulgolesti.ro\/wp-content\/uploads\/2020\/04\/AnaRacovita.jpg","type":"image\/jpeg"}],"author":"Aurelian","twitter_card":"summary_large_image","twitter_misc":{"Scris de":"Aurelian","Timp estimat pentru citire":"8 minute"},"schema":{"@context":"https:\/\/schema.org","@graph":[{"@type":"Article","@id":"https:\/\/muzeulgolesti.ro\/ro\/blog\/ana-racovita-davila\/#article","isPartOf":{"@id":"https:\/\/muzeulgolesti.ro\/ro\/blog\/ana-racovita-davila\/"},"author":{"name":"Aurelian","@id":"https:\/\/muzeulgolesti.ro\/ro\/#\/schema\/person\/acff93f78d5f76316eef77f2d28e0539"},"headline":"Ana Racovi\u021b\u0103 Davila","datePublished":"2020-04-10T08:24:45+00:00","dateModified":"2020-06-12T10:11:24+00:00","mainEntityOfPage":{"@id":"https:\/\/muzeulgolesti.ro\/ro\/blog\/ana-racovita-davila\/"},"wordCount":1607,"publisher":{"@id":"https:\/\/muzeulgolesti.ro\/ro\/#organization"},"image":{"@id":"https:\/\/muzeulgolesti.ro\/ro\/blog\/ana-racovita-davila\/#primaryimage"},"thumbnailUrl":"https:\/\/muzeulgolesti.ro\/wp-content\/uploads\/2020\/04\/AnaRacovita.jpg","articleSection":["Arhiva de noutati"],"inLanguage":"ro-RO"},{"@type":"WebPage","@id":"https:\/\/muzeulgolesti.ro\/ro\/blog\/ana-racovita-davila\/","url":"https:\/\/muzeulgolesti.ro\/ro\/blog\/ana-racovita-davila\/","name":"Ana Racovi\u021b\u0103 Davila","isPartOf":{"@id":"https:\/\/muzeulgolesti.ro\/ro\/#website"},"primaryImageOfPage":{"@id":"https:\/\/muzeulgolesti.ro\/ro\/blog\/ana-racovita-davila\/#primaryimage"},"image":{"@id":"https:\/\/muzeulgolesti.ro\/ro\/blog\/ana-racovita-davila\/#primaryimage"},"thumbnailUrl":"https:\/\/muzeulgolesti.ro\/wp-content\/uploads\/2020\/04\/AnaRacovita.jpg","datePublished":"2020-04-10T08:24:45+00:00","dateModified":"2020-06-12T10:11:24+00:00","description":"Ana Racovi\u021b\u0103 Davila","breadcrumb":{"@id":"https:\/\/muzeulgolesti.ro\/ro\/blog\/ana-racovita-davila\/#breadcrumb"},"inLanguage":"ro-RO","potentialAction":[{"@type":"ReadAction","target":["https:\/\/muzeulgolesti.ro\/ro\/blog\/ana-racovita-davila\/"]}]},{"@type":"ImageObject","inLanguage":"ro-RO","@id":"https:\/\/muzeulgolesti.ro\/ro\/blog\/ana-racovita-davila\/#primaryimage","url":"https:\/\/muzeulgolesti.ro\/wp-content\/uploads\/2020\/04\/AnaRacovita.jpg","contentUrl":"https:\/\/muzeulgolesti.ro\/wp-content\/uploads\/2020\/04\/AnaRacovita.jpg","width":640,"height":360},{"@type":"BreadcrumbList","@id":"https:\/\/muzeulgolesti.ro\/ro\/blog\/ana-racovita-davila\/#breadcrumb","itemListElement":[{"@type":"ListItem","position":1,"name":"Prima pagin\u0103","item":"https:\/\/muzeulgolesti.ro\/ro\/"},{"@type":"ListItem","position":2,"name":"Ana Racovi\u021b\u0103 Davila"}]},{"@type":"WebSite","@id":"https:\/\/muzeulgolesti.ro\/ro\/#website","url":"https:\/\/muzeulgolesti.ro\/ro\/","name":"Muzeul Vititculturii si Pomiculturii Golesti","description":"Cultura, Etnografie, Istorie - Muzeul Vititculturii si Pomiculturii Golesti","publisher":{"@id":"https:\/\/muzeulgolesti.ro\/ro\/#organization"},"potentialAction":[{"@type":"SearchAction","target":{"@type":"EntryPoint","urlTemplate":"https:\/\/muzeulgolesti.ro\/ro\/?s={search_term_string}"},"query-input":{"@type":"PropertyValueSpecification","valueRequired":true,"valueName":"search_term_string"}}],"inLanguage":"ro-RO"},{"@type":"Organization","@id":"https:\/\/muzeulgolesti.ro\/ro\/#organization","name":"Muzeul Vititculturii si Pomiculturii Golesti","url":"https:\/\/muzeulgolesti.ro\/ro\/","logo":{"@type":"ImageObject","inLanguage":"ro-RO","@id":"https:\/\/muzeulgolesti.ro\/ro\/#\/schema\/logo\/image\/","url":"https:\/\/muzeulgolesti.ro\/wp-content\/uploads\/2022\/11\/SiglaMuzeu.jpg","contentUrl":"https:\/\/muzeulgolesti.ro\/wp-content\/uploads\/2022\/11\/SiglaMuzeu.jpg","width":86,"height":50,"caption":"Muzeul Vititculturii si Pomiculturii Golesti"},"image":{"@id":"https:\/\/muzeulgolesti.ro\/ro\/#\/schema\/logo\/image\/"},"sameAs":["https:\/\/web.facebook.com\/www.muzeulgolesti.ro"]},{"@type":"Person","@id":"https:\/\/muzeulgolesti.ro\/ro\/#\/schema\/person\/acff93f78d5f76316eef77f2d28e0539","name":"Aurelian","url":"https:\/\/muzeulgolesti.ro\/ro\/author\/auras\/"}]}},"_links":{"self":[{"href":"https:\/\/muzeulgolesti.ro\/ro\/wp-json\/wp\/v2\/posts\/3615","targetHints":{"allow":["GET"]}}],"collection":[{"href":"https:\/\/muzeulgolesti.ro\/ro\/wp-json\/wp\/v2\/posts"}],"about":[{"href":"https:\/\/muzeulgolesti.ro\/ro\/wp-json\/wp\/v2\/types\/post"}],"author":[{"embeddable":true,"href":"https:\/\/muzeulgolesti.ro\/ro\/wp-json\/wp\/v2\/users\/4"}],"replies":[{"embeddable":true,"href":"https:\/\/muzeulgolesti.ro\/ro\/wp-json\/wp\/v2\/comments?post=3615"}],"version-history":[{"count":4,"href":"https:\/\/muzeulgolesti.ro\/ro\/wp-json\/wp\/v2\/posts\/3615\/revisions"}],"predecessor-version":[{"id":4488,"href":"https:\/\/muzeulgolesti.ro\/ro\/wp-json\/wp\/v2\/posts\/3615\/revisions\/4488"}],"wp:featuredmedia":[{"embeddable":true,"href":"https:\/\/muzeulgolesti.ro\/ro\/wp-json\/wp\/v2\/media\/4381"}],"wp:attachment":[{"href":"https:\/\/muzeulgolesti.ro\/ro\/wp-json\/wp\/v2\/media?parent=3615"}],"wp:term":[{"taxonomy":"category","embeddable":true,"href":"https:\/\/muzeulgolesti.ro\/ro\/wp-json\/wp\/v2\/categories?post=3615"},{"taxonomy":"post_tag","embeddable":true,"href":"https:\/\/muzeulgolesti.ro\/ro\/wp-json\/wp\/v2\/tags?post=3615"}],"curies":[{"name":"wp","href":"https:\/\/api.w.org\/{rel}","templated":true}]}}