{"id":4097,"date":"2020-05-23T08:02:07","date_gmt":"2020-05-23T08:02:07","guid":{"rendered":"https:\/\/muzeulgolesti.ro\/ro\/?p=4097"},"modified":"2020-05-23T08:02:07","modified_gmt":"2020-05-23T08:02:07","slug":"gospodarie-viticola-zona-prahova-secolul-al-xix-lea","status":"publish","type":"post","link":"https:\/\/muzeulgolesti.ro\/ro\/evenimente\/gospodarie-viticola-zona-prahova-secolul-al-xix-lea\/","title":{"rendered":"GOSPOD\u0102RIE VITICOL\u0102, ZONA PRAHOVA, SECOLUL AL XIX-LEA"},"content":{"rendered":"<div class=\"fusion-fullwidth fullwidth-box fusion-builder-row-1 nonhundred-percent-fullwidth non-hundred-percent-height-scrolling\" style=\"--awb-border-radius-top-left:0px;--awb-border-radius-top-right:0px;--awb-border-radius-bottom-right:0px;--awb-border-radius-bottom-left:0px;--awb-flex-wrap:wrap;\" ><div class=\"fusion-builder-row fusion-row\"><div class=\"fusion-layout-column fusion_builder_column fusion-builder-column-0 fusion_builder_column_1_1 1_1 fusion-one-full fusion-column-first fusion-column-last\" style=\"--awb-bg-size:cover;\"><div class=\"fusion-column-wrapper fusion-column-has-shadow fusion-flex-column-wrapper-legacy\"><div class=\"fusion-image-element in-legacy-container\" style=\"--awb-caption-title-font-family:var(--h2_typography-font-family);--awb-caption-title-font-weight:var(--h2_typography-font-weight);--awb-caption-title-font-style:var(--h2_typography-font-style);--awb-caption-title-size:var(--h2_typography-font-size);--awb-caption-title-transform:var(--h2_typography-text-transform);--awb-caption-title-line-height:var(--h2_typography-line-height);--awb-caption-title-letter-spacing:var(--h2_typography-letter-spacing);\"><span class=\" fusion-imageframe imageframe-none imageframe-1 hover-type-none\"><img decoding=\"async\" width=\"1000\" height=\"500\" title=\"image_39\" src=\"https:\/\/muzeulgolesti.ro\/wp-content\/uploads\/2020\/05\/image_39.jpg\" alt class=\"img-responsive wp-image-4098\" srcset=\"https:\/\/muzeulgolesti.ro\/wp-content\/uploads\/2020\/05\/image_39-200x100.jpg 200w, https:\/\/muzeulgolesti.ro\/wp-content\/uploads\/2020\/05\/image_39-400x200.jpg 400w, https:\/\/muzeulgolesti.ro\/wp-content\/uploads\/2020\/05\/image_39-600x300.jpg 600w, https:\/\/muzeulgolesti.ro\/wp-content\/uploads\/2020\/05\/image_39-800x400.jpg 800w, https:\/\/muzeulgolesti.ro\/wp-content\/uploads\/2020\/05\/image_39.jpg 1000w\" sizes=\"(max-width: 800px) 100vw, 1000px\" \/><\/span><\/div><div class=\"fusion-text fusion-text-1\"><h3><strong>Gospod\u0103rie viticol\u0103, zona Prahova, sec. al XIX-lea<\/strong><\/h3>\n<p><em>\u00a0<\/em><em>Casa<\/em> a fost construit\u0103 la \u00eenceputul secolului al XIX-lea, cu unele interven\u0163ii \u00een jurul anilor 1910. Se \u00eenscrie \u00een tipologia modelelor\u00a0 tradi\u0163ionale de locuin\u0163e cu dou\u0103 nuclee compozi\u0163ionale, unul de baz\u0103 \u015fi unul de accent. Expresivitatea edificiului este dat\u0103 de propor\u0163iile armonioase \u015fi de rafinamentul detaliilor constructive.<\/p>\n<p>Influen\u0163a neoclasicismului a \u00eenceput s\u0103 se fac\u0103 sim\u0163it\u0103 \u00een zona V\u0103lenii de Munte, la \u00eenceputul secolului al XIX-lea \u015fi se manifest\u0103 prin plasarea foi\u015forului \u00een axul central al fa\u0163adei principale, foi\u015for care ad\u0103poste\u015fte \u015fi scara de acces la nivelul de locuire. Frontonul triunghiular al acoperi\u015fului foi\u015forului confer\u0103 edificiului prestan\u0163\u0103 \u015fi monumentalitate.<\/p>\n<p>Locuin\u0163a era organizat\u0103 pe dou\u0103 nivele, respectiv, nivelul inferior al beciului, destinat depozit\u0103rii vaselor de vin \u015fi nivelul superior, destinat locuirii, cu dou\u0103 \u00eenc\u0103peri \u015fi o tind\u0103 rece, camerele fiind asimetrice. Fa\u0163ada principal\u0103 este marcat\u0103 printr-o prisp\u0103, pe toat\u0103 lungimea ei, cu st\u00e2lpii de lemn fasona\u0163i cu barda, conform modelului tradi\u0163ional. Un lucru inedit \u00eel constituie marcarea intr\u0103rii principale, ad\u0103postit\u0103 de foi\u015for, prin dublarea st\u00e2lpilor, fapt ce confer\u0103 echilibru \u015fi armonie. Parterul se \u00eendep\u0103rteaz\u0103 de la solu\u0163ia clasic\u0103 cu tind\u0103 median\u0103 \u015fi dou\u0103 \u00eenc\u0103peri dispuse de o parte \u015fi de alta a tindei \u015fi adopt\u0103 o solu\u0163ie mai veche, cu tinda plasat\u0103 excentric \u00een raport cu cele dou\u0103 camere. Aceast\u0103 solu\u0163ie o g\u0103sim la modelele str\u0103vechi, \u00een zona superioar\u0103 a Teleajenului.<\/p>\n<p>Structura \u015fi tehnologia de execu\u0163ie se \u00eenscriu \u00een repertoriul tradi\u0163ional specific unei largi zone etnografice, dezvoltat\u0103 de-a lungul dealurilor, respectiv, cu pere\u0163ii nivelului inferior executa\u0163i din bolovani de r\u00e2u neprin\u015fi \u00een mortar (<em>zid\u0103rie uscat\u0103), <\/em>iar pere\u0163ii nivelului de locuire lucra\u0163i din cununi din b\u00e2rne de lemn, dispuse pe orizontal\u0103 \u015fi \u00eencheiate la col\u0163uri, \u00een <em>cheutoare dreapt\u0103<\/em>, cercui\u0163i \u015fi umplu\u0163i cu lut. Plan\u015feul este realizat din grinzi de lemn, iar acoperi\u015ful, \u00een patru ape &#8211; cu pant\u0103 repede &#8211; are \u00eenvelitoarea din \u015fi\u0163\u0103.<\/p>\n<p><em>Pimni\u0163a<\/em>, lucrat\u0103 din b\u00e2rne masive de stejar \u00eencheiate \u00een cheutoare dreapt\u0103, are o singur\u0103 \u00eenc\u0103pere unde erau p\u0103strate: linul, teascul, butoaiele pentru vin \u015fi o parte din instrumentarul viticol. Demn de remarcat sunt st\u00e2lpii prispei lucra\u0163i artistic, prin fasonare cu barda.<\/p>\n<\/div><div class=\"fusion-clearfix\"><\/div><\/div><\/div><\/div><\/div>\n","protected":false},"excerpt":{"rendered":"","protected":false},"author":4,"featured_media":0,"comment_status":"closed","ping_status":"closed","sticky":false,"template":"","format":"standard","meta":{"footnotes":""},"categories":[1],"tags":[],"class_list":["post-4097","post","type-post","status-publish","format-standard","hentry","category-evenimente"],"yoast_head":"<!-- This site is optimized with the Yoast SEO plugin v27.5 - https:\/\/yoast.com\/product\/yoast-seo-wordpress\/ -->\n<title>GOSPOD\u0102RIE VITICOL\u0102, ZONA PRAHOVA, SECOLUL AL XIX-LEA<\/title>\n<meta name=\"description\" content=\"GOSPOD\u0102RIE VITICOL\u0102, ZONA PRAHOVA, SECOLUL AL XIX-LEA\" \/>\n<meta name=\"robots\" content=\"index, follow, max-snippet:-1, max-image-preview:large, max-video-preview:-1\" \/>\n<link rel=\"canonical\" href=\"https:\/\/muzeulgolesti.ro\/ro\/evenimente\/gospodarie-viticola-zona-prahova-secolul-al-xix-lea\/\" \/>\n<meta property=\"og:locale\" content=\"ro_RO\" \/>\n<meta property=\"og:locale:alternate\" content=\"en_UK\" \/>\n<meta property=\"og:type\" content=\"article\" \/>\n<meta property=\"og:title\" content=\"GOSPOD\u0102RIE VITICOL\u0102, ZONA PRAHOVA, SECOLUL AL XIX-LEA\" \/>\n<meta property=\"og:description\" content=\"GOSPOD\u0102RIE VITICOL\u0102, ZONA PRAHOVA, SECOLUL AL XIX-LEA\" \/>\n<meta property=\"og:url\" content=\"https:\/\/muzeulgolesti.ro\/ro\/evenimente\/gospodarie-viticola-zona-prahova-secolul-al-xix-lea\/\" \/>\n<meta property=\"og:site_name\" content=\"Muzeul Viticulturii si Pomiculturii Golesti\" \/>\n<meta property=\"article:publisher\" content=\"https:\/\/web.facebook.com\/www.muzeulgolesti.ro\" \/>\n<meta property=\"article:published_time\" content=\"2020-05-23T08:02:07+00:00\" \/>\n<meta name=\"author\" content=\"Aurelian\" \/>\n<meta name=\"twitter:card\" content=\"summary_large_image\" \/>\n<meta name=\"twitter:label1\" content=\"Scris de\" \/>\n\t<meta name=\"twitter:data1\" content=\"Aurelian\" \/>\n\t<meta name=\"twitter:label2\" content=\"Timp estimat pentru citire\" \/>\n\t<meta name=\"twitter:data2\" content=\"4 minute\" \/>\n<script type=\"application\/ld+json\" class=\"yoast-schema-graph\">{\"@context\":\"https:\\\/\\\/schema.org\",\"@graph\":[{\"@type\":\"Article\",\"@id\":\"https:\\\/\\\/muzeulgolesti.ro\\\/ro\\\/evenimente\\\/gospodarie-viticola-zona-prahova-secolul-al-xix-lea\\\/#article\",\"isPartOf\":{\"@id\":\"https:\\\/\\\/muzeulgolesti.ro\\\/ro\\\/evenimente\\\/gospodarie-viticola-zona-prahova-secolul-al-xix-lea\\\/\"},\"author\":{\"name\":\"Aurelian\",\"@id\":\"https:\\\/\\\/muzeulgolesti.ro\\\/ro\\\/#\\\/schema\\\/person\\\/acff93f78d5f76316eef77f2d28e0539\"},\"headline\":\"GOSPOD\u0102RIE VITICOL\u0102, ZONA PRAHOVA, SECOLUL AL XIX-LEA\",\"datePublished\":\"2020-05-23T08:02:07+00:00\",\"mainEntityOfPage\":{\"@id\":\"https:\\\/\\\/muzeulgolesti.ro\\\/ro\\\/evenimente\\\/gospodarie-viticola-zona-prahova-secolul-al-xix-lea\\\/\"},\"wordCount\":888,\"publisher\":{\"@id\":\"https:\\\/\\\/muzeulgolesti.ro\\\/ro\\\/#organization\"},\"articleSection\":[\"Evenimente\"],\"inLanguage\":\"ro-RO\"},{\"@type\":\"WebPage\",\"@id\":\"https:\\\/\\\/muzeulgolesti.ro\\\/ro\\\/evenimente\\\/gospodarie-viticola-zona-prahova-secolul-al-xix-lea\\\/\",\"url\":\"https:\\\/\\\/muzeulgolesti.ro\\\/ro\\\/evenimente\\\/gospodarie-viticola-zona-prahova-secolul-al-xix-lea\\\/\",\"name\":\"GOSPOD\u0102RIE VITICOL\u0102, ZONA PRAHOVA, SECOLUL AL XIX-LEA\",\"isPartOf\":{\"@id\":\"https:\\\/\\\/muzeulgolesti.ro\\\/ro\\\/#website\"},\"datePublished\":\"2020-05-23T08:02:07+00:00\",\"description\":\"GOSPOD\u0102RIE VITICOL\u0102, ZONA PRAHOVA, SECOLUL AL XIX-LEA\",\"breadcrumb\":{\"@id\":\"https:\\\/\\\/muzeulgolesti.ro\\\/ro\\\/evenimente\\\/gospodarie-viticola-zona-prahova-secolul-al-xix-lea\\\/#breadcrumb\"},\"inLanguage\":\"ro-RO\",\"potentialAction\":[{\"@type\":\"ReadAction\",\"target\":[\"https:\\\/\\\/muzeulgolesti.ro\\\/ro\\\/evenimente\\\/gospodarie-viticola-zona-prahova-secolul-al-xix-lea\\\/\"]}]},{\"@type\":\"BreadcrumbList\",\"@id\":\"https:\\\/\\\/muzeulgolesti.ro\\\/ro\\\/evenimente\\\/gospodarie-viticola-zona-prahova-secolul-al-xix-lea\\\/#breadcrumb\",\"itemListElement\":[{\"@type\":\"ListItem\",\"position\":1,\"name\":\"Prima pagin\u0103\",\"item\":\"https:\\\/\\\/muzeulgolesti.ro\\\/ro\\\/\"},{\"@type\":\"ListItem\",\"position\":2,\"name\":\"GOSPOD\u0102RIE VITICOL\u0102, ZONA PRAHOVA, SECOLUL AL XIX-LEA\"}]},{\"@type\":\"WebSite\",\"@id\":\"https:\\\/\\\/muzeulgolesti.ro\\\/ro\\\/#website\",\"url\":\"https:\\\/\\\/muzeulgolesti.ro\\\/ro\\\/\",\"name\":\"Muzeul Vititculturii si Pomiculturii Golesti\",\"description\":\"Cultura, Etnografie, Istorie - Muzeul Vititculturii si Pomiculturii Golesti\",\"publisher\":{\"@id\":\"https:\\\/\\\/muzeulgolesti.ro\\\/ro\\\/#organization\"},\"potentialAction\":[{\"@type\":\"SearchAction\",\"target\":{\"@type\":\"EntryPoint\",\"urlTemplate\":\"https:\\\/\\\/muzeulgolesti.ro\\\/ro\\\/?s={search_term_string}\"},\"query-input\":{\"@type\":\"PropertyValueSpecification\",\"valueRequired\":true,\"valueName\":\"search_term_string\"}}],\"inLanguage\":\"ro-RO\"},{\"@type\":\"Organization\",\"@id\":\"https:\\\/\\\/muzeulgolesti.ro\\\/ro\\\/#organization\",\"name\":\"Muzeul Vititculturii si Pomiculturii Golesti\",\"url\":\"https:\\\/\\\/muzeulgolesti.ro\\\/ro\\\/\",\"logo\":{\"@type\":\"ImageObject\",\"inLanguage\":\"ro-RO\",\"@id\":\"https:\\\/\\\/muzeulgolesti.ro\\\/ro\\\/#\\\/schema\\\/logo\\\/image\\\/\",\"url\":\"https:\\\/\\\/muzeulgolesti.ro\\\/wp-content\\\/uploads\\\/2022\\\/11\\\/SiglaMuzeu.jpg\",\"contentUrl\":\"https:\\\/\\\/muzeulgolesti.ro\\\/wp-content\\\/uploads\\\/2022\\\/11\\\/SiglaMuzeu.jpg\",\"width\":86,\"height\":50,\"caption\":\"Muzeul Vititculturii si Pomiculturii Golesti\"},\"image\":{\"@id\":\"https:\\\/\\\/muzeulgolesti.ro\\\/ro\\\/#\\\/schema\\\/logo\\\/image\\\/\"},\"sameAs\":[\"https:\\\/\\\/web.facebook.com\\\/www.muzeulgolesti.ro\"]},{\"@type\":\"Person\",\"@id\":\"https:\\\/\\\/muzeulgolesti.ro\\\/ro\\\/#\\\/schema\\\/person\\\/acff93f78d5f76316eef77f2d28e0539\",\"name\":\"Aurelian\",\"url\":\"https:\\\/\\\/muzeulgolesti.ro\\\/ro\\\/author\\\/auras\\\/\"}]}<\/script>\n<!-- \/ Yoast SEO plugin. -->","yoast_head_json":{"title":"GOSPOD\u0102RIE VITICOL\u0102, ZONA PRAHOVA, SECOLUL AL XIX-LEA","description":"[:ro]GOSPOD\u0102RIE VITICOL\u0102, ZONA PRAHOVA, SECOLUL AL XIX-LEA[:]","robots":{"index":"index","follow":"follow","max-snippet":"max-snippet:-1","max-image-preview":"max-image-preview:large","max-video-preview":"max-video-preview:-1"},"canonical":"https:\/\/muzeulgolesti.ro\/ro\/evenimente\/gospodarie-viticola-zona-prahova-secolul-al-xix-lea\/","og_locale":"ro_RO","og_type":"article","og_title":"[:ro]GOSPOD\u0102RIE VITICOL\u0102, ZONA PRAHOVA, SECOLUL AL XIX-LEA[:] - Muzeul Viticulturii si Pomiculturii Golesti","og_description":"[:ro]GOSPOD\u0102RIE VITICOL\u0102, ZONA PRAHOVA, SECOLUL AL XIX-LEA[:]","og_url":"https:\/\/muzeulgolesti.ro\/ro\/evenimente\/gospodarie-viticola-zona-prahova-secolul-al-xix-lea\/","og_site_name":"Muzeul Viticulturii si Pomiculturii Golesti","article_publisher":"https:\/\/web.facebook.com\/www.muzeulgolesti.ro","article_published_time":"2020-05-23T08:02:07+00:00","author":"Aurelian","twitter_card":"summary_large_image","twitter_misc":{"Scris de":"Aurelian","Timp estimat pentru citire":"4 minute"},"schema":{"@context":"https:\/\/schema.org","@graph":[{"@type":"Article","@id":"https:\/\/muzeulgolesti.ro\/ro\/evenimente\/gospodarie-viticola-zona-prahova-secolul-al-xix-lea\/#article","isPartOf":{"@id":"https:\/\/muzeulgolesti.ro\/ro\/evenimente\/gospodarie-viticola-zona-prahova-secolul-al-xix-lea\/"},"author":{"name":"Aurelian","@id":"https:\/\/muzeulgolesti.ro\/ro\/#\/schema\/person\/acff93f78d5f76316eef77f2d28e0539"},"headline":"GOSPOD\u0102RIE VITICOL\u0102, ZONA PRAHOVA, SECOLUL AL XIX-LEA","datePublished":"2020-05-23T08:02:07+00:00","mainEntityOfPage":{"@id":"https:\/\/muzeulgolesti.ro\/ro\/evenimente\/gospodarie-viticola-zona-prahova-secolul-al-xix-lea\/"},"wordCount":888,"publisher":{"@id":"https:\/\/muzeulgolesti.ro\/ro\/#organization"},"articleSection":["Evenimente"],"inLanguage":"ro-RO"},{"@type":"WebPage","@id":"https:\/\/muzeulgolesti.ro\/ro\/evenimente\/gospodarie-viticola-zona-prahova-secolul-al-xix-lea\/","url":"https:\/\/muzeulgolesti.ro\/ro\/evenimente\/gospodarie-viticola-zona-prahova-secolul-al-xix-lea\/","name":"GOSPOD\u0102RIE VITICOL\u0102, ZONA PRAHOVA, SECOLUL AL XIX-LEA","isPartOf":{"@id":"https:\/\/muzeulgolesti.ro\/ro\/#website"},"datePublished":"2020-05-23T08:02:07+00:00","description":"GOSPOD\u0102RIE VITICOL\u0102, ZONA PRAHOVA, SECOLUL AL XIX-LEA","breadcrumb":{"@id":"https:\/\/muzeulgolesti.ro\/ro\/evenimente\/gospodarie-viticola-zona-prahova-secolul-al-xix-lea\/#breadcrumb"},"inLanguage":"ro-RO","potentialAction":[{"@type":"ReadAction","target":["https:\/\/muzeulgolesti.ro\/ro\/evenimente\/gospodarie-viticola-zona-prahova-secolul-al-xix-lea\/"]}]},{"@type":"BreadcrumbList","@id":"https:\/\/muzeulgolesti.ro\/ro\/evenimente\/gospodarie-viticola-zona-prahova-secolul-al-xix-lea\/#breadcrumb","itemListElement":[{"@type":"ListItem","position":1,"name":"Prima pagin\u0103","item":"https:\/\/muzeulgolesti.ro\/ro\/"},{"@type":"ListItem","position":2,"name":"GOSPOD\u0102RIE VITICOL\u0102, ZONA PRAHOVA, SECOLUL AL XIX-LEA"}]},{"@type":"WebSite","@id":"https:\/\/muzeulgolesti.ro\/ro\/#website","url":"https:\/\/muzeulgolesti.ro\/ro\/","name":"Muzeul Vititculturii si Pomiculturii Golesti","description":"Cultura, Etnografie, Istorie - Muzeul Vititculturii si Pomiculturii Golesti","publisher":{"@id":"https:\/\/muzeulgolesti.ro\/ro\/#organization"},"potentialAction":[{"@type":"SearchAction","target":{"@type":"EntryPoint","urlTemplate":"https:\/\/muzeulgolesti.ro\/ro\/?s={search_term_string}"},"query-input":{"@type":"PropertyValueSpecification","valueRequired":true,"valueName":"search_term_string"}}],"inLanguage":"ro-RO"},{"@type":"Organization","@id":"https:\/\/muzeulgolesti.ro\/ro\/#organization","name":"Muzeul Vititculturii si Pomiculturii Golesti","url":"https:\/\/muzeulgolesti.ro\/ro\/","logo":{"@type":"ImageObject","inLanguage":"ro-RO","@id":"https:\/\/muzeulgolesti.ro\/ro\/#\/schema\/logo\/image\/","url":"https:\/\/muzeulgolesti.ro\/wp-content\/uploads\/2022\/11\/SiglaMuzeu.jpg","contentUrl":"https:\/\/muzeulgolesti.ro\/wp-content\/uploads\/2022\/11\/SiglaMuzeu.jpg","width":86,"height":50,"caption":"Muzeul Vititculturii si Pomiculturii Golesti"},"image":{"@id":"https:\/\/muzeulgolesti.ro\/ro\/#\/schema\/logo\/image\/"},"sameAs":["https:\/\/web.facebook.com\/www.muzeulgolesti.ro"]},{"@type":"Person","@id":"https:\/\/muzeulgolesti.ro\/ro\/#\/schema\/person\/acff93f78d5f76316eef77f2d28e0539","name":"Aurelian","url":"https:\/\/muzeulgolesti.ro\/ro\/author\/auras\/"}]}},"_links":{"self":[{"href":"https:\/\/muzeulgolesti.ro\/ro\/wp-json\/wp\/v2\/posts\/4097","targetHints":{"allow":["GET"]}}],"collection":[{"href":"https:\/\/muzeulgolesti.ro\/ro\/wp-json\/wp\/v2\/posts"}],"about":[{"href":"https:\/\/muzeulgolesti.ro\/ro\/wp-json\/wp\/v2\/types\/post"}],"author":[{"embeddable":true,"href":"https:\/\/muzeulgolesti.ro\/ro\/wp-json\/wp\/v2\/users\/4"}],"replies":[{"embeddable":true,"href":"https:\/\/muzeulgolesti.ro\/ro\/wp-json\/wp\/v2\/comments?post=4097"}],"version-history":[{"count":1,"href":"https:\/\/muzeulgolesti.ro\/ro\/wp-json\/wp\/v2\/posts\/4097\/revisions"}],"predecessor-version":[{"id":4099,"href":"https:\/\/muzeulgolesti.ro\/ro\/wp-json\/wp\/v2\/posts\/4097\/revisions\/4099"}],"wp:attachment":[{"href":"https:\/\/muzeulgolesti.ro\/ro\/wp-json\/wp\/v2\/media?parent=4097"}],"wp:term":[{"taxonomy":"category","embeddable":true,"href":"https:\/\/muzeulgolesti.ro\/ro\/wp-json\/wp\/v2\/categories?post=4097"},{"taxonomy":"post_tag","embeddable":true,"href":"https:\/\/muzeulgolesti.ro\/ro\/wp-json\/wp\/v2\/tags?post=4097"}],"curies":[{"name":"wp","href":"https:\/\/api.w.org\/{rel}","templated":true}]}}