{"id":4123,"date":"2020-05-23T08:28:23","date_gmt":"2020-05-23T08:28:23","guid":{"rendered":"https:\/\/muzeulgolesti.ro\/ro\/?p=4123"},"modified":"2020-05-23T08:28:56","modified_gmt":"2020-05-23T08:28:56","slug":"gospodarie-pomicola-zona-bran-brasov-sec-al-xix-lea","status":"publish","type":"post","link":"https:\/\/muzeulgolesti.ro\/ro\/evenimente\/gospodarie-pomicola-zona-bran-brasov-sec-al-xix-lea\/","title":{"rendered":"GOSPOD\u0102RIE POMICOL\u0102, ZONA BRAN-BRA\u015eOV, SEC. AL XIX-LEA"},"content":{"rendered":"<div class=\"fusion-fullwidth fullwidth-box fusion-builder-row-1 nonhundred-percent-fullwidth non-hundred-percent-height-scrolling\" style=\"--awb-border-radius-top-left:0px;--awb-border-radius-top-right:0px;--awb-border-radius-bottom-right:0px;--awb-border-radius-bottom-left:0px;--awb-flex-wrap:wrap;\" ><div class=\"fusion-builder-row fusion-row\"><div class=\"fusion-layout-column fusion_builder_column fusion-builder-column-0 fusion_builder_column_1_1 1_1 fusion-one-full fusion-column-first fusion-column-last\" style=\"--awb-bg-size:cover;\"><div class=\"fusion-column-wrapper fusion-column-has-shadow fusion-flex-column-wrapper-legacy\"><div class=\"fusion-image-element in-legacy-container\" style=\"--awb-caption-title-font-family:var(--h2_typography-font-family);--awb-caption-title-font-weight:var(--h2_typography-font-weight);--awb-caption-title-font-style:var(--h2_typography-font-style);--awb-caption-title-size:var(--h2_typography-font-size);--awb-caption-title-transform:var(--h2_typography-text-transform);--awb-caption-title-line-height:var(--h2_typography-line-height);--awb-caption-title-letter-spacing:var(--h2_typography-letter-spacing);\"><span class=\" fusion-imageframe imageframe-none imageframe-1 hover-type-none\"><img decoding=\"async\" width=\"1000\" height=\"500\" title=\"image_31\" src=\"https:\/\/muzeulgolesti.ro\/wp-content\/uploads\/2020\/05\/image_31.jpg\" alt class=\"img-responsive wp-image-4124\" srcset=\"https:\/\/muzeulgolesti.ro\/wp-content\/uploads\/2020\/05\/image_31-200x100.jpg 200w, https:\/\/muzeulgolesti.ro\/wp-content\/uploads\/2020\/05\/image_31-400x200.jpg 400w, https:\/\/muzeulgolesti.ro\/wp-content\/uploads\/2020\/05\/image_31-600x300.jpg 600w, https:\/\/muzeulgolesti.ro\/wp-content\/uploads\/2020\/05\/image_31-800x400.jpg 800w, https:\/\/muzeulgolesti.ro\/wp-content\/uploads\/2020\/05\/image_31.jpg 1000w\" sizes=\"(max-width: 800px) 100vw, 1000px\" \/><\/span><\/div><div class=\"fusion-text fusion-text-1\"><h3><strong>\u00a0<\/strong><strong>Gospod\u0103rie pomicol\u0103, zona Bran-Bra\u015fov, secolul al XIX-lea<\/strong><\/h3>\n<p>Gospod\u0103ria de pomicultor <em>cas\u0103 cu ocol \u00eent\u0103rit<\/em> (curte \u00eenchis\u0103 de anexe gospod\u0103re\u015fti \u015fi gard \u00eenalt) are pod \u015fi acoperi\u015ful prelungit, \u00een exterior, cu polat\u0103; provine din satul Pe\u015ftera, comuna Moeciu, zona Bran \u015fi cuprinde casa \u015fi anexele gospod\u0103re\u015fti (pentru ad\u0103postirea vitelor, atelajelor \u015fi instrumentarului pomicol aferent).<\/p>\n<p>Casa, construit\u0103 din b\u00e2rne rotunde de brad, \u00eembinate \u00een <em>cheotoare rotund\u0103<\/em>, \u00een\u0103l\u0163at\u0103 pe temelie din piatr\u0103 de r\u00e2u, a fost construit\u0103 \u00een anul 1837. Planul cuprinde trei \u00eenc\u0103peri: o tind\u0103 rece, camera bun\u0103 \u2013 de dimensiuni mai mari &#8211; \u015fi buc\u0103t\u0103ria \u2013 prev\u0103zut\u0103 cu sob\u0103 \u015fi vatr\u0103. Pere\u0163ii sunt tencui\u0163i, interior \u015fi, par\u0163ial, exterior, cu p\u0103m\u00e2nt \u015fi v\u0103rui\u0163i. Pe latura din fa\u0163\u0103, are prisp\u0103 deschis\u0103, f\u0103r\u0103 st\u00e2lpi de sus\u0163inere, rezultat\u0103 din prelungirea cosoroabelor \u015fi a c\u0103priorilor,\u00a0 iar acoperi\u015ful, <em>\u00een patru ape, <\/em>are<em> \u00eenvelitoarea<\/em> din \u015fi\u0163\u0103 de brad, b\u0103tut\u0103 la trei r\u00e2nduri.<\/p>\n<\/div><div class=\"fusion-clearfix\"><\/div><\/div><\/div><\/div><\/div>\n","protected":false},"excerpt":{"rendered":"","protected":false},"author":4,"featured_media":0,"comment_status":"closed","ping_status":"closed","sticky":false,"template":"","format":"standard","meta":{"footnotes":""},"categories":[1],"tags":[],"class_list":["post-4123","post","type-post","status-publish","format-standard","hentry","category-evenimente"],"yoast_head":"<!-- This site is optimized with the Yoast SEO plugin v27.5 - https:\/\/yoast.com\/product\/yoast-seo-wordpress\/ -->\n<title>GOSPOD\u0102RIE POMICOL\u0102, ZONA BRAN-BRA\u015eOV, SEC. AL XIX-LEA<\/title>\n<meta name=\"description\" content=\"GOSPOD\u0102RIE POMICOL\u0102, ZONA BRAN-BRA\u015eOV, SEC. AL XIX-LEA\" \/>\n<meta name=\"robots\" content=\"index, follow, max-snippet:-1, max-image-preview:large, max-video-preview:-1\" \/>\n<link rel=\"canonical\" href=\"https:\/\/muzeulgolesti.ro\/ro\/evenimente\/gospodarie-pomicola-zona-bran-brasov-sec-al-xix-lea\/\" \/>\n<meta property=\"og:locale\" content=\"ro_RO\" \/>\n<meta property=\"og:locale:alternate\" content=\"en_UK\" \/>\n<meta property=\"og:type\" content=\"article\" \/>\n<meta property=\"og:title\" content=\"GOSPOD\u0102RIE POMICOL\u0102, ZONA BRAN-BRA\u015eOV, SEC. AL XIX-LEA\" \/>\n<meta property=\"og:description\" content=\"GOSPOD\u0102RIE POMICOL\u0102, ZONA BRAN-BRA\u015eOV, SEC. AL XIX-LEA\" \/>\n<meta property=\"og:url\" content=\"https:\/\/muzeulgolesti.ro\/ro\/evenimente\/gospodarie-pomicola-zona-bran-brasov-sec-al-xix-lea\/\" \/>\n<meta property=\"og:site_name\" content=\"Muzeul Viticulturii si Pomiculturii Golesti\" \/>\n<meta property=\"article:publisher\" content=\"https:\/\/web.facebook.com\/www.muzeulgolesti.ro\" \/>\n<meta property=\"article:published_time\" content=\"2020-05-23T08:28:23+00:00\" \/>\n<meta property=\"article:modified_time\" content=\"2020-05-23T08:28:56+00:00\" \/>\n<meta name=\"author\" content=\"Aurelian\" \/>\n<meta name=\"twitter:card\" content=\"summary_large_image\" \/>\n<meta name=\"twitter:label1\" content=\"Scris de\" \/>\n\t<meta name=\"twitter:data1\" content=\"Aurelian\" \/>\n\t<meta name=\"twitter:label2\" content=\"Timp estimat pentru citire\" \/>\n\t<meta name=\"twitter:data2\" content=\"3 minute\" \/>\n<script type=\"application\/ld+json\" class=\"yoast-schema-graph\">{\"@context\":\"https:\\\/\\\/schema.org\",\"@graph\":[{\"@type\":\"Article\",\"@id\":\"https:\\\/\\\/muzeulgolesti.ro\\\/ro\\\/evenimente\\\/gospodarie-pomicola-zona-bran-brasov-sec-al-xix-lea\\\/#article\",\"isPartOf\":{\"@id\":\"https:\\\/\\\/muzeulgolesti.ro\\\/ro\\\/evenimente\\\/gospodarie-pomicola-zona-bran-brasov-sec-al-xix-lea\\\/\"},\"author\":{\"name\":\"Aurelian\",\"@id\":\"https:\\\/\\\/muzeulgolesti.ro\\\/ro\\\/#\\\/schema\\\/person\\\/acff93f78d5f76316eef77f2d28e0539\"},\"headline\":\"GOSPOD\u0102RIE POMICOL\u0102, ZONA BRAN-BRA\u015eOV, SEC. AL XIX-LEA\",\"datePublished\":\"2020-05-23T08:28:23+00:00\",\"dateModified\":\"2020-05-23T08:28:56+00:00\",\"mainEntityOfPage\":{\"@id\":\"https:\\\/\\\/muzeulgolesti.ro\\\/ro\\\/evenimente\\\/gospodarie-pomicola-zona-bran-brasov-sec-al-xix-lea\\\/\"},\"wordCount\":661,\"publisher\":{\"@id\":\"https:\\\/\\\/muzeulgolesti.ro\\\/ro\\\/#organization\"},\"articleSection\":[\"Evenimente\"],\"inLanguage\":\"ro-RO\"},{\"@type\":\"WebPage\",\"@id\":\"https:\\\/\\\/muzeulgolesti.ro\\\/ro\\\/evenimente\\\/gospodarie-pomicola-zona-bran-brasov-sec-al-xix-lea\\\/\",\"url\":\"https:\\\/\\\/muzeulgolesti.ro\\\/ro\\\/evenimente\\\/gospodarie-pomicola-zona-bran-brasov-sec-al-xix-lea\\\/\",\"name\":\"GOSPOD\u0102RIE POMICOL\u0102, ZONA BRAN-BRA\u015eOV, SEC. AL XIX-LEA\",\"isPartOf\":{\"@id\":\"https:\\\/\\\/muzeulgolesti.ro\\\/ro\\\/#website\"},\"datePublished\":\"2020-05-23T08:28:23+00:00\",\"dateModified\":\"2020-05-23T08:28:56+00:00\",\"description\":\"GOSPOD\u0102RIE POMICOL\u0102, ZONA BRAN-BRA\u015eOV, SEC. AL XIX-LEA\",\"breadcrumb\":{\"@id\":\"https:\\\/\\\/muzeulgolesti.ro\\\/ro\\\/evenimente\\\/gospodarie-pomicola-zona-bran-brasov-sec-al-xix-lea\\\/#breadcrumb\"},\"inLanguage\":\"ro-RO\",\"potentialAction\":[{\"@type\":\"ReadAction\",\"target\":[\"https:\\\/\\\/muzeulgolesti.ro\\\/ro\\\/evenimente\\\/gospodarie-pomicola-zona-bran-brasov-sec-al-xix-lea\\\/\"]}]},{\"@type\":\"BreadcrumbList\",\"@id\":\"https:\\\/\\\/muzeulgolesti.ro\\\/ro\\\/evenimente\\\/gospodarie-pomicola-zona-bran-brasov-sec-al-xix-lea\\\/#breadcrumb\",\"itemListElement\":[{\"@type\":\"ListItem\",\"position\":1,\"name\":\"Prima pagin\u0103\",\"item\":\"https:\\\/\\\/muzeulgolesti.ro\\\/ro\\\/\"},{\"@type\":\"ListItem\",\"position\":2,\"name\":\"GOSPOD\u0102RIE POMICOL\u0102, ZONA BRAN-BRA\u015eOV, SEC. AL XIX-LEA\"}]},{\"@type\":\"WebSite\",\"@id\":\"https:\\\/\\\/muzeulgolesti.ro\\\/ro\\\/#website\",\"url\":\"https:\\\/\\\/muzeulgolesti.ro\\\/ro\\\/\",\"name\":\"Muzeul Vititculturii si Pomiculturii Golesti\",\"description\":\"Cultura, Etnografie, Istorie - Muzeul Vititculturii si Pomiculturii Golesti\",\"publisher\":{\"@id\":\"https:\\\/\\\/muzeulgolesti.ro\\\/ro\\\/#organization\"},\"potentialAction\":[{\"@type\":\"SearchAction\",\"target\":{\"@type\":\"EntryPoint\",\"urlTemplate\":\"https:\\\/\\\/muzeulgolesti.ro\\\/ro\\\/?s={search_term_string}\"},\"query-input\":{\"@type\":\"PropertyValueSpecification\",\"valueRequired\":true,\"valueName\":\"search_term_string\"}}],\"inLanguage\":\"ro-RO\"},{\"@type\":\"Organization\",\"@id\":\"https:\\\/\\\/muzeulgolesti.ro\\\/ro\\\/#organization\",\"name\":\"Muzeul Vititculturii si Pomiculturii Golesti\",\"url\":\"https:\\\/\\\/muzeulgolesti.ro\\\/ro\\\/\",\"logo\":{\"@type\":\"ImageObject\",\"inLanguage\":\"ro-RO\",\"@id\":\"https:\\\/\\\/muzeulgolesti.ro\\\/ro\\\/#\\\/schema\\\/logo\\\/image\\\/\",\"url\":\"https:\\\/\\\/muzeulgolesti.ro\\\/wp-content\\\/uploads\\\/2022\\\/11\\\/SiglaMuzeu.jpg\",\"contentUrl\":\"https:\\\/\\\/muzeulgolesti.ro\\\/wp-content\\\/uploads\\\/2022\\\/11\\\/SiglaMuzeu.jpg\",\"width\":86,\"height\":50,\"caption\":\"Muzeul Vititculturii si Pomiculturii Golesti\"},\"image\":{\"@id\":\"https:\\\/\\\/muzeulgolesti.ro\\\/ro\\\/#\\\/schema\\\/logo\\\/image\\\/\"},\"sameAs\":[\"https:\\\/\\\/web.facebook.com\\\/www.muzeulgolesti.ro\"]},{\"@type\":\"Person\",\"@id\":\"https:\\\/\\\/muzeulgolesti.ro\\\/ro\\\/#\\\/schema\\\/person\\\/acff93f78d5f76316eef77f2d28e0539\",\"name\":\"Aurelian\",\"url\":\"https:\\\/\\\/muzeulgolesti.ro\\\/ro\\\/author\\\/auras\\\/\"}]}<\/script>\n<!-- \/ Yoast SEO plugin. -->","yoast_head_json":{"title":"GOSPOD\u0102RIE POMICOL\u0102, ZONA BRAN-BRA\u015eOV, SEC. AL XIX-LEA","description":"[:ro]GOSPOD\u0102RIE POMICOL\u0102, ZONA BRAN-BRA\u015eOV, SEC. AL XIX-LEA[:]","robots":{"index":"index","follow":"follow","max-snippet":"max-snippet:-1","max-image-preview":"max-image-preview:large","max-video-preview":"max-video-preview:-1"},"canonical":"https:\/\/muzeulgolesti.ro\/ro\/evenimente\/gospodarie-pomicola-zona-bran-brasov-sec-al-xix-lea\/","og_locale":"ro_RO","og_type":"article","og_title":"[:ro]GOSPOD\u0102RIE POMICOL\u0102, ZONA BRAN-BRA\u015eOV, SEC. AL XIX-LEA[:] - Muzeul Viticulturii si Pomiculturii Golesti","og_description":"[:ro]GOSPOD\u0102RIE POMICOL\u0102, ZONA BRAN-BRA\u015eOV, SEC. AL XIX-LEA[:]","og_url":"https:\/\/muzeulgolesti.ro\/ro\/evenimente\/gospodarie-pomicola-zona-bran-brasov-sec-al-xix-lea\/","og_site_name":"Muzeul Viticulturii si Pomiculturii Golesti","article_publisher":"https:\/\/web.facebook.com\/www.muzeulgolesti.ro","article_published_time":"2020-05-23T08:28:23+00:00","article_modified_time":"2020-05-23T08:28:56+00:00","author":"Aurelian","twitter_card":"summary_large_image","twitter_misc":{"Scris de":"Aurelian","Timp estimat pentru citire":"3 minute"},"schema":{"@context":"https:\/\/schema.org","@graph":[{"@type":"Article","@id":"https:\/\/muzeulgolesti.ro\/ro\/evenimente\/gospodarie-pomicola-zona-bran-brasov-sec-al-xix-lea\/#article","isPartOf":{"@id":"https:\/\/muzeulgolesti.ro\/ro\/evenimente\/gospodarie-pomicola-zona-bran-brasov-sec-al-xix-lea\/"},"author":{"name":"Aurelian","@id":"https:\/\/muzeulgolesti.ro\/ro\/#\/schema\/person\/acff93f78d5f76316eef77f2d28e0539"},"headline":"GOSPOD\u0102RIE POMICOL\u0102, ZONA BRAN-BRA\u015eOV, SEC. AL XIX-LEA","datePublished":"2020-05-23T08:28:23+00:00","dateModified":"2020-05-23T08:28:56+00:00","mainEntityOfPage":{"@id":"https:\/\/muzeulgolesti.ro\/ro\/evenimente\/gospodarie-pomicola-zona-bran-brasov-sec-al-xix-lea\/"},"wordCount":661,"publisher":{"@id":"https:\/\/muzeulgolesti.ro\/ro\/#organization"},"articleSection":["Evenimente"],"inLanguage":"ro-RO"},{"@type":"WebPage","@id":"https:\/\/muzeulgolesti.ro\/ro\/evenimente\/gospodarie-pomicola-zona-bran-brasov-sec-al-xix-lea\/","url":"https:\/\/muzeulgolesti.ro\/ro\/evenimente\/gospodarie-pomicola-zona-bran-brasov-sec-al-xix-lea\/","name":"GOSPOD\u0102RIE POMICOL\u0102, ZONA BRAN-BRA\u015eOV, SEC. AL XIX-LEA","isPartOf":{"@id":"https:\/\/muzeulgolesti.ro\/ro\/#website"},"datePublished":"2020-05-23T08:28:23+00:00","dateModified":"2020-05-23T08:28:56+00:00","description":"GOSPOD\u0102RIE POMICOL\u0102, ZONA BRAN-BRA\u015eOV, SEC. AL XIX-LEA","breadcrumb":{"@id":"https:\/\/muzeulgolesti.ro\/ro\/evenimente\/gospodarie-pomicola-zona-bran-brasov-sec-al-xix-lea\/#breadcrumb"},"inLanguage":"ro-RO","potentialAction":[{"@type":"ReadAction","target":["https:\/\/muzeulgolesti.ro\/ro\/evenimente\/gospodarie-pomicola-zona-bran-brasov-sec-al-xix-lea\/"]}]},{"@type":"BreadcrumbList","@id":"https:\/\/muzeulgolesti.ro\/ro\/evenimente\/gospodarie-pomicola-zona-bran-brasov-sec-al-xix-lea\/#breadcrumb","itemListElement":[{"@type":"ListItem","position":1,"name":"Prima pagin\u0103","item":"https:\/\/muzeulgolesti.ro\/ro\/"},{"@type":"ListItem","position":2,"name":"GOSPOD\u0102RIE POMICOL\u0102, ZONA BRAN-BRA\u015eOV, SEC. AL XIX-LEA"}]},{"@type":"WebSite","@id":"https:\/\/muzeulgolesti.ro\/ro\/#website","url":"https:\/\/muzeulgolesti.ro\/ro\/","name":"Muzeul Vititculturii si Pomiculturii Golesti","description":"Cultura, Etnografie, Istorie - Muzeul Vititculturii si Pomiculturii Golesti","publisher":{"@id":"https:\/\/muzeulgolesti.ro\/ro\/#organization"},"potentialAction":[{"@type":"SearchAction","target":{"@type":"EntryPoint","urlTemplate":"https:\/\/muzeulgolesti.ro\/ro\/?s={search_term_string}"},"query-input":{"@type":"PropertyValueSpecification","valueRequired":true,"valueName":"search_term_string"}}],"inLanguage":"ro-RO"},{"@type":"Organization","@id":"https:\/\/muzeulgolesti.ro\/ro\/#organization","name":"Muzeul Vititculturii si Pomiculturii Golesti","url":"https:\/\/muzeulgolesti.ro\/ro\/","logo":{"@type":"ImageObject","inLanguage":"ro-RO","@id":"https:\/\/muzeulgolesti.ro\/ro\/#\/schema\/logo\/image\/","url":"https:\/\/muzeulgolesti.ro\/wp-content\/uploads\/2022\/11\/SiglaMuzeu.jpg","contentUrl":"https:\/\/muzeulgolesti.ro\/wp-content\/uploads\/2022\/11\/SiglaMuzeu.jpg","width":86,"height":50,"caption":"Muzeul Vititculturii si Pomiculturii Golesti"},"image":{"@id":"https:\/\/muzeulgolesti.ro\/ro\/#\/schema\/logo\/image\/"},"sameAs":["https:\/\/web.facebook.com\/www.muzeulgolesti.ro"]},{"@type":"Person","@id":"https:\/\/muzeulgolesti.ro\/ro\/#\/schema\/person\/acff93f78d5f76316eef77f2d28e0539","name":"Aurelian","url":"https:\/\/muzeulgolesti.ro\/ro\/author\/auras\/"}]}},"_links":{"self":[{"href":"https:\/\/muzeulgolesti.ro\/ro\/wp-json\/wp\/v2\/posts\/4123","targetHints":{"allow":["GET"]}}],"collection":[{"href":"https:\/\/muzeulgolesti.ro\/ro\/wp-json\/wp\/v2\/posts"}],"about":[{"href":"https:\/\/muzeulgolesti.ro\/ro\/wp-json\/wp\/v2\/types\/post"}],"author":[{"embeddable":true,"href":"https:\/\/muzeulgolesti.ro\/ro\/wp-json\/wp\/v2\/users\/4"}],"replies":[{"embeddable":true,"href":"https:\/\/muzeulgolesti.ro\/ro\/wp-json\/wp\/v2\/comments?post=4123"}],"version-history":[{"count":2,"href":"https:\/\/muzeulgolesti.ro\/ro\/wp-json\/wp\/v2\/posts\/4123\/revisions"}],"predecessor-version":[{"id":4126,"href":"https:\/\/muzeulgolesti.ro\/ro\/wp-json\/wp\/v2\/posts\/4123\/revisions\/4126"}],"wp:attachment":[{"href":"https:\/\/muzeulgolesti.ro\/ro\/wp-json\/wp\/v2\/media?parent=4123"}],"wp:term":[{"taxonomy":"category","embeddable":true,"href":"https:\/\/muzeulgolesti.ro\/ro\/wp-json\/wp\/v2\/categories?post=4123"},{"taxonomy":"post_tag","embeddable":true,"href":"https:\/\/muzeulgolesti.ro\/ro\/wp-json\/wp\/v2\/tags?post=4123"}],"curies":[{"name":"wp","href":"https:\/\/api.w.org\/{rel}","templated":true}]}}