{"id":4569,"date":"2022-12-22T09:19:58","date_gmt":"2022-12-22T09:19:58","guid":{"rendered":"https:\/\/muzeulgolesti.ro\/ro\/?p=4569"},"modified":"2022-12-28T09:30:35","modified_gmt":"2022-12-28T09:30:35","slug":"perspectiva-metafizica","status":"publish","type":"post","link":"https:\/\/muzeulgolesti.ro\/ro\/evenimente\/perspectiva-metafizica\/","title":{"rendered":"Perspectiv\u0103 metafizic\u0103"},"content":{"rendered":"<p><img decoding=\"async\" class=\"alignnone size-full wp-image-4570\" src=\"https:\/\/muzeulgolesti.ro\/wp-content\/uploads\/2022\/12\/2022-11-28_10_30_35_466.png\" alt=\"\" width=\"430\" height=\"608\" srcset=\"https:\/\/muzeulgolesti.ro\/wp-content\/uploads\/2022\/12\/2022-11-28_10_30_35_466-200x283.png 200w, https:\/\/muzeulgolesti.ro\/wp-content\/uploads\/2022\/12\/2022-11-28_10_30_35_466-255x360.png 255w, https:\/\/muzeulgolesti.ro\/wp-content\/uploads\/2022\/12\/2022-11-28_10_30_35_466-400x566.png 400w, https:\/\/muzeulgolesti.ro\/wp-content\/uploads\/2022\/12\/2022-11-28_10_30_35_466.png 430w\" sizes=\"(max-width: 430px) 100vw, 430px\" \/><\/p>\n<p>\u00cen data de 5 decembrie 2022 va fi deschis\u0103 \u00een Sala de Art\u0103 Contemporan\u0103 a Muzeului Gole\u0219ti expozi\u021bia cu titlul \u201ePerspectiv\u0103 metafizic\u0103\u201d, apar\u021bin\u00e2nd artistelor Lavinia-Elena Vieru \u0219i Alexandra-Maria Ilie.<\/p>\n<p>Lavinia Vieru s-a n\u0103scut la 2 iulie 1989, \u00een Pite\u0219ti. Este artist vizual, Doctor \u00een Istorie, Profesor de Istoria Artelor la Atelierul de Specialitate Art\u0103 Monumental\u0103, Studiul Formelor \u00een Desen, \u00een cadrul\u00a0 Liceului de Arte Dinu Lipatti,\u00a0 Pite\u0219ti. Este membru al Uniunii Arti\u0219tilor Plastici din Rom\u00e2nia, Filiala Bucure\u0219ti,\u00a0 Sec\u021bia pictur\u0103. A participat cu lucr\u0103ri la 13 expozi\u021bii individuale \u0219i colective \u0219i cu eseuri despre artele plastice \u00een cadrul mai multor conferin\u021be de specialitate. A realizat prezent\u0103ri pentru mai multe expozi\u021bii de art\u0103 organizate de Uniunea Arti\u0219tilor Plastici din Rom\u00e2nia \u0219i cronic\u0103 de art\u0103 plastic\u0103 pentru mai multe publica\u021bii culturale.<\/p>\n<p>Alexandra-Maria Ilie s-a n\u0103scut la 10 septembrie 1988, \u00een Pite\u0219ti. Este membru stagiar al Uniunii Arti\u0219tilor Plastici din Rom\u00e2nia, Filiala Pite\u0219ti \u0219i Profesor de Arte Vizuale la \u0218coala Gimnazial\u0103 Nr. 20 Tudor Vladimirescu \u0219i Liceul Teoretic Ion Cantacuzino, ambele din Pite\u0219ti. \u00cen anul 2011 a absolvit Universitatea de Vest din Timi\u0219oara, Facultatea de Arte \u015fi Design, sec\u0163ia Grafic\u0103, iar \u00eentre anii 2009- 2010\u00a0 a fost Student\u0103 la Universitatea din Rzeszow, Polonia, Facultatea de Arte Plastice, prin programul de studii \u201cErasmus\u201d.<\/p>\n<p>Are 3\u00a0 expozi\u021bii personale \u0219i mai multe expozi\u021bii de grup \u00een \u021bar\u0103 \u0219i str\u0103in\u0103tate.<\/p>\n<p>Expozi\u021bia de fa\u021b\u0103 reune\u0219te viziunea celor dou\u0103 artiste, acestea abordeaz\u0103 tehnici diferite (pictura, mixed-media \u0219i cutout) \u0219i exploreaz\u0103 vizual ceea ce nu poate fi descoperit privirii: lumea subconstientului, fiin\u021barea g\u00e2ndurilor, spiritualitatea.C\u0103ut\u0103rile vizuale ale artistelor reprezint\u0103 un demers c\u0103tre dezv\u0103luirea unui univers spiritual, un ideal c\u0103tre care t\u00e2njm mai ales \u00een pragul s\u0103rb\u0103torilor.<\/p>\n<p>Expozi\u021bia Perspectiv\u0103 Metafizic\u0103 va putea fi vizitat\u0103 pan\u0103 pe data de 10 ianuarie 2023.<\/p>\n","protected":false},"excerpt":{"rendered":"<p>\u00cen data de 5 decembrie 2022 va fi deschis\u0103 \u00een Sala de Art\u0103 Contemporan\u0103 a Muzeului Gole\u0219ti expozi\u021bia cu titlul \u201ePerspectiv\u0103 metafizic\u0103\u201d, apar\u021bin\u00e2nd artistelor Lavinia-Elena Vieru \u0219i Alexandra-Maria Ilie. Lavinia  [&#8230;]<\/p>\n","protected":false},"author":4,"featured_media":4571,"comment_status":"closed","ping_status":"closed","sticky":false,"template":"","format":"standard","meta":{"footnotes":""},"categories":[1],"tags":[],"class_list":["post-4569","post","type-post","status-publish","format-standard","has-post-thumbnail","hentry","category-evenimente"],"yoast_head":"<!-- This site is optimized with the Yoast SEO plugin v27.5 - https:\/\/yoast.com\/product\/yoast-seo-wordpress\/ -->\n<title>Perspectiv\u0103 metafizic\u0103<\/title>\n<meta name=\"description\" content=\"Perspectiv\u0103 metafizic\u0103\" \/>\n<meta name=\"robots\" content=\"index, follow, max-snippet:-1, max-image-preview:large, max-video-preview:-1\" \/>\n<link rel=\"canonical\" href=\"https:\/\/muzeulgolesti.ro\/ro\/evenimente\/perspectiva-metafizica\/\" \/>\n<meta property=\"og:locale\" content=\"ro_RO\" \/>\n<meta property=\"og:locale:alternate\" content=\"en_UK\" \/>\n<meta property=\"og:type\" content=\"article\" \/>\n<meta property=\"og:title\" content=\"Perspectiv\u0103 metafizic\u0103\" \/>\n<meta property=\"og:description\" content=\"Perspectiv\u0103 metafizic\u0103\" \/>\n<meta property=\"og:url\" content=\"https:\/\/muzeulgolesti.ro\/ro\/evenimente\/perspectiva-metafizica\/\" \/>\n<meta property=\"og:site_name\" content=\"Muzeul Viticulturii si Pomiculturii Golesti\" \/>\n<meta property=\"article:publisher\" content=\"https:\/\/web.facebook.com\/www.muzeulgolesti.ro\" \/>\n<meta property=\"article:published_time\" content=\"2022-12-22T09:19:58+00:00\" \/>\n<meta property=\"article:modified_time\" content=\"2022-12-28T09:30:35+00:00\" \/>\n<meta property=\"og:image\" content=\"https:\/\/muzeulgolesti.ro\/wp-content\/uploads\/2022\/12\/slide_100.png\" \/>\n\t<meta property=\"og:image:width\" content=\"405\" \/>\n\t<meta property=\"og:image:height\" content=\"250\" \/>\n\t<meta property=\"og:image:type\" content=\"image\/png\" \/>\n<meta name=\"author\" content=\"Aurelian\" \/>\n<meta name=\"twitter:card\" content=\"summary_large_image\" \/>\n<meta name=\"twitter:label1\" content=\"Scris de\" \/>\n\t<meta name=\"twitter:data1\" content=\"Aurelian\" \/>\n\t<meta name=\"twitter:label2\" content=\"Timp estimat pentru citire\" \/>\n\t<meta name=\"twitter:data2\" content=\"2 minute\" \/>\n<script type=\"application\/ld+json\" class=\"yoast-schema-graph\">{\"@context\":\"https:\\\/\\\/schema.org\",\"@graph\":[{\"@type\":\"Article\",\"@id\":\"https:\\\/\\\/muzeulgolesti.ro\\\/ro\\\/evenimente\\\/perspectiva-metafizica\\\/#article\",\"isPartOf\":{\"@id\":\"https:\\\/\\\/muzeulgolesti.ro\\\/ro\\\/evenimente\\\/perspectiva-metafizica\\\/\"},\"author\":{\"name\":\"Aurelian\",\"@id\":\"https:\\\/\\\/muzeulgolesti.ro\\\/ro\\\/#\\\/schema\\\/person\\\/acff93f78d5f76316eef77f2d28e0539\"},\"headline\":\"Perspectiv\u0103 metafizic\u0103\",\"datePublished\":\"2022-12-22T09:19:58+00:00\",\"dateModified\":\"2022-12-28T09:30:35+00:00\",\"mainEntityOfPage\":{\"@id\":\"https:\\\/\\\/muzeulgolesti.ro\\\/ro\\\/evenimente\\\/perspectiva-metafizica\\\/\"},\"wordCount\":621,\"publisher\":{\"@id\":\"https:\\\/\\\/muzeulgolesti.ro\\\/ro\\\/#organization\"},\"image\":{\"@id\":\"https:\\\/\\\/muzeulgolesti.ro\\\/ro\\\/evenimente\\\/perspectiva-metafizica\\\/#primaryimage\"},\"thumbnailUrl\":\"https:\\\/\\\/muzeulgolesti.ro\\\/wp-content\\\/uploads\\\/2022\\\/12\\\/slide_100.png\",\"articleSection\":[\"Evenimente\"],\"inLanguage\":\"ro-RO\"},{\"@type\":\"WebPage\",\"@id\":\"https:\\\/\\\/muzeulgolesti.ro\\\/ro\\\/evenimente\\\/perspectiva-metafizica\\\/\",\"url\":\"https:\\\/\\\/muzeulgolesti.ro\\\/ro\\\/evenimente\\\/perspectiva-metafizica\\\/\",\"name\":\"Perspectiv\u0103 metafizic\u0103\",\"isPartOf\":{\"@id\":\"https:\\\/\\\/muzeulgolesti.ro\\\/ro\\\/#website\"},\"primaryImageOfPage\":{\"@id\":\"https:\\\/\\\/muzeulgolesti.ro\\\/ro\\\/evenimente\\\/perspectiva-metafizica\\\/#primaryimage\"},\"image\":{\"@id\":\"https:\\\/\\\/muzeulgolesti.ro\\\/ro\\\/evenimente\\\/perspectiva-metafizica\\\/#primaryimage\"},\"thumbnailUrl\":\"https:\\\/\\\/muzeulgolesti.ro\\\/wp-content\\\/uploads\\\/2022\\\/12\\\/slide_100.png\",\"datePublished\":\"2022-12-22T09:19:58+00:00\",\"dateModified\":\"2022-12-28T09:30:35+00:00\",\"description\":\"Perspectiv\u0103 metafizic\u0103\",\"breadcrumb\":{\"@id\":\"https:\\\/\\\/muzeulgolesti.ro\\\/ro\\\/evenimente\\\/perspectiva-metafizica\\\/#breadcrumb\"},\"inLanguage\":\"ro-RO\",\"potentialAction\":[{\"@type\":\"ReadAction\",\"target\":[\"https:\\\/\\\/muzeulgolesti.ro\\\/ro\\\/evenimente\\\/perspectiva-metafizica\\\/\"]}]},{\"@type\":\"ImageObject\",\"inLanguage\":\"ro-RO\",\"@id\":\"https:\\\/\\\/muzeulgolesti.ro\\\/ro\\\/evenimente\\\/perspectiva-metafizica\\\/#primaryimage\",\"url\":\"https:\\\/\\\/muzeulgolesti.ro\\\/wp-content\\\/uploads\\\/2022\\\/12\\\/slide_100.png\",\"contentUrl\":\"https:\\\/\\\/muzeulgolesti.ro\\\/wp-content\\\/uploads\\\/2022\\\/12\\\/slide_100.png\",\"width\":405,\"height\":250},{\"@type\":\"BreadcrumbList\",\"@id\":\"https:\\\/\\\/muzeulgolesti.ro\\\/ro\\\/evenimente\\\/perspectiva-metafizica\\\/#breadcrumb\",\"itemListElement\":[{\"@type\":\"ListItem\",\"position\":1,\"name\":\"Prima pagin\u0103\",\"item\":\"https:\\\/\\\/muzeulgolesti.ro\\\/ro\\\/\"},{\"@type\":\"ListItem\",\"position\":2,\"name\":\"Perspectiv\u0103 metafizic\u0103\"}]},{\"@type\":\"WebSite\",\"@id\":\"https:\\\/\\\/muzeulgolesti.ro\\\/ro\\\/#website\",\"url\":\"https:\\\/\\\/muzeulgolesti.ro\\\/ro\\\/\",\"name\":\"Muzeul Vititculturii si Pomiculturii Golesti\",\"description\":\"Cultura, Etnografie, Istorie - Muzeul Vititculturii si Pomiculturii Golesti\",\"publisher\":{\"@id\":\"https:\\\/\\\/muzeulgolesti.ro\\\/ro\\\/#organization\"},\"potentialAction\":[{\"@type\":\"SearchAction\",\"target\":{\"@type\":\"EntryPoint\",\"urlTemplate\":\"https:\\\/\\\/muzeulgolesti.ro\\\/ro\\\/?s={search_term_string}\"},\"query-input\":{\"@type\":\"PropertyValueSpecification\",\"valueRequired\":true,\"valueName\":\"search_term_string\"}}],\"inLanguage\":\"ro-RO\"},{\"@type\":\"Organization\",\"@id\":\"https:\\\/\\\/muzeulgolesti.ro\\\/ro\\\/#organization\",\"name\":\"Muzeul Vititculturii si Pomiculturii Golesti\",\"url\":\"https:\\\/\\\/muzeulgolesti.ro\\\/ro\\\/\",\"logo\":{\"@type\":\"ImageObject\",\"inLanguage\":\"ro-RO\",\"@id\":\"https:\\\/\\\/muzeulgolesti.ro\\\/ro\\\/#\\\/schema\\\/logo\\\/image\\\/\",\"url\":\"https:\\\/\\\/muzeulgolesti.ro\\\/wp-content\\\/uploads\\\/2022\\\/11\\\/SiglaMuzeu.jpg\",\"contentUrl\":\"https:\\\/\\\/muzeulgolesti.ro\\\/wp-content\\\/uploads\\\/2022\\\/11\\\/SiglaMuzeu.jpg\",\"width\":86,\"height\":50,\"caption\":\"Muzeul Vititculturii si Pomiculturii Golesti\"},\"image\":{\"@id\":\"https:\\\/\\\/muzeulgolesti.ro\\\/ro\\\/#\\\/schema\\\/logo\\\/image\\\/\"},\"sameAs\":[\"https:\\\/\\\/web.facebook.com\\\/www.muzeulgolesti.ro\"]},{\"@type\":\"Person\",\"@id\":\"https:\\\/\\\/muzeulgolesti.ro\\\/ro\\\/#\\\/schema\\\/person\\\/acff93f78d5f76316eef77f2d28e0539\",\"name\":\"Aurelian\",\"url\":\"https:\\\/\\\/muzeulgolesti.ro\\\/ro\\\/author\\\/auras\\\/\"}]}<\/script>\n<!-- \/ Yoast SEO plugin. -->","yoast_head_json":{"title":"Perspectiv\u0103 metafizic\u0103","description":"[:ro]Perspectiv\u0103 metafizic\u0103[:en]Metaphysical perspective[:]","robots":{"index":"index","follow":"follow","max-snippet":"max-snippet:-1","max-image-preview":"max-image-preview:large","max-video-preview":"max-video-preview:-1"},"canonical":"https:\/\/muzeulgolesti.ro\/ro\/evenimente\/perspectiva-metafizica\/","og_locale":"ro_RO","og_type":"article","og_title":"[:ro]Perspectiv\u0103 metafizic\u0103[:en]Metaphysical perspective[:] - Muzeul Viticulturii si Pomiculturii Golesti","og_description":"[:ro]Perspectiv\u0103 metafizic\u0103[:en]Metaphysical perspective[:]","og_url":"https:\/\/muzeulgolesti.ro\/ro\/evenimente\/perspectiva-metafizica\/","og_site_name":"Muzeul Viticulturii si Pomiculturii Golesti","article_publisher":"https:\/\/web.facebook.com\/www.muzeulgolesti.ro","article_published_time":"2022-12-22T09:19:58+00:00","article_modified_time":"2022-12-28T09:30:35+00:00","og_image":[{"width":405,"height":250,"url":"https:\/\/muzeulgolesti.ro\/wp-content\/uploads\/2022\/12\/slide_100.png","type":"image\/png"}],"author":"Aurelian","twitter_card":"summary_large_image","twitter_misc":{"Scris de":"Aurelian","Timp estimat pentru citire":"2 minute"},"schema":{"@context":"https:\/\/schema.org","@graph":[{"@type":"Article","@id":"https:\/\/muzeulgolesti.ro\/ro\/evenimente\/perspectiva-metafizica\/#article","isPartOf":{"@id":"https:\/\/muzeulgolesti.ro\/ro\/evenimente\/perspectiva-metafizica\/"},"author":{"name":"Aurelian","@id":"https:\/\/muzeulgolesti.ro\/ro\/#\/schema\/person\/acff93f78d5f76316eef77f2d28e0539"},"headline":"Perspectiv\u0103 metafizic\u0103","datePublished":"2022-12-22T09:19:58+00:00","dateModified":"2022-12-28T09:30:35+00:00","mainEntityOfPage":{"@id":"https:\/\/muzeulgolesti.ro\/ro\/evenimente\/perspectiva-metafizica\/"},"wordCount":621,"publisher":{"@id":"https:\/\/muzeulgolesti.ro\/ro\/#organization"},"image":{"@id":"https:\/\/muzeulgolesti.ro\/ro\/evenimente\/perspectiva-metafizica\/#primaryimage"},"thumbnailUrl":"https:\/\/muzeulgolesti.ro\/wp-content\/uploads\/2022\/12\/slide_100.png","articleSection":["Evenimente"],"inLanguage":"ro-RO"},{"@type":"WebPage","@id":"https:\/\/muzeulgolesti.ro\/ro\/evenimente\/perspectiva-metafizica\/","url":"https:\/\/muzeulgolesti.ro\/ro\/evenimente\/perspectiva-metafizica\/","name":"Perspectiv\u0103 metafizic\u0103","isPartOf":{"@id":"https:\/\/muzeulgolesti.ro\/ro\/#website"},"primaryImageOfPage":{"@id":"https:\/\/muzeulgolesti.ro\/ro\/evenimente\/perspectiva-metafizica\/#primaryimage"},"image":{"@id":"https:\/\/muzeulgolesti.ro\/ro\/evenimente\/perspectiva-metafizica\/#primaryimage"},"thumbnailUrl":"https:\/\/muzeulgolesti.ro\/wp-content\/uploads\/2022\/12\/slide_100.png","datePublished":"2022-12-22T09:19:58+00:00","dateModified":"2022-12-28T09:30:35+00:00","description":"Perspectiv\u0103 metafizic\u0103","breadcrumb":{"@id":"https:\/\/muzeulgolesti.ro\/ro\/evenimente\/perspectiva-metafizica\/#breadcrumb"},"inLanguage":"ro-RO","potentialAction":[{"@type":"ReadAction","target":["https:\/\/muzeulgolesti.ro\/ro\/evenimente\/perspectiva-metafizica\/"]}]},{"@type":"ImageObject","inLanguage":"ro-RO","@id":"https:\/\/muzeulgolesti.ro\/ro\/evenimente\/perspectiva-metafizica\/#primaryimage","url":"https:\/\/muzeulgolesti.ro\/wp-content\/uploads\/2022\/12\/slide_100.png","contentUrl":"https:\/\/muzeulgolesti.ro\/wp-content\/uploads\/2022\/12\/slide_100.png","width":405,"height":250},{"@type":"BreadcrumbList","@id":"https:\/\/muzeulgolesti.ro\/ro\/evenimente\/perspectiva-metafizica\/#breadcrumb","itemListElement":[{"@type":"ListItem","position":1,"name":"Prima pagin\u0103","item":"https:\/\/muzeulgolesti.ro\/ro\/"},{"@type":"ListItem","position":2,"name":"Perspectiv\u0103 metafizic\u0103"}]},{"@type":"WebSite","@id":"https:\/\/muzeulgolesti.ro\/ro\/#website","url":"https:\/\/muzeulgolesti.ro\/ro\/","name":"Muzeul Vititculturii si Pomiculturii Golesti","description":"Cultura, Etnografie, Istorie - Muzeul Vititculturii si Pomiculturii Golesti","publisher":{"@id":"https:\/\/muzeulgolesti.ro\/ro\/#organization"},"potentialAction":[{"@type":"SearchAction","target":{"@type":"EntryPoint","urlTemplate":"https:\/\/muzeulgolesti.ro\/ro\/?s={search_term_string}"},"query-input":{"@type":"PropertyValueSpecification","valueRequired":true,"valueName":"search_term_string"}}],"inLanguage":"ro-RO"},{"@type":"Organization","@id":"https:\/\/muzeulgolesti.ro\/ro\/#organization","name":"Muzeul Vititculturii si Pomiculturii Golesti","url":"https:\/\/muzeulgolesti.ro\/ro\/","logo":{"@type":"ImageObject","inLanguage":"ro-RO","@id":"https:\/\/muzeulgolesti.ro\/ro\/#\/schema\/logo\/image\/","url":"https:\/\/muzeulgolesti.ro\/wp-content\/uploads\/2022\/11\/SiglaMuzeu.jpg","contentUrl":"https:\/\/muzeulgolesti.ro\/wp-content\/uploads\/2022\/11\/SiglaMuzeu.jpg","width":86,"height":50,"caption":"Muzeul Vititculturii si Pomiculturii Golesti"},"image":{"@id":"https:\/\/muzeulgolesti.ro\/ro\/#\/schema\/logo\/image\/"},"sameAs":["https:\/\/web.facebook.com\/www.muzeulgolesti.ro"]},{"@type":"Person","@id":"https:\/\/muzeulgolesti.ro\/ro\/#\/schema\/person\/acff93f78d5f76316eef77f2d28e0539","name":"Aurelian","url":"https:\/\/muzeulgolesti.ro\/ro\/author\/auras\/"}]}},"_links":{"self":[{"href":"https:\/\/muzeulgolesti.ro\/ro\/wp-json\/wp\/v2\/posts\/4569","targetHints":{"allow":["GET"]}}],"collection":[{"href":"https:\/\/muzeulgolesti.ro\/ro\/wp-json\/wp\/v2\/posts"}],"about":[{"href":"https:\/\/muzeulgolesti.ro\/ro\/wp-json\/wp\/v2\/types\/post"}],"author":[{"embeddable":true,"href":"https:\/\/muzeulgolesti.ro\/ro\/wp-json\/wp\/v2\/users\/4"}],"replies":[{"embeddable":true,"href":"https:\/\/muzeulgolesti.ro\/ro\/wp-json\/wp\/v2\/comments?post=4569"}],"version-history":[{"count":2,"href":"https:\/\/muzeulgolesti.ro\/ro\/wp-json\/wp\/v2\/posts\/4569\/revisions"}],"predecessor-version":[{"id":4726,"href":"https:\/\/muzeulgolesti.ro\/ro\/wp-json\/wp\/v2\/posts\/4569\/revisions\/4726"}],"wp:featuredmedia":[{"embeddable":true,"href":"https:\/\/muzeulgolesti.ro\/ro\/wp-json\/wp\/v2\/media\/4571"}],"wp:attachment":[{"href":"https:\/\/muzeulgolesti.ro\/ro\/wp-json\/wp\/v2\/media?parent=4569"}],"wp:term":[{"taxonomy":"category","embeddable":true,"href":"https:\/\/muzeulgolesti.ro\/ro\/wp-json\/wp\/v2\/categories?post=4569"},{"taxonomy":"post_tag","embeddable":true,"href":"https:\/\/muzeulgolesti.ro\/ro\/wp-json\/wp\/v2\/tags?post=4569"}],"curies":[{"name":"wp","href":"https:\/\/api.w.org\/{rel}","templated":true}]}}