{"id":5443,"date":"2023-04-26T10:43:02","date_gmt":"2023-04-26T10:43:02","guid":{"rendered":"https:\/\/muzeulgolesti.ro\/ro\/?p=5443"},"modified":"2023-04-26T11:46:19","modified_gmt":"2023-04-26T11:46:19","slug":"ruta-muzeelor-etnografice-in-aer-liber","status":"publish","type":"post","link":"https:\/\/muzeulgolesti.ro\/ro\/stiri\/ruta-muzeelor-etnografice-in-aer-liber\/","title":{"rendered":"Ruta Muzeelor Etnografice \u00een Aer Liber"},"content":{"rendered":"<p><img decoding=\"async\" class=\"wp-image-5449 aligncenter\" src=\"https:\/\/muzeulgolesti.ro\/wp-content\/uploads\/2023\/04\/harta-aa0003-scaled.jpg\" alt=\"\" width=\"475\" height=\"505\" srcset=\"https:\/\/muzeulgolesti.ro\/wp-content\/uploads\/2023\/04\/harta-aa0003-200x213.jpg 200w, https:\/\/muzeulgolesti.ro\/wp-content\/uploads\/2023\/04\/harta-aa0003-339x360.jpg 339w, https:\/\/muzeulgolesti.ro\/wp-content\/uploads\/2023\/04\/harta-aa0003-400x425.jpg 400w, https:\/\/muzeulgolesti.ro\/wp-content\/uploads\/2023\/04\/harta-aa0003-600x638.jpg 600w, https:\/\/muzeulgolesti.ro\/wp-content\/uploads\/2023\/04\/harta-aa0003-768x816.jpg 768w, https:\/\/muzeulgolesti.ro\/wp-content\/uploads\/2023\/04\/harta-aa0003-800x850.jpg 800w, https:\/\/muzeulgolesti.ro\/wp-content\/uploads\/2023\/04\/harta-aa0003-1200x1275.jpg 1200w, https:\/\/muzeulgolesti.ro\/wp-content\/uploads\/2023\/04\/harta-aa0003-1224x1300.jpg 1224w, https:\/\/muzeulgolesti.ro\/wp-content\/uploads\/2023\/04\/harta-aa0003-1446x1536.jpg 1446w, https:\/\/muzeulgolesti.ro\/wp-content\/uploads\/2023\/04\/harta-aa0003-scaled.jpg 2409w\" sizes=\"(max-width: 475px) 100vw, 475px\" \/><\/p>\n<p>\u00cen anul 2020, Ruta Muzeelor Etnografice \u00een Aer Liber din Rom\u00e2nia a primit recunoa\u0219terea Ministerului Turismului, fiind a treia rut\u0103 cultural-turistic\u0103 cu dezvoltare pe plan na\u021bional.<\/p>\n<p>Ruta Muzeelor Etnografice \u00een Aer Liber din Rom\u00e2nia urm\u0103re\u0219te promovarea \u00een comun a unor\u00a0 obiective de mare importan\u021b\u0103 at\u00e2t la nivel na\u021bional, c\u00e2t \u0219i la nivel local. Institu\u021biile care fac parte din proiect sunt p\u0103str\u0103toare ale unui patrimoniu bogat, o adev\u0103rat\u0103 comoar\u0103 cultural\u0103 mo\u0219tenit\u0103 de la \u00eenainta\u0219i \u0219i p\u0103strat\u0103 pentru a vorbi urma\u0219ilor \u0219i str\u0103inilor despre valorile \u0219i credin\u021bele poporului rom\u00e2n.<\/p>\n<p><img decoding=\"async\" class=\"wp-image-5444 aligncenter\" src=\"https:\/\/muzeulgolesti.ro\/wp-content\/uploads\/2023\/04\/diploma0003-scaled.jpg\" alt=\"\" width=\"468\" height=\"336\" srcset=\"https:\/\/muzeulgolesti.ro\/wp-content\/uploads\/2023\/04\/diploma0003-360x258.jpg 360w, https:\/\/muzeulgolesti.ro\/wp-content\/uploads\/2023\/04\/diploma0003-768x551.jpg 768w, https:\/\/muzeulgolesti.ro\/wp-content\/uploads\/2023\/04\/diploma0003-1300x932.jpg 1300w, https:\/\/muzeulgolesti.ro\/wp-content\/uploads\/2023\/04\/diploma0003-1536x1101.jpg 1536w, https:\/\/muzeulgolesti.ro\/wp-content\/uploads\/2023\/04\/diploma0003-scaled.jpg 2560w\" sizes=\"(max-width: 468px) 100vw, 468px\" \/><\/p>\n<p>Din acest an, 2023, Muzeul Viticulturii \u0219i Pomiculturii Gole\u0219ti a devenit un obiectiv al acestei rute, al\u0103tur\u00e2ndu-se celorlalte institu\u021bii de profil din Rom\u00e2nia care fac parte din acest proiect: Consiliul Jude\u0163ean Maramure\u015f \u2013 Muzeul de Etnografie \u015fi Art\u0103 Popular\u0103 Maramure\u015f, Muzeul Na\u0163ional al Satului \u201eDimitrie Gusti\u201d- Bucure\u015fti, Muzeul Civiliza\u0163iei Populare Tradi\u0163ionale ASTRA &#8211; Sibiu, Muzeul Satului Maramure\u015fean &#8211; Sighetu Marma\u021biei, Muzeul Etnografic al Transilvaniei \u2013 Parcul Etnografic Na\u021bional \u201eRomulus Vuia\u201d- Cluj-Napoca, Muzeul Arta Lemnului \u2013 C\u00e2mpulung Moldovenesc, Muzeul \u0162\u0103rii Oa\u015fului &#8211; Negre\u015fti Oa\u015f &#8211; jud. Satu Mare, Muzeul Na\u0163ional al Bucovinei \u2013 Muzeul Satului Bucovinean, Muzeul \u201eHaszmann Pal\u201d \u2013 Cernat &#8211; Covasna, Muzeul Satului B\u0103n\u0103\u0163ean &#8211; Timi\u015foara \u0219i Muzeul Satului Br\u0103nean \u2013 Bran \u2013 jud. Bra\u0219ov.<\/p>\n<p>Duminic\u0103 23 aprilie 2023, la Baia Mare, cu ocazia deschiderii oficiale a sezonului de vizitare la Muzeul de Etnografie \u015fi Art\u0103 Popular\u0103 Maramure\u015f, muzeul nostru a primit diploma \u0219i trofeul oficial care ne confirm\u0103 statutul de parteneri ai acestei rute.<\/p>\n<p>Un produs turistic inovativ este pus astfel la dispozi\u021bia agen\u021biilor de turism din \u021bara noastr\u0103 \u0219i a publicului vizitator.<\/p>\n<p>Pentru mai multe informa\u021bii:<\/p>\n<p><a href=\"https:\/\/turism.gov.ro\/web\/rute-cultural-turistice\/\">https:\/\/turism.gov.ro\/web\/rute-cultural-turistice\/<\/a><\/p>\n<p><a href=\"https:\/\/muzeulgolesti.ro\/wp-content\/uploads\/2023\/04\/pliant-ruta-muzeelor-in-aer-liber.pdf\">pliant ruta muzeelor in aer liber<\/a><\/p>\n<p>&nbsp;<\/p>\n<p>Pentru rutele turistice ale jude\u021bului Arge\u0219:<\/p>\n<p><a href=\"https:\/\/www.cjarges.ro\/biserici-si-manastiri\">https:\/\/www.cjarges.ro\/biserici-si-manastiri<\/a><\/p>\n","protected":false},"excerpt":{"rendered":"<p>\u00cen anul 2020, Ruta Muzeelor Etnografice \u00een Aer Liber din Rom\u00e2nia a primit recunoa\u0219terea Ministerului Turismului, fiind a treia rut\u0103 cultural-turistic\u0103 cu dezvoltare pe plan na\u021bional. Ruta Muzeelor Etnografice \u00een  [&#8230;]<\/p>\n","protected":false},"author":4,"featured_media":5451,"comment_status":"closed","ping_status":"closed","sticky":false,"template":"","format":"standard","meta":{"footnotes":""},"categories":[54],"tags":[],"class_list":["post-5443","post","type-post","status-publish","format-standard","has-post-thumbnail","hentry","category-stiri"],"yoast_head":"<!-- This site is optimized with the Yoast SEO plugin v27.5 - https:\/\/yoast.com\/product\/yoast-seo-wordpress\/ -->\n<title>Ruta Muzeelor Etnografice \u00een Aer Liber<\/title>\n<meta name=\"description\" content=\"Ruta Muzeelor Etnografice \u00een Aer Liber\" \/>\n<meta name=\"robots\" content=\"index, follow, max-snippet:-1, max-image-preview:large, max-video-preview:-1\" \/>\n<link rel=\"canonical\" href=\"https:\/\/muzeulgolesti.ro\/ro\/stiri\/ruta-muzeelor-etnografice-in-aer-liber\/\" \/>\n<meta property=\"og:locale\" content=\"ro_RO\" \/>\n<meta property=\"og:locale:alternate\" content=\"en_UK\" \/>\n<meta property=\"og:type\" content=\"article\" \/>\n<meta property=\"og:title\" content=\"Ruta Muzeelor Etnografice \u00een Aer Liber\" \/>\n<meta property=\"og:description\" content=\"Ruta Muzeelor Etnografice \u00een Aer Liber\" \/>\n<meta property=\"og:url\" content=\"https:\/\/muzeulgolesti.ro\/ro\/stiri\/ruta-muzeelor-etnografice-in-aer-liber\/\" \/>\n<meta property=\"og:site_name\" content=\"Muzeul Viticulturii si Pomiculturii Golesti\" \/>\n<meta property=\"article:publisher\" content=\"https:\/\/web.facebook.com\/www.muzeulgolesti.ro\" \/>\n<meta property=\"article:published_time\" content=\"2023-04-26T10:43:02+00:00\" \/>\n<meta property=\"article:modified_time\" content=\"2023-04-26T11:46:19+00:00\" \/>\n<meta property=\"og:image\" content=\"https:\/\/muzeulgolesti.ro\/wp-content\/uploads\/2023\/04\/coperta-1.jpg\" \/>\n\t<meta property=\"og:image:width\" content=\"900\" \/>\n\t<meta property=\"og:image:height\" content=\"585\" \/>\n\t<meta property=\"og:image:type\" content=\"image\/jpeg\" \/>\n<meta name=\"author\" content=\"Aurelian\" \/>\n<meta name=\"twitter:card\" content=\"summary_large_image\" \/>\n<meta name=\"twitter:label1\" content=\"Scris de\" \/>\n\t<meta name=\"twitter:data1\" content=\"Aurelian\" \/>\n\t<meta name=\"twitter:label2\" content=\"Timp estimat pentru citire\" \/>\n\t<meta name=\"twitter:data2\" content=\"2 minute\" \/>\n<script type=\"application\/ld+json\" class=\"yoast-schema-graph\">{\"@context\":\"https:\\\/\\\/schema.org\",\"@graph\":[{\"@type\":\"Article\",\"@id\":\"https:\\\/\\\/muzeulgolesti.ro\\\/ro\\\/stiri\\\/ruta-muzeelor-etnografice-in-aer-liber\\\/#article\",\"isPartOf\":{\"@id\":\"https:\\\/\\\/muzeulgolesti.ro\\\/ro\\\/stiri\\\/ruta-muzeelor-etnografice-in-aer-liber\\\/\"},\"author\":{\"name\":\"Aurelian\",\"@id\":\"https:\\\/\\\/muzeulgolesti.ro\\\/ro\\\/#\\\/schema\\\/person\\\/acff93f78d5f76316eef77f2d28e0539\"},\"headline\":\"Ruta Muzeelor Etnografice \u00een Aer Liber\",\"datePublished\":\"2023-04-26T10:43:02+00:00\",\"dateModified\":\"2023-04-26T11:46:19+00:00\",\"mainEntityOfPage\":{\"@id\":\"https:\\\/\\\/muzeulgolesti.ro\\\/ro\\\/stiri\\\/ruta-muzeelor-etnografice-in-aer-liber\\\/\"},\"wordCount\":660,\"publisher\":{\"@id\":\"https:\\\/\\\/muzeulgolesti.ro\\\/ro\\\/#organization\"},\"image\":{\"@id\":\"https:\\\/\\\/muzeulgolesti.ro\\\/ro\\\/stiri\\\/ruta-muzeelor-etnografice-in-aer-liber\\\/#primaryimage\"},\"thumbnailUrl\":\"https:\\\/\\\/muzeulgolesti.ro\\\/wp-content\\\/uploads\\\/2023\\\/04\\\/coperta-1.jpg\",\"articleSection\":[\"Stiri\"],\"inLanguage\":\"ro-RO\"},{\"@type\":\"WebPage\",\"@id\":\"https:\\\/\\\/muzeulgolesti.ro\\\/ro\\\/stiri\\\/ruta-muzeelor-etnografice-in-aer-liber\\\/\",\"url\":\"https:\\\/\\\/muzeulgolesti.ro\\\/ro\\\/stiri\\\/ruta-muzeelor-etnografice-in-aer-liber\\\/\",\"name\":\"Ruta Muzeelor Etnografice \u00een Aer Liber\",\"isPartOf\":{\"@id\":\"https:\\\/\\\/muzeulgolesti.ro\\\/ro\\\/#website\"},\"primaryImageOfPage\":{\"@id\":\"https:\\\/\\\/muzeulgolesti.ro\\\/ro\\\/stiri\\\/ruta-muzeelor-etnografice-in-aer-liber\\\/#primaryimage\"},\"image\":{\"@id\":\"https:\\\/\\\/muzeulgolesti.ro\\\/ro\\\/stiri\\\/ruta-muzeelor-etnografice-in-aer-liber\\\/#primaryimage\"},\"thumbnailUrl\":\"https:\\\/\\\/muzeulgolesti.ro\\\/wp-content\\\/uploads\\\/2023\\\/04\\\/coperta-1.jpg\",\"datePublished\":\"2023-04-26T10:43:02+00:00\",\"dateModified\":\"2023-04-26T11:46:19+00:00\",\"description\":\"Ruta Muzeelor Etnografice \u00een Aer Liber\",\"breadcrumb\":{\"@id\":\"https:\\\/\\\/muzeulgolesti.ro\\\/ro\\\/stiri\\\/ruta-muzeelor-etnografice-in-aer-liber\\\/#breadcrumb\"},\"inLanguage\":\"ro-RO\",\"potentialAction\":[{\"@type\":\"ReadAction\",\"target\":[\"https:\\\/\\\/muzeulgolesti.ro\\\/ro\\\/stiri\\\/ruta-muzeelor-etnografice-in-aer-liber\\\/\"]}]},{\"@type\":\"ImageObject\",\"inLanguage\":\"ro-RO\",\"@id\":\"https:\\\/\\\/muzeulgolesti.ro\\\/ro\\\/stiri\\\/ruta-muzeelor-etnografice-in-aer-liber\\\/#primaryimage\",\"url\":\"https:\\\/\\\/muzeulgolesti.ro\\\/wp-content\\\/uploads\\\/2023\\\/04\\\/coperta-1.jpg\",\"contentUrl\":\"https:\\\/\\\/muzeulgolesti.ro\\\/wp-content\\\/uploads\\\/2023\\\/04\\\/coperta-1.jpg\",\"width\":900,\"height\":585},{\"@type\":\"BreadcrumbList\",\"@id\":\"https:\\\/\\\/muzeulgolesti.ro\\\/ro\\\/stiri\\\/ruta-muzeelor-etnografice-in-aer-liber\\\/#breadcrumb\",\"itemListElement\":[{\"@type\":\"ListItem\",\"position\":1,\"name\":\"Prima pagin\u0103\",\"item\":\"https:\\\/\\\/muzeulgolesti.ro\\\/ro\\\/\"},{\"@type\":\"ListItem\",\"position\":2,\"name\":\"Ruta Muzeelor Etnografice \u00een Aer Liber\"}]},{\"@type\":\"WebSite\",\"@id\":\"https:\\\/\\\/muzeulgolesti.ro\\\/ro\\\/#website\",\"url\":\"https:\\\/\\\/muzeulgolesti.ro\\\/ro\\\/\",\"name\":\"Muzeul Vititculturii si Pomiculturii Golesti\",\"description\":\"Cultura, Etnografie, Istorie - Muzeul Vititculturii si Pomiculturii Golesti\",\"publisher\":{\"@id\":\"https:\\\/\\\/muzeulgolesti.ro\\\/ro\\\/#organization\"},\"potentialAction\":[{\"@type\":\"SearchAction\",\"target\":{\"@type\":\"EntryPoint\",\"urlTemplate\":\"https:\\\/\\\/muzeulgolesti.ro\\\/ro\\\/?s={search_term_string}\"},\"query-input\":{\"@type\":\"PropertyValueSpecification\",\"valueRequired\":true,\"valueName\":\"search_term_string\"}}],\"inLanguage\":\"ro-RO\"},{\"@type\":\"Organization\",\"@id\":\"https:\\\/\\\/muzeulgolesti.ro\\\/ro\\\/#organization\",\"name\":\"Muzeul Vititculturii si Pomiculturii Golesti\",\"url\":\"https:\\\/\\\/muzeulgolesti.ro\\\/ro\\\/\",\"logo\":{\"@type\":\"ImageObject\",\"inLanguage\":\"ro-RO\",\"@id\":\"https:\\\/\\\/muzeulgolesti.ro\\\/ro\\\/#\\\/schema\\\/logo\\\/image\\\/\",\"url\":\"https:\\\/\\\/muzeulgolesti.ro\\\/wp-content\\\/uploads\\\/2022\\\/11\\\/SiglaMuzeu.jpg\",\"contentUrl\":\"https:\\\/\\\/muzeulgolesti.ro\\\/wp-content\\\/uploads\\\/2022\\\/11\\\/SiglaMuzeu.jpg\",\"width\":86,\"height\":50,\"caption\":\"Muzeul Vititculturii si Pomiculturii Golesti\"},\"image\":{\"@id\":\"https:\\\/\\\/muzeulgolesti.ro\\\/ro\\\/#\\\/schema\\\/logo\\\/image\\\/\"},\"sameAs\":[\"https:\\\/\\\/web.facebook.com\\\/www.muzeulgolesti.ro\"]},{\"@type\":\"Person\",\"@id\":\"https:\\\/\\\/muzeulgolesti.ro\\\/ro\\\/#\\\/schema\\\/person\\\/acff93f78d5f76316eef77f2d28e0539\",\"name\":\"Aurelian\",\"url\":\"https:\\\/\\\/muzeulgolesti.ro\\\/ro\\\/author\\\/auras\\\/\"}]}<\/script>\n<!-- \/ Yoast SEO plugin. -->","yoast_head_json":{"title":"Ruta Muzeelor Etnografice \u00een Aer Liber","description":"[:ro]Ruta Muzeelor Etnografice \u00een Aer Liber[:en]the Route of the Open Air Ethnographic Museums in Romania[:]","robots":{"index":"index","follow":"follow","max-snippet":"max-snippet:-1","max-image-preview":"max-image-preview:large","max-video-preview":"max-video-preview:-1"},"canonical":"https:\/\/muzeulgolesti.ro\/ro\/stiri\/ruta-muzeelor-etnografice-in-aer-liber\/","og_locale":"ro_RO","og_type":"article","og_title":"[:ro]Ruta Muzeelor Etnografice \u00een Aer Liber[:en]the Route of the Open Air Ethnographic Museums in Romania[:] - Muzeul Viticulturii si Pomiculturii Golesti","og_description":"[:ro]Ruta Muzeelor Etnografice \u00een Aer Liber[:en]the Route of the Open Air Ethnographic Museums in Romania[:]","og_url":"https:\/\/muzeulgolesti.ro\/ro\/stiri\/ruta-muzeelor-etnografice-in-aer-liber\/","og_site_name":"Muzeul Viticulturii si Pomiculturii Golesti","article_publisher":"https:\/\/web.facebook.com\/www.muzeulgolesti.ro","article_published_time":"2023-04-26T10:43:02+00:00","article_modified_time":"2023-04-26T11:46:19+00:00","og_image":[{"width":900,"height":585,"url":"https:\/\/muzeulgolesti.ro\/wp-content\/uploads\/2023\/04\/coperta-1.jpg","type":"image\/jpeg"}],"author":"Aurelian","twitter_card":"summary_large_image","twitter_misc":{"Scris de":"Aurelian","Timp estimat pentru citire":"2 minute"},"schema":{"@context":"https:\/\/schema.org","@graph":[{"@type":"Article","@id":"https:\/\/muzeulgolesti.ro\/ro\/stiri\/ruta-muzeelor-etnografice-in-aer-liber\/#article","isPartOf":{"@id":"https:\/\/muzeulgolesti.ro\/ro\/stiri\/ruta-muzeelor-etnografice-in-aer-liber\/"},"author":{"name":"Aurelian","@id":"https:\/\/muzeulgolesti.ro\/ro\/#\/schema\/person\/acff93f78d5f76316eef77f2d28e0539"},"headline":"Ruta Muzeelor Etnografice \u00een Aer Liber","datePublished":"2023-04-26T10:43:02+00:00","dateModified":"2023-04-26T11:46:19+00:00","mainEntityOfPage":{"@id":"https:\/\/muzeulgolesti.ro\/ro\/stiri\/ruta-muzeelor-etnografice-in-aer-liber\/"},"wordCount":660,"publisher":{"@id":"https:\/\/muzeulgolesti.ro\/ro\/#organization"},"image":{"@id":"https:\/\/muzeulgolesti.ro\/ro\/stiri\/ruta-muzeelor-etnografice-in-aer-liber\/#primaryimage"},"thumbnailUrl":"https:\/\/muzeulgolesti.ro\/wp-content\/uploads\/2023\/04\/coperta-1.jpg","articleSection":["Stiri"],"inLanguage":"ro-RO"},{"@type":"WebPage","@id":"https:\/\/muzeulgolesti.ro\/ro\/stiri\/ruta-muzeelor-etnografice-in-aer-liber\/","url":"https:\/\/muzeulgolesti.ro\/ro\/stiri\/ruta-muzeelor-etnografice-in-aer-liber\/","name":"Ruta Muzeelor Etnografice \u00een Aer Liber","isPartOf":{"@id":"https:\/\/muzeulgolesti.ro\/ro\/#website"},"primaryImageOfPage":{"@id":"https:\/\/muzeulgolesti.ro\/ro\/stiri\/ruta-muzeelor-etnografice-in-aer-liber\/#primaryimage"},"image":{"@id":"https:\/\/muzeulgolesti.ro\/ro\/stiri\/ruta-muzeelor-etnografice-in-aer-liber\/#primaryimage"},"thumbnailUrl":"https:\/\/muzeulgolesti.ro\/wp-content\/uploads\/2023\/04\/coperta-1.jpg","datePublished":"2023-04-26T10:43:02+00:00","dateModified":"2023-04-26T11:46:19+00:00","description":"Ruta Muzeelor Etnografice \u00een Aer Liber","breadcrumb":{"@id":"https:\/\/muzeulgolesti.ro\/ro\/stiri\/ruta-muzeelor-etnografice-in-aer-liber\/#breadcrumb"},"inLanguage":"ro-RO","potentialAction":[{"@type":"ReadAction","target":["https:\/\/muzeulgolesti.ro\/ro\/stiri\/ruta-muzeelor-etnografice-in-aer-liber\/"]}]},{"@type":"ImageObject","inLanguage":"ro-RO","@id":"https:\/\/muzeulgolesti.ro\/ro\/stiri\/ruta-muzeelor-etnografice-in-aer-liber\/#primaryimage","url":"https:\/\/muzeulgolesti.ro\/wp-content\/uploads\/2023\/04\/coperta-1.jpg","contentUrl":"https:\/\/muzeulgolesti.ro\/wp-content\/uploads\/2023\/04\/coperta-1.jpg","width":900,"height":585},{"@type":"BreadcrumbList","@id":"https:\/\/muzeulgolesti.ro\/ro\/stiri\/ruta-muzeelor-etnografice-in-aer-liber\/#breadcrumb","itemListElement":[{"@type":"ListItem","position":1,"name":"Prima pagin\u0103","item":"https:\/\/muzeulgolesti.ro\/ro\/"},{"@type":"ListItem","position":2,"name":"Ruta Muzeelor Etnografice \u00een Aer Liber"}]},{"@type":"WebSite","@id":"https:\/\/muzeulgolesti.ro\/ro\/#website","url":"https:\/\/muzeulgolesti.ro\/ro\/","name":"Muzeul Vititculturii si Pomiculturii Golesti","description":"Cultura, Etnografie, Istorie - Muzeul Vititculturii si Pomiculturii Golesti","publisher":{"@id":"https:\/\/muzeulgolesti.ro\/ro\/#organization"},"potentialAction":[{"@type":"SearchAction","target":{"@type":"EntryPoint","urlTemplate":"https:\/\/muzeulgolesti.ro\/ro\/?s={search_term_string}"},"query-input":{"@type":"PropertyValueSpecification","valueRequired":true,"valueName":"search_term_string"}}],"inLanguage":"ro-RO"},{"@type":"Organization","@id":"https:\/\/muzeulgolesti.ro\/ro\/#organization","name":"Muzeul Vititculturii si Pomiculturii Golesti","url":"https:\/\/muzeulgolesti.ro\/ro\/","logo":{"@type":"ImageObject","inLanguage":"ro-RO","@id":"https:\/\/muzeulgolesti.ro\/ro\/#\/schema\/logo\/image\/","url":"https:\/\/muzeulgolesti.ro\/wp-content\/uploads\/2022\/11\/SiglaMuzeu.jpg","contentUrl":"https:\/\/muzeulgolesti.ro\/wp-content\/uploads\/2022\/11\/SiglaMuzeu.jpg","width":86,"height":50,"caption":"Muzeul Vititculturii si Pomiculturii Golesti"},"image":{"@id":"https:\/\/muzeulgolesti.ro\/ro\/#\/schema\/logo\/image\/"},"sameAs":["https:\/\/web.facebook.com\/www.muzeulgolesti.ro"]},{"@type":"Person","@id":"https:\/\/muzeulgolesti.ro\/ro\/#\/schema\/person\/acff93f78d5f76316eef77f2d28e0539","name":"Aurelian","url":"https:\/\/muzeulgolesti.ro\/ro\/author\/auras\/"}]}},"_links":{"self":[{"href":"https:\/\/muzeulgolesti.ro\/ro\/wp-json\/wp\/v2\/posts\/5443","targetHints":{"allow":["GET"]}}],"collection":[{"href":"https:\/\/muzeulgolesti.ro\/ro\/wp-json\/wp\/v2\/posts"}],"about":[{"href":"https:\/\/muzeulgolesti.ro\/ro\/wp-json\/wp\/v2\/types\/post"}],"author":[{"embeddable":true,"href":"https:\/\/muzeulgolesti.ro\/ro\/wp-json\/wp\/v2\/users\/4"}],"replies":[{"embeddable":true,"href":"https:\/\/muzeulgolesti.ro\/ro\/wp-json\/wp\/v2\/comments?post=5443"}],"version-history":[{"count":3,"href":"https:\/\/muzeulgolesti.ro\/ro\/wp-json\/wp\/v2\/posts\/5443\/revisions"}],"predecessor-version":[{"id":5454,"href":"https:\/\/muzeulgolesti.ro\/ro\/wp-json\/wp\/v2\/posts\/5443\/revisions\/5454"}],"wp:featuredmedia":[{"embeddable":true,"href":"https:\/\/muzeulgolesti.ro\/ro\/wp-json\/wp\/v2\/media\/5451"}],"wp:attachment":[{"href":"https:\/\/muzeulgolesti.ro\/ro\/wp-json\/wp\/v2\/media?parent=5443"}],"wp:term":[{"taxonomy":"category","embeddable":true,"href":"https:\/\/muzeulgolesti.ro\/ro\/wp-json\/wp\/v2\/categories?post=5443"},{"taxonomy":"post_tag","embeddable":true,"href":"https:\/\/muzeulgolesti.ro\/ro\/wp-json\/wp\/v2\/tags?post=5443"}],"curies":[{"name":"wp","href":"https:\/\/api.w.org\/{rel}","templated":true}]}}