{"id":5586,"date":"2023-06-07T03:11:27","date_gmt":"2023-06-07T03:11:27","guid":{"rendered":"https:\/\/muzeulgolesti.ro\/en\/?p=5586"},"modified":"2023-06-07T03:19:30","modified_gmt":"2023-06-07T03:19:30","slug":"84-de-ani-de-la-infiintarea-muzeului-golesti","status":"publish","type":"post","link":"https:\/\/muzeulgolesti.ro\/ro\/stiri\/84-de-ani-de-la-infiintarea-muzeului-golesti\/","title":{"rendered":"84 de ani de la \u00eenfiin\u021barea Muzeului Gole\u0219ti"},"content":{"rendered":"<p>Cu bucurie \u0219i m\u00e2ndrie, anivers\u0103m ast\u0103zi 84 de ani de la fondarea Muzeului Gole\u0219ti. Aceast\u0103 institu\u021bie de prestigiu, situat\u0103 l\u00e2ng\u0103 dealurile \u00eenc\u0103rcate de vii ale ora\u0219ului \u0218tef\u0103ne\u0219ti, duce mai departe o mo\u0219tenirea cultural\u0103 secular\u0103. Muzeul Gole\u0219ti, numit ini\u021bial dup\u0103 numele c\u0103rturarului Dinicu Golescu, a fost fondat \u00een anul 1939, cu scopul de a conserva \u0219i promova patrimoniul \u0219i memoria istoric\u0103 a uneia dintre cele mai importante familii boiere\u0219ti din \u021aara Rom\u00e2neasc\u0103, cea a Gole\u0219tilor. \u00a0De-a lungul anilor, muzeul a devenit un loc emblematic \u00een care istoria, arta \u0219i tradi\u021biile se \u00eent\u00e2lnesc \u0219i se p\u0103streaz\u0103 cu grij\u0103. Aici \u0219i-au g\u0103sit locul numeroase colec\u021bii \u0219i exponate de mare valoare, ce ofer\u0103 ocazia vizitatorului de a-\u0219i plimba privirea fascinant\u0103 \u00een trecutul bogat al na\u021biunii rom\u00e2ne, de a explora tradi\u021bii \u0219i obiceiuri care ne confer\u0103 identitate.<\/p>\n<p>Vizitatorii Muzeului Gole\u0219ti sunt \u00eent\u00e2mpina\u021bi de atmosfera autentic\u0103 a unei re\u0219edin\u021be boiere\u0219ti din secolul al XIX-lea. Picturi, mobilier, obiecte de art\u0103, c\u0103r\u021bi \u0219i documente istorice sunt expuse cu grij\u0103 \u0219i devotament, transmi\u021b\u00e2nd emo\u021bie \u0219i cunoa\u0219tere. Prin intermediul expozi\u021biilor permanente \u0219i temporare, muzeul ofer\u0103 o incursiune captivant\u0103 \u00een istoria familiei Golescu \u0219i a epocii de rena\u0219tere na\u021bional\u0103, care a debutat cu Revolu\u021bia din 1821.\u00a0 Prin muzeul \u00een aer liber, celebr\u0103m tradi\u021biile satului rom\u00e2nesc, profunzimea \u0219i autenticitatea felului nostru de a fi rom\u00e2ni.<\/p>\n<p>Aniversarea de ast\u0103zi reprezint\u0103 o oportunitate de a celebra \u0219i recunoa\u0219te contribu\u021biile remarcabile ale fondatorilor institu\u021biei \u0219i a tuturor genera\u021biilor de speciali\u0219ti care au sus\u021binut dezvoltarea \u0219i activitatea muzeului nostru de-a lungul anilor. Datorit\u0103 pasiunii \u0219i devotamentului lor, avem privilegiul de a avea acces la aceast\u0103 comoar\u0103 cultural\u0103, ce ne \u00eembog\u0103\u021be\u0219te cunoa\u0219terea \u0219i ne conecteaz\u0103 la r\u0103d\u0103cinile noastre. Le mul\u021bumim tuturor pentru munca lor dedicat\u0103 \u0219i pentru c\u0103 ne ofer\u0103 ocazia de a p\u0103stra vie memoria \u0219i tradi\u021biile noastre. Pioas\u0103 aducere aminte a celor care au construit aceast\u0103 institu\u021bie \u0219i au trecut \u00een eternitate.<\/p>\n<p>Cu \u00eencredere \u0219i entuziasm, privim spre viitorul Muzeului Gole\u0219ti, con\u0219tien\u021bi de importan\u021ba sa, de misiunea continu\u0103 \u00een educarea \u0219i inspirarea genera\u021biilor viitoare. S\u0103rb\u0103torim aceast\u0103 aniversare cu inima plin\u0103 de m\u00e2ndrie \u0219i dorin\u021ba de a onora \u0219i pre\u021bui valorile culturale pe care Muzeul Gole\u0219ti le reprezint\u0103.<\/p>\n<p>La mul\u021bi ani, dragul nostru muzeu!<\/p>\n<p><img decoding=\"async\" class=\"alignnone size-full wp-image-5589\" src=\"https:\/\/muzeulgolesti.ro\/wp-content\/uploads\/2023\/06\/Diapozitiv1.jpg\" alt=\"\" width=\"960\" height=\"720\" srcset=\"https:\/\/muzeulgolesti.ro\/wp-content\/uploads\/2023\/06\/Diapozitiv1-200x150.jpg 200w, https:\/\/muzeulgolesti.ro\/wp-content\/uploads\/2023\/06\/Diapozitiv1-360x270.jpg 360w, https:\/\/muzeulgolesti.ro\/wp-content\/uploads\/2023\/06\/Diapozitiv1-400x300.jpg 400w, https:\/\/muzeulgolesti.ro\/wp-content\/uploads\/2023\/06\/Diapozitiv1-600x450.jpg 600w, https:\/\/muzeulgolesti.ro\/wp-content\/uploads\/2023\/06\/Diapozitiv1-768x576.jpg 768w, https:\/\/muzeulgolesti.ro\/wp-content\/uploads\/2023\/06\/Diapozitiv1-800x600.jpg 800w, https:\/\/muzeulgolesti.ro\/wp-content\/uploads\/2023\/06\/Diapozitiv1.jpg 960w\" sizes=\"(max-width: 960px) 100vw, 960px\" \/> <img decoding=\"async\" class=\"alignnone size-full wp-image-5590\" src=\"https:\/\/muzeulgolesti.ro\/wp-content\/uploads\/2023\/06\/Diapozitiv2.jpg\" alt=\"\" width=\"960\" height=\"720\" srcset=\"https:\/\/muzeulgolesti.ro\/wp-content\/uploads\/2023\/06\/Diapozitiv2-200x150.jpg 200w, https:\/\/muzeulgolesti.ro\/wp-content\/uploads\/2023\/06\/Diapozitiv2-360x270.jpg 360w, https:\/\/muzeulgolesti.ro\/wp-content\/uploads\/2023\/06\/Diapozitiv2-400x300.jpg 400w, https:\/\/muzeulgolesti.ro\/wp-content\/uploads\/2023\/06\/Diapozitiv2-600x450.jpg 600w, https:\/\/muzeulgolesti.ro\/wp-content\/uploads\/2023\/06\/Diapozitiv2-768x576.jpg 768w, https:\/\/muzeulgolesti.ro\/wp-content\/uploads\/2023\/06\/Diapozitiv2-800x600.jpg 800w, https:\/\/muzeulgolesti.ro\/wp-content\/uploads\/2023\/06\/Diapozitiv2.jpg 960w\" sizes=\"(max-width: 960px) 100vw, 960px\" \/> <img decoding=\"async\" class=\"alignnone size-full wp-image-5591\" src=\"https:\/\/muzeulgolesti.ro\/wp-content\/uploads\/2023\/06\/Diapozitiv3.jpg\" alt=\"\" width=\"960\" height=\"720\" srcset=\"https:\/\/muzeulgolesti.ro\/wp-content\/uploads\/2023\/06\/Diapozitiv3-200x150.jpg 200w, https:\/\/muzeulgolesti.ro\/wp-content\/uploads\/2023\/06\/Diapozitiv3-360x270.jpg 360w, https:\/\/muzeulgolesti.ro\/wp-content\/uploads\/2023\/06\/Diapozitiv3-400x300.jpg 400w, https:\/\/muzeulgolesti.ro\/wp-content\/uploads\/2023\/06\/Diapozitiv3-600x450.jpg 600w, https:\/\/muzeulgolesti.ro\/wp-content\/uploads\/2023\/06\/Diapozitiv3-768x576.jpg 768w, https:\/\/muzeulgolesti.ro\/wp-content\/uploads\/2023\/06\/Diapozitiv3-800x600.jpg 800w, https:\/\/muzeulgolesti.ro\/wp-content\/uploads\/2023\/06\/Diapozitiv3.jpg 960w\" sizes=\"(max-width: 960px) 100vw, 960px\" \/> <img decoding=\"async\" class=\"alignnone size-full wp-image-5592\" src=\"https:\/\/muzeulgolesti.ro\/wp-content\/uploads\/2023\/06\/Diapozitiv4.jpg\" alt=\"\" width=\"960\" height=\"720\" srcset=\"https:\/\/muzeulgolesti.ro\/wp-content\/uploads\/2023\/06\/Diapozitiv4-200x150.jpg 200w, https:\/\/muzeulgolesti.ro\/wp-content\/uploads\/2023\/06\/Diapozitiv4-360x270.jpg 360w, https:\/\/muzeulgolesti.ro\/wp-content\/uploads\/2023\/06\/Diapozitiv4-400x300.jpg 400w, https:\/\/muzeulgolesti.ro\/wp-content\/uploads\/2023\/06\/Diapozitiv4-600x450.jpg 600w, https:\/\/muzeulgolesti.ro\/wp-content\/uploads\/2023\/06\/Diapozitiv4-768x576.jpg 768w, https:\/\/muzeulgolesti.ro\/wp-content\/uploads\/2023\/06\/Diapozitiv4-800x600.jpg 800w, https:\/\/muzeulgolesti.ro\/wp-content\/uploads\/2023\/06\/Diapozitiv4.jpg 960w\" sizes=\"(max-width: 960px) 100vw, 960px\" \/> <img decoding=\"async\" class=\"alignnone size-full wp-image-5593\" src=\"https:\/\/muzeulgolesti.ro\/wp-content\/uploads\/2023\/06\/Diapozitiv5.jpg\" alt=\"\" width=\"960\" height=\"720\" srcset=\"https:\/\/muzeulgolesti.ro\/wp-content\/uploads\/2023\/06\/Diapozitiv5-200x150.jpg 200w, https:\/\/muzeulgolesti.ro\/wp-content\/uploads\/2023\/06\/Diapozitiv5-360x270.jpg 360w, https:\/\/muzeulgolesti.ro\/wp-content\/uploads\/2023\/06\/Diapozitiv5-400x300.jpg 400w, https:\/\/muzeulgolesti.ro\/wp-content\/uploads\/2023\/06\/Diapozitiv5-600x450.jpg 600w, https:\/\/muzeulgolesti.ro\/wp-content\/uploads\/2023\/06\/Diapozitiv5-768x576.jpg 768w, https:\/\/muzeulgolesti.ro\/wp-content\/uploads\/2023\/06\/Diapozitiv5-800x600.jpg 800w, https:\/\/muzeulgolesti.ro\/wp-content\/uploads\/2023\/06\/Diapozitiv5.jpg 960w\" sizes=\"(max-width: 960px) 100vw, 960px\" \/> <img decoding=\"async\" class=\"alignnone size-full wp-image-5594\" src=\"https:\/\/muzeulgolesti.ro\/wp-content\/uploads\/2023\/06\/Diapozitiv6.jpg\" alt=\"\" width=\"960\" height=\"720\" srcset=\"https:\/\/muzeulgolesti.ro\/wp-content\/uploads\/2023\/06\/Diapozitiv6-200x150.jpg 200w, https:\/\/muzeulgolesti.ro\/wp-content\/uploads\/2023\/06\/Diapozitiv6-360x270.jpg 360w, https:\/\/muzeulgolesti.ro\/wp-content\/uploads\/2023\/06\/Diapozitiv6-400x300.jpg 400w, https:\/\/muzeulgolesti.ro\/wp-content\/uploads\/2023\/06\/Diapozitiv6-600x450.jpg 600w, https:\/\/muzeulgolesti.ro\/wp-content\/uploads\/2023\/06\/Diapozitiv6-768x576.jpg 768w, https:\/\/muzeulgolesti.ro\/wp-content\/uploads\/2023\/06\/Diapozitiv6-800x600.jpg 800w, https:\/\/muzeulgolesti.ro\/wp-content\/uploads\/2023\/06\/Diapozitiv6.jpg 960w\" sizes=\"(max-width: 960px) 100vw, 960px\" \/> <img decoding=\"async\" class=\"alignnone size-full wp-image-5595\" src=\"https:\/\/muzeulgolesti.ro\/wp-content\/uploads\/2023\/06\/Diapozitiv7.jpg\" alt=\"\" width=\"960\" height=\"720\" srcset=\"https:\/\/muzeulgolesti.ro\/wp-content\/uploads\/2023\/06\/Diapozitiv7-200x150.jpg 200w, https:\/\/muzeulgolesti.ro\/wp-content\/uploads\/2023\/06\/Diapozitiv7-360x270.jpg 360w, https:\/\/muzeulgolesti.ro\/wp-content\/uploads\/2023\/06\/Diapozitiv7-400x300.jpg 400w, https:\/\/muzeulgolesti.ro\/wp-content\/uploads\/2023\/06\/Diapozitiv7-600x450.jpg 600w, https:\/\/muzeulgolesti.ro\/wp-content\/uploads\/2023\/06\/Diapozitiv7-768x576.jpg 768w, https:\/\/muzeulgolesti.ro\/wp-content\/uploads\/2023\/06\/Diapozitiv7-800x600.jpg 800w, https:\/\/muzeulgolesti.ro\/wp-content\/uploads\/2023\/06\/Diapozitiv7.jpg 960w\" sizes=\"(max-width: 960px) 100vw, 960px\" \/><\/p>\n<p>&nbsp;<\/p>\n<p>&nbsp;<\/p>\n","protected":false},"excerpt":{"rendered":"<p>Cu bucurie \u0219i m\u00e2ndrie, anivers\u0103m ast\u0103zi 84 de ani de la fondarea Muzeului Gole\u0219ti. Aceast\u0103 institu\u021bie de prestigiu, situat\u0103 l\u00e2ng\u0103 dealurile \u00eenc\u0103rcate de vii ale ora\u0219ului \u0218tef\u0103ne\u0219ti, duce mai departe  [&#8230;]<\/p>\n","protected":false},"author":4,"featured_media":5596,"comment_status":"closed","ping_status":"closed","sticky":false,"template":"","format":"standard","meta":{"footnotes":""},"categories":[54],"tags":[],"class_list":["post-5586","post","type-post","status-publish","format-standard","has-post-thumbnail","hentry","category-stiri"],"yoast_head":"<!-- This site is optimized with the Yoast SEO plugin v27.5 - https:\/\/yoast.com\/product\/yoast-seo-wordpress\/ -->\n<title>84 de ani de la \u00eenfiin\u021barea Muzeului Gole\u0219ti<\/title>\n<meta name=\"description\" content=\"84 de ani de la \u00eenfiin\u021barea Muzeului Gole\u0219ti\" \/>\n<meta name=\"robots\" content=\"index, follow, max-snippet:-1, max-image-preview:large, max-video-preview:-1\" \/>\n<link rel=\"canonical\" href=\"https:\/\/muzeulgolesti.ro\/ro\/stiri\/84-de-ani-de-la-infiintarea-muzeului-golesti\/\" \/>\n<meta property=\"og:locale\" content=\"ro_RO\" \/>\n<meta property=\"og:locale:alternate\" content=\"en_UK\" \/>\n<meta property=\"og:type\" content=\"article\" \/>\n<meta property=\"og:title\" content=\"84 de ani de la \u00eenfiin\u021barea Muzeului Gole\u0219ti\" \/>\n<meta property=\"og:description\" content=\"84 de ani de la \u00eenfiin\u021barea Muzeului Gole\u0219ti\" \/>\n<meta property=\"og:url\" content=\"https:\/\/muzeulgolesti.ro\/ro\/stiri\/84-de-ani-de-la-infiintarea-muzeului-golesti\/\" \/>\n<meta property=\"og:site_name\" content=\"Muzeul Viticulturii si Pomiculturii Golesti\" \/>\n<meta property=\"article:publisher\" content=\"https:\/\/web.facebook.com\/www.muzeulgolesti.ro\" \/>\n<meta property=\"article:published_time\" content=\"2023-06-07T03:11:27+00:00\" \/>\n<meta property=\"article:modified_time\" content=\"2023-06-07T03:19:30+00:00\" \/>\n<meta property=\"og:image\" content=\"https:\/\/muzeulgolesti.ro\/wp-content\/uploads\/2023\/06\/coperta.jpg\" \/>\n\t<meta property=\"og:image:width\" content=\"900\" \/>\n\t<meta property=\"og:image:height\" content=\"506\" \/>\n\t<meta property=\"og:image:type\" content=\"image\/jpeg\" \/>\n<meta name=\"author\" content=\"Aurelian\" \/>\n<meta name=\"twitter:card\" content=\"summary_large_image\" \/>\n<meta name=\"twitter:label1\" content=\"Scris de\" \/>\n\t<meta name=\"twitter:data1\" content=\"Aurelian\" \/>\n\t<meta name=\"twitter:label2\" content=\"Timp estimat pentru citire\" \/>\n\t<meta name=\"twitter:data2\" content=\"4 minute\" \/>\n<script type=\"application\/ld+json\" class=\"yoast-schema-graph\">{\"@context\":\"https:\\\/\\\/schema.org\",\"@graph\":[{\"@type\":\"Article\",\"@id\":\"https:\\\/\\\/muzeulgolesti.ro\\\/ro\\\/stiri\\\/84-de-ani-de-la-infiintarea-muzeului-golesti\\\/#article\",\"isPartOf\":{\"@id\":\"https:\\\/\\\/muzeulgolesti.ro\\\/ro\\\/stiri\\\/84-de-ani-de-la-infiintarea-muzeului-golesti\\\/\"},\"author\":{\"name\":\"Aurelian\",\"@id\":\"https:\\\/\\\/muzeulgolesti.ro\\\/ro\\\/#\\\/schema\\\/person\\\/acff93f78d5f76316eef77f2d28e0539\"},\"headline\":\"84 de ani de la \u00eenfiin\u021barea Muzeului Gole\u0219ti\",\"datePublished\":\"2023-06-07T03:11:27+00:00\",\"dateModified\":\"2023-06-07T03:19:30+00:00\",\"mainEntityOfPage\":{\"@id\":\"https:\\\/\\\/muzeulgolesti.ro\\\/ro\\\/stiri\\\/84-de-ani-de-la-infiintarea-muzeului-golesti\\\/\"},\"wordCount\":808,\"publisher\":{\"@id\":\"https:\\\/\\\/muzeulgolesti.ro\\\/ro\\\/#organization\"},\"image\":{\"@id\":\"https:\\\/\\\/muzeulgolesti.ro\\\/ro\\\/stiri\\\/84-de-ani-de-la-infiintarea-muzeului-golesti\\\/#primaryimage\"},\"thumbnailUrl\":\"https:\\\/\\\/muzeulgolesti.ro\\\/wp-content\\\/uploads\\\/2023\\\/06\\\/coperta.jpg\",\"articleSection\":[\"Stiri\"],\"inLanguage\":\"ro-RO\"},{\"@type\":\"WebPage\",\"@id\":\"https:\\\/\\\/muzeulgolesti.ro\\\/ro\\\/stiri\\\/84-de-ani-de-la-infiintarea-muzeului-golesti\\\/\",\"url\":\"https:\\\/\\\/muzeulgolesti.ro\\\/ro\\\/stiri\\\/84-de-ani-de-la-infiintarea-muzeului-golesti\\\/\",\"name\":\"84 de ani de la \u00eenfiin\u021barea Muzeului Gole\u0219ti\",\"isPartOf\":{\"@id\":\"https:\\\/\\\/muzeulgolesti.ro\\\/ro\\\/#website\"},\"primaryImageOfPage\":{\"@id\":\"https:\\\/\\\/muzeulgolesti.ro\\\/ro\\\/stiri\\\/84-de-ani-de-la-infiintarea-muzeului-golesti\\\/#primaryimage\"},\"image\":{\"@id\":\"https:\\\/\\\/muzeulgolesti.ro\\\/ro\\\/stiri\\\/84-de-ani-de-la-infiintarea-muzeului-golesti\\\/#primaryimage\"},\"thumbnailUrl\":\"https:\\\/\\\/muzeulgolesti.ro\\\/wp-content\\\/uploads\\\/2023\\\/06\\\/coperta.jpg\",\"datePublished\":\"2023-06-07T03:11:27+00:00\",\"dateModified\":\"2023-06-07T03:19:30+00:00\",\"description\":\"84 de ani de la \u00eenfiin\u021barea Muzeului Gole\u0219ti\",\"breadcrumb\":{\"@id\":\"https:\\\/\\\/muzeulgolesti.ro\\\/ro\\\/stiri\\\/84-de-ani-de-la-infiintarea-muzeului-golesti\\\/#breadcrumb\"},\"inLanguage\":\"ro-RO\",\"potentialAction\":[{\"@type\":\"ReadAction\",\"target\":[\"https:\\\/\\\/muzeulgolesti.ro\\\/ro\\\/stiri\\\/84-de-ani-de-la-infiintarea-muzeului-golesti\\\/\"]}]},{\"@type\":\"ImageObject\",\"inLanguage\":\"ro-RO\",\"@id\":\"https:\\\/\\\/muzeulgolesti.ro\\\/ro\\\/stiri\\\/84-de-ani-de-la-infiintarea-muzeului-golesti\\\/#primaryimage\",\"url\":\"https:\\\/\\\/muzeulgolesti.ro\\\/wp-content\\\/uploads\\\/2023\\\/06\\\/coperta.jpg\",\"contentUrl\":\"https:\\\/\\\/muzeulgolesti.ro\\\/wp-content\\\/uploads\\\/2023\\\/06\\\/coperta.jpg\",\"width\":900,\"height\":506},{\"@type\":\"BreadcrumbList\",\"@id\":\"https:\\\/\\\/muzeulgolesti.ro\\\/ro\\\/stiri\\\/84-de-ani-de-la-infiintarea-muzeului-golesti\\\/#breadcrumb\",\"itemListElement\":[{\"@type\":\"ListItem\",\"position\":1,\"name\":\"Prima pagin\u0103\",\"item\":\"https:\\\/\\\/muzeulgolesti.ro\\\/ro\\\/\"},{\"@type\":\"ListItem\",\"position\":2,\"name\":\"84 de ani de la \u00eenfiin\u021barea Muzeului Gole\u0219ti\"}]},{\"@type\":\"WebSite\",\"@id\":\"https:\\\/\\\/muzeulgolesti.ro\\\/ro\\\/#website\",\"url\":\"https:\\\/\\\/muzeulgolesti.ro\\\/ro\\\/\",\"name\":\"Muzeul Vititculturii si Pomiculturii Golesti\",\"description\":\"Cultura, Etnografie, Istorie - Muzeul Vititculturii si Pomiculturii Golesti\",\"publisher\":{\"@id\":\"https:\\\/\\\/muzeulgolesti.ro\\\/ro\\\/#organization\"},\"potentialAction\":[{\"@type\":\"SearchAction\",\"target\":{\"@type\":\"EntryPoint\",\"urlTemplate\":\"https:\\\/\\\/muzeulgolesti.ro\\\/ro\\\/?s={search_term_string}\"},\"query-input\":{\"@type\":\"PropertyValueSpecification\",\"valueRequired\":true,\"valueName\":\"search_term_string\"}}],\"inLanguage\":\"ro-RO\"},{\"@type\":\"Organization\",\"@id\":\"https:\\\/\\\/muzeulgolesti.ro\\\/ro\\\/#organization\",\"name\":\"Muzeul Vititculturii si Pomiculturii Golesti\",\"url\":\"https:\\\/\\\/muzeulgolesti.ro\\\/ro\\\/\",\"logo\":{\"@type\":\"ImageObject\",\"inLanguage\":\"ro-RO\",\"@id\":\"https:\\\/\\\/muzeulgolesti.ro\\\/ro\\\/#\\\/schema\\\/logo\\\/image\\\/\",\"url\":\"https:\\\/\\\/muzeulgolesti.ro\\\/wp-content\\\/uploads\\\/2022\\\/11\\\/SiglaMuzeu.jpg\",\"contentUrl\":\"https:\\\/\\\/muzeulgolesti.ro\\\/wp-content\\\/uploads\\\/2022\\\/11\\\/SiglaMuzeu.jpg\",\"width\":86,\"height\":50,\"caption\":\"Muzeul Vititculturii si Pomiculturii Golesti\"},\"image\":{\"@id\":\"https:\\\/\\\/muzeulgolesti.ro\\\/ro\\\/#\\\/schema\\\/logo\\\/image\\\/\"},\"sameAs\":[\"https:\\\/\\\/web.facebook.com\\\/www.muzeulgolesti.ro\"]},{\"@type\":\"Person\",\"@id\":\"https:\\\/\\\/muzeulgolesti.ro\\\/ro\\\/#\\\/schema\\\/person\\\/acff93f78d5f76316eef77f2d28e0539\",\"name\":\"Aurelian\",\"url\":\"https:\\\/\\\/muzeulgolesti.ro\\\/ro\\\/author\\\/auras\\\/\"}]}<\/script>\n<!-- \/ Yoast SEO plugin. -->","yoast_head_json":{"title":"84 de ani de la \u00eenfiin\u021barea Muzeului Gole\u0219ti","description":"[:ro]84 de ani de la \u00eenfiin\u021barea Muzeului Gole\u0219ti[:en]Gole\u0219ti Museum - 84 years old[:]","robots":{"index":"index","follow":"follow","max-snippet":"max-snippet:-1","max-image-preview":"max-image-preview:large","max-video-preview":"max-video-preview:-1"},"canonical":"https:\/\/muzeulgolesti.ro\/ro\/stiri\/84-de-ani-de-la-infiintarea-muzeului-golesti\/","og_locale":"ro_RO","og_type":"article","og_title":"[:ro]84 de ani de la \u00eenfiin\u021barea Muzeului Gole\u0219ti[:en]Gole\u0219ti Museum - 84 years old[:] - Muzeul Viticulturii si Pomiculturii Golesti","og_description":"[:ro]84 de ani de la \u00eenfiin\u021barea Muzeului Gole\u0219ti[:en]Gole\u0219ti Museum - 84 years old[:]","og_url":"https:\/\/muzeulgolesti.ro\/ro\/stiri\/84-de-ani-de-la-infiintarea-muzeului-golesti\/","og_site_name":"Muzeul Viticulturii si Pomiculturii Golesti","article_publisher":"https:\/\/web.facebook.com\/www.muzeulgolesti.ro","article_published_time":"2023-06-07T03:11:27+00:00","article_modified_time":"2023-06-07T03:19:30+00:00","og_image":[{"width":900,"height":506,"url":"https:\/\/muzeulgolesti.ro\/wp-content\/uploads\/2023\/06\/coperta.jpg","type":"image\/jpeg"}],"author":"Aurelian","twitter_card":"summary_large_image","twitter_misc":{"Scris de":"Aurelian","Timp estimat pentru citire":"4 minute"},"schema":{"@context":"https:\/\/schema.org","@graph":[{"@type":"Article","@id":"https:\/\/muzeulgolesti.ro\/ro\/stiri\/84-de-ani-de-la-infiintarea-muzeului-golesti\/#article","isPartOf":{"@id":"https:\/\/muzeulgolesti.ro\/ro\/stiri\/84-de-ani-de-la-infiintarea-muzeului-golesti\/"},"author":{"name":"Aurelian","@id":"https:\/\/muzeulgolesti.ro\/ro\/#\/schema\/person\/acff93f78d5f76316eef77f2d28e0539"},"headline":"84 de ani de la \u00eenfiin\u021barea Muzeului Gole\u0219ti","datePublished":"2023-06-07T03:11:27+00:00","dateModified":"2023-06-07T03:19:30+00:00","mainEntityOfPage":{"@id":"https:\/\/muzeulgolesti.ro\/ro\/stiri\/84-de-ani-de-la-infiintarea-muzeului-golesti\/"},"wordCount":808,"publisher":{"@id":"https:\/\/muzeulgolesti.ro\/ro\/#organization"},"image":{"@id":"https:\/\/muzeulgolesti.ro\/ro\/stiri\/84-de-ani-de-la-infiintarea-muzeului-golesti\/#primaryimage"},"thumbnailUrl":"https:\/\/muzeulgolesti.ro\/wp-content\/uploads\/2023\/06\/coperta.jpg","articleSection":["Stiri"],"inLanguage":"ro-RO"},{"@type":"WebPage","@id":"https:\/\/muzeulgolesti.ro\/ro\/stiri\/84-de-ani-de-la-infiintarea-muzeului-golesti\/","url":"https:\/\/muzeulgolesti.ro\/ro\/stiri\/84-de-ani-de-la-infiintarea-muzeului-golesti\/","name":"84 de ani de la \u00eenfiin\u021barea Muzeului Gole\u0219ti","isPartOf":{"@id":"https:\/\/muzeulgolesti.ro\/ro\/#website"},"primaryImageOfPage":{"@id":"https:\/\/muzeulgolesti.ro\/ro\/stiri\/84-de-ani-de-la-infiintarea-muzeului-golesti\/#primaryimage"},"image":{"@id":"https:\/\/muzeulgolesti.ro\/ro\/stiri\/84-de-ani-de-la-infiintarea-muzeului-golesti\/#primaryimage"},"thumbnailUrl":"https:\/\/muzeulgolesti.ro\/wp-content\/uploads\/2023\/06\/coperta.jpg","datePublished":"2023-06-07T03:11:27+00:00","dateModified":"2023-06-07T03:19:30+00:00","description":"84 de ani de la \u00eenfiin\u021barea Muzeului Gole\u0219ti","breadcrumb":{"@id":"https:\/\/muzeulgolesti.ro\/ro\/stiri\/84-de-ani-de-la-infiintarea-muzeului-golesti\/#breadcrumb"},"inLanguage":"ro-RO","potentialAction":[{"@type":"ReadAction","target":["https:\/\/muzeulgolesti.ro\/ro\/stiri\/84-de-ani-de-la-infiintarea-muzeului-golesti\/"]}]},{"@type":"ImageObject","inLanguage":"ro-RO","@id":"https:\/\/muzeulgolesti.ro\/ro\/stiri\/84-de-ani-de-la-infiintarea-muzeului-golesti\/#primaryimage","url":"https:\/\/muzeulgolesti.ro\/wp-content\/uploads\/2023\/06\/coperta.jpg","contentUrl":"https:\/\/muzeulgolesti.ro\/wp-content\/uploads\/2023\/06\/coperta.jpg","width":900,"height":506},{"@type":"BreadcrumbList","@id":"https:\/\/muzeulgolesti.ro\/ro\/stiri\/84-de-ani-de-la-infiintarea-muzeului-golesti\/#breadcrumb","itemListElement":[{"@type":"ListItem","position":1,"name":"Prima pagin\u0103","item":"https:\/\/muzeulgolesti.ro\/ro\/"},{"@type":"ListItem","position":2,"name":"84 de ani de la \u00eenfiin\u021barea Muzeului Gole\u0219ti"}]},{"@type":"WebSite","@id":"https:\/\/muzeulgolesti.ro\/ro\/#website","url":"https:\/\/muzeulgolesti.ro\/ro\/","name":"Muzeul Vititculturii si Pomiculturii Golesti","description":"Cultura, Etnografie, Istorie - Muzeul Vititculturii si Pomiculturii Golesti","publisher":{"@id":"https:\/\/muzeulgolesti.ro\/ro\/#organization"},"potentialAction":[{"@type":"SearchAction","target":{"@type":"EntryPoint","urlTemplate":"https:\/\/muzeulgolesti.ro\/ro\/?s={search_term_string}"},"query-input":{"@type":"PropertyValueSpecification","valueRequired":true,"valueName":"search_term_string"}}],"inLanguage":"ro-RO"},{"@type":"Organization","@id":"https:\/\/muzeulgolesti.ro\/ro\/#organization","name":"Muzeul Vititculturii si Pomiculturii Golesti","url":"https:\/\/muzeulgolesti.ro\/ro\/","logo":{"@type":"ImageObject","inLanguage":"ro-RO","@id":"https:\/\/muzeulgolesti.ro\/ro\/#\/schema\/logo\/image\/","url":"https:\/\/muzeulgolesti.ro\/wp-content\/uploads\/2022\/11\/SiglaMuzeu.jpg","contentUrl":"https:\/\/muzeulgolesti.ro\/wp-content\/uploads\/2022\/11\/SiglaMuzeu.jpg","width":86,"height":50,"caption":"Muzeul Vititculturii si Pomiculturii Golesti"},"image":{"@id":"https:\/\/muzeulgolesti.ro\/ro\/#\/schema\/logo\/image\/"},"sameAs":["https:\/\/web.facebook.com\/www.muzeulgolesti.ro"]},{"@type":"Person","@id":"https:\/\/muzeulgolesti.ro\/ro\/#\/schema\/person\/acff93f78d5f76316eef77f2d28e0539","name":"Aurelian","url":"https:\/\/muzeulgolesti.ro\/ro\/author\/auras\/"}]}},"_links":{"self":[{"href":"https:\/\/muzeulgolesti.ro\/ro\/wp-json\/wp\/v2\/posts\/5586","targetHints":{"allow":["GET"]}}],"collection":[{"href":"https:\/\/muzeulgolesti.ro\/ro\/wp-json\/wp\/v2\/posts"}],"about":[{"href":"https:\/\/muzeulgolesti.ro\/ro\/wp-json\/wp\/v2\/types\/post"}],"author":[{"embeddable":true,"href":"https:\/\/muzeulgolesti.ro\/ro\/wp-json\/wp\/v2\/users\/4"}],"replies":[{"embeddable":true,"href":"https:\/\/muzeulgolesti.ro\/ro\/wp-json\/wp\/v2\/comments?post=5586"}],"version-history":[{"count":5,"href":"https:\/\/muzeulgolesti.ro\/ro\/wp-json\/wp\/v2\/posts\/5586\/revisions"}],"predecessor-version":[{"id":5601,"href":"https:\/\/muzeulgolesti.ro\/ro\/wp-json\/wp\/v2\/posts\/5586\/revisions\/5601"}],"wp:featuredmedia":[{"embeddable":true,"href":"https:\/\/muzeulgolesti.ro\/ro\/wp-json\/wp\/v2\/media\/5596"}],"wp:attachment":[{"href":"https:\/\/muzeulgolesti.ro\/ro\/wp-json\/wp\/v2\/media?parent=5586"}],"wp:term":[{"taxonomy":"category","embeddable":true,"href":"https:\/\/muzeulgolesti.ro\/ro\/wp-json\/wp\/v2\/categories?post=5586"},{"taxonomy":"post_tag","embeddable":true,"href":"https:\/\/muzeulgolesti.ro\/ro\/wp-json\/wp\/v2\/tags?post=5586"}],"curies":[{"name":"wp","href":"https:\/\/api.w.org\/{rel}","templated":true}]}}