{"id":5809,"date":"2023-09-18T10:22:14","date_gmt":"2023-09-18T10:22:14","guid":{"rendered":"https:\/\/muzeulgolesti.ro\/ro\/?p=5809"},"modified":"2023-09-18T10:23:44","modified_gmt":"2023-09-18T10:23:44","slug":"expozitie-din-comorile-etnografice-ale-munteniei","status":"publish","type":"post","link":"https:\/\/muzeulgolesti.ro\/ro\/evenimente\/expozitie-din-comorile-etnografice-ale-munteniei\/","title":{"rendered":"Expozi\u021bie: Din comorile etnografice ale Munteniei"},"content":{"rendered":"<p><img decoding=\"async\" class=\"alignnone size-full wp-image-5810\" src=\"https:\/\/muzeulgolesti.ro\/wp-content\/uploads\/2023\/09\/WhatsApp-Image-2023-09-18-at-09.37.47.jpeg\" alt=\"\" width=\"951\" height=\"1345\" srcset=\"https:\/\/muzeulgolesti.ro\/wp-content\/uploads\/2023\/09\/WhatsApp-Image-2023-09-18-at-09.37.47-200x283.jpeg 200w, https:\/\/muzeulgolesti.ro\/wp-content\/uploads\/2023\/09\/WhatsApp-Image-2023-09-18-at-09.37.47-255x360.jpeg 255w, https:\/\/muzeulgolesti.ro\/wp-content\/uploads\/2023\/09\/WhatsApp-Image-2023-09-18-at-09.37.47-400x566.jpeg 400w, https:\/\/muzeulgolesti.ro\/wp-content\/uploads\/2023\/09\/WhatsApp-Image-2023-09-18-at-09.37.47-600x849.jpeg 600w, https:\/\/muzeulgolesti.ro\/wp-content\/uploads\/2023\/09\/WhatsApp-Image-2023-09-18-at-09.37.47-768x1086.jpeg 768w, https:\/\/muzeulgolesti.ro\/wp-content\/uploads\/2023\/09\/WhatsApp-Image-2023-09-18-at-09.37.47-800x1131.jpeg 800w, https:\/\/muzeulgolesti.ro\/wp-content\/uploads\/2023\/09\/WhatsApp-Image-2023-09-18-at-09.37.47-919x1300.jpeg 919w, https:\/\/muzeulgolesti.ro\/wp-content\/uploads\/2023\/09\/WhatsApp-Image-2023-09-18-at-09.37.47.jpeg 951w\" sizes=\"(max-width: 951px) 100vw, 951px\" \/><\/p>\n<p>Expozi\u021bia \u201eDin comorile etnografice ale Munteniei\u201d, realizat\u0103 \u00een colaborare de Muzeul Gole\u0219ti cu Muzeul Jude\u021bean \u201eTeohari Antonescu\u201d Giurgiu \u0219i Muzeul Municipal C\u00e2mpulung va fi vernisat\u0103 la Giurgiu, miercuri, 20 septembrie 2023, de la ora 11.00.<\/p>\n<p>Aceast\u0103 expozi\u021bie v\u0103 propune o incursiune fascinant\u0103 \u00een bogata mo\u0219tenire cultural\u0103 a acestei mari regiuni istorice a \u021b\u0103rii noastre. Acest eveniment deosebit aduce \u00een prim-plan frumuse\u021bea, creativitatea \u0219i tradi\u021bia costumelor tradi\u021bionale, reflect\u00e2nd identitatea a trei regiuni de tradi\u021bie \u2013 Arge\u0219ul, Mu\u0219celul \u0219i Vla\u0219ca.<\/p>\n<p>Expozi\u021bia g\u0103zduie\u0219te o varietate de costume, fiecare av\u00e2nd povestea \u0219i specificul s\u0103u. Fiecare pies\u0103 este o m\u0103rturie vie a tradi\u021biilor locale \u0219i a evolu\u021biei lor de-a lungul timpului.<\/p>\n<p>Piesele de port din aceste zone sunt cunoscute la nivel european pentru elegan\u021ba \u0219i rafinamentul lor. Ele oglindesc frumuse\u021bea, creativitatea \u0219i bog\u0103\u021bia oamenilor din aceast\u0103 zon\u0103.<\/p>\n<p>Expozi\u021bia \u201eDin comorile etnografice ale Munteniei\u201d \u00a0este un omagiu adus m\u00e2ndriei \u0219i identit\u0103\u021bilor locale, \u0219i o invita\u021bie la explorarea \u0219i aprecierea mo\u0219tenirii noastre culturale, care v\u0103 a\u0219tept\u0103 la Giurgiu din septembrie p\u00e2n\u0103 \u00een decembrie 2023.<\/p>\n","protected":false},"excerpt":{"rendered":"<p>Expozi\u021bia \u201eDin comorile etnografice ale Munteniei\u201d, realizat\u0103 \u00een colaborare de Muzeul Gole\u0219ti cu Muzeul Jude\u021bean \u201eTeohari Antonescu\u201d Giurgiu \u0219i Muzeul Municipal C\u00e2mpulung va fi vernisat\u0103 la Giurgiu, miercuri, 20 septembrie  [&#8230;]<\/p>\n","protected":false},"author":4,"featured_media":5811,"comment_status":"closed","ping_status":"closed","sticky":false,"template":"","format":"standard","meta":{"footnotes":""},"categories":[1],"tags":[],"class_list":["post-5809","post","type-post","status-publish","format-standard","has-post-thumbnail","hentry","category-evenimente"],"yoast_head":"<!-- This site is optimized with the Yoast SEO plugin v27.5 - https:\/\/yoast.com\/product\/yoast-seo-wordpress\/ -->\n<title>Expozi\u021bie: Din comorile etnografice ale Munteniei<\/title>\n<meta name=\"description\" content=\"Expozi\u021bie: Din comorile etnografice ale Munteniei\" \/>\n<meta name=\"robots\" content=\"index, follow, max-snippet:-1, max-image-preview:large, max-video-preview:-1\" \/>\n<link rel=\"canonical\" href=\"https:\/\/muzeulgolesti.ro\/ro\/evenimente\/expozitie-din-comorile-etnografice-ale-munteniei\/\" \/>\n<meta property=\"og:locale\" content=\"ro_RO\" \/>\n<meta property=\"og:locale:alternate\" content=\"en_UK\" \/>\n<meta property=\"og:type\" content=\"article\" \/>\n<meta property=\"og:title\" content=\"Expozi\u021bie: Din comorile etnografice ale Munteniei\" \/>\n<meta property=\"og:description\" content=\"Expozi\u021bie: Din comorile etnografice ale Munteniei\" \/>\n<meta property=\"og:url\" content=\"https:\/\/muzeulgolesti.ro\/ro\/evenimente\/expozitie-din-comorile-etnografice-ale-munteniei\/\" \/>\n<meta property=\"og:site_name\" content=\"Muzeul Viticulturii si Pomiculturii Golesti\" \/>\n<meta property=\"article:publisher\" content=\"https:\/\/web.facebook.com\/www.muzeulgolesti.ro\" \/>\n<meta property=\"article:published_time\" content=\"2023-09-18T10:22:14+00:00\" \/>\n<meta property=\"article:modified_time\" content=\"2023-09-18T10:23:44+00:00\" \/>\n<meta property=\"og:image\" content=\"https:\/\/muzeulgolesti.ro\/wp-content\/uploads\/2023\/09\/coperta-site-2.jpg\" \/>\n\t<meta property=\"og:image:width\" content=\"900\" \/>\n\t<meta property=\"og:image:height\" content=\"506\" \/>\n\t<meta property=\"og:image:type\" content=\"image\/jpeg\" \/>\n<meta name=\"author\" content=\"Aurelian\" \/>\n<meta name=\"twitter:card\" content=\"summary_large_image\" \/>\n<meta name=\"twitter:label1\" content=\"Scris de\" \/>\n\t<meta name=\"twitter:data1\" content=\"Aurelian\" \/>\n\t<meta name=\"twitter:label2\" content=\"Timp estimat pentru citire\" \/>\n\t<meta name=\"twitter:data2\" content=\"2 minute\" \/>\n<script type=\"application\/ld+json\" class=\"yoast-schema-graph\">{\"@context\":\"https:\\\/\\\/schema.org\",\"@graph\":[{\"@type\":\"Article\",\"@id\":\"https:\\\/\\\/muzeulgolesti.ro\\\/en\\\/evenimente\\\/expozitie-din-comorile-etnografice-ale-munteniei\\\/#article\",\"isPartOf\":{\"@id\":\"https:\\\/\\\/muzeulgolesti.ro\\\/en\\\/evenimente\\\/expozitie-din-comorile-etnografice-ale-munteniei\\\/\"},\"author\":{\"name\":\"Aurelian\",\"@id\":\"https:\\\/\\\/muzeulgolesti.ro\\\/ro\\\/#\\\/schema\\\/person\\\/acff93f78d5f76316eef77f2d28e0539\"},\"headline\":\"Expozi\u021bie: Din comorile etnografice ale Munteniei\",\"datePublished\":\"2023-09-18T10:22:14+00:00\",\"dateModified\":\"2023-09-18T10:23:44+00:00\",\"mainEntityOfPage\":{\"@id\":\"https:\\\/\\\/muzeulgolesti.ro\\\/en\\\/evenimente\\\/expozitie-din-comorile-etnografice-ale-munteniei\\\/\"},\"wordCount\":393,\"publisher\":{\"@id\":\"https:\\\/\\\/muzeulgolesti.ro\\\/ro\\\/#organization\"},\"image\":{\"@id\":\"https:\\\/\\\/muzeulgolesti.ro\\\/en\\\/evenimente\\\/expozitie-din-comorile-etnografice-ale-munteniei\\\/#primaryimage\"},\"thumbnailUrl\":\"https:\\\/\\\/muzeulgolesti.ro\\\/wp-content\\\/uploads\\\/2023\\\/09\\\/coperta-site-2.jpg\",\"articleSection\":[\"Evenimente\"],\"inLanguage\":\"ro-RO\"},{\"@type\":\"WebPage\",\"@id\":\"https:\\\/\\\/muzeulgolesti.ro\\\/en\\\/evenimente\\\/expozitie-din-comorile-etnografice-ale-munteniei\\\/\",\"url\":\"https:\\\/\\\/muzeulgolesti.ro\\\/en\\\/evenimente\\\/expozitie-din-comorile-etnografice-ale-munteniei\\\/\",\"name\":\"Expozi\u021bie: Din comorile etnografice ale Munteniei\",\"isPartOf\":{\"@id\":\"https:\\\/\\\/muzeulgolesti.ro\\\/ro\\\/#website\"},\"primaryImageOfPage\":{\"@id\":\"https:\\\/\\\/muzeulgolesti.ro\\\/en\\\/evenimente\\\/expozitie-din-comorile-etnografice-ale-munteniei\\\/#primaryimage\"},\"image\":{\"@id\":\"https:\\\/\\\/muzeulgolesti.ro\\\/en\\\/evenimente\\\/expozitie-din-comorile-etnografice-ale-munteniei\\\/#primaryimage\"},\"thumbnailUrl\":\"https:\\\/\\\/muzeulgolesti.ro\\\/wp-content\\\/uploads\\\/2023\\\/09\\\/coperta-site-2.jpg\",\"datePublished\":\"2023-09-18T10:22:14+00:00\",\"dateModified\":\"2023-09-18T10:23:44+00:00\",\"description\":\"Expozi\u021bie: Din comorile etnografice ale Munteniei\",\"breadcrumb\":{\"@id\":\"https:\\\/\\\/muzeulgolesti.ro\\\/en\\\/evenimente\\\/expozitie-din-comorile-etnografice-ale-munteniei\\\/#breadcrumb\"},\"inLanguage\":\"ro-RO\",\"potentialAction\":[{\"@type\":\"ReadAction\",\"target\":[\"https:\\\/\\\/muzeulgolesti.ro\\\/en\\\/evenimente\\\/expozitie-din-comorile-etnografice-ale-munteniei\\\/\"]}]},{\"@type\":\"ImageObject\",\"inLanguage\":\"ro-RO\",\"@id\":\"https:\\\/\\\/muzeulgolesti.ro\\\/en\\\/evenimente\\\/expozitie-din-comorile-etnografice-ale-munteniei\\\/#primaryimage\",\"url\":\"https:\\\/\\\/muzeulgolesti.ro\\\/wp-content\\\/uploads\\\/2023\\\/09\\\/coperta-site-2.jpg\",\"contentUrl\":\"https:\\\/\\\/muzeulgolesti.ro\\\/wp-content\\\/uploads\\\/2023\\\/09\\\/coperta-site-2.jpg\",\"width\":900,\"height\":506},{\"@type\":\"BreadcrumbList\",\"@id\":\"https:\\\/\\\/muzeulgolesti.ro\\\/en\\\/evenimente\\\/expozitie-din-comorile-etnografice-ale-munteniei\\\/#breadcrumb\",\"itemListElement\":[{\"@type\":\"ListItem\",\"position\":1,\"name\":\"Prima pagin\u0103\",\"item\":\"https:\\\/\\\/muzeulgolesti.ro\\\/ro\\\/\"},{\"@type\":\"ListItem\",\"position\":2,\"name\":\"Expozi\u021bie: Din comorile etnografice ale Munteniei\"}]},{\"@type\":\"WebSite\",\"@id\":\"https:\\\/\\\/muzeulgolesti.ro\\\/ro\\\/#website\",\"url\":\"https:\\\/\\\/muzeulgolesti.ro\\\/ro\\\/\",\"name\":\"Muzeul Vititculturii si Pomiculturii Golesti\",\"description\":\"Cultura, Etnografie, Istorie - Muzeul Vititculturii si Pomiculturii Golesti\",\"publisher\":{\"@id\":\"https:\\\/\\\/muzeulgolesti.ro\\\/ro\\\/#organization\"},\"potentialAction\":[{\"@type\":\"SearchAction\",\"target\":{\"@type\":\"EntryPoint\",\"urlTemplate\":\"https:\\\/\\\/muzeulgolesti.ro\\\/ro\\\/?s={search_term_string}\"},\"query-input\":{\"@type\":\"PropertyValueSpecification\",\"valueRequired\":true,\"valueName\":\"search_term_string\"}}],\"inLanguage\":\"ro-RO\"},{\"@type\":\"Organization\",\"@id\":\"https:\\\/\\\/muzeulgolesti.ro\\\/ro\\\/#organization\",\"name\":\"Muzeul Vititculturii si Pomiculturii Golesti\",\"url\":\"https:\\\/\\\/muzeulgolesti.ro\\\/ro\\\/\",\"logo\":{\"@type\":\"ImageObject\",\"inLanguage\":\"ro-RO\",\"@id\":\"https:\\\/\\\/muzeulgolesti.ro\\\/ro\\\/#\\\/schema\\\/logo\\\/image\\\/\",\"url\":\"https:\\\/\\\/muzeulgolesti.ro\\\/wp-content\\\/uploads\\\/2022\\\/11\\\/SiglaMuzeu.jpg\",\"contentUrl\":\"https:\\\/\\\/muzeulgolesti.ro\\\/wp-content\\\/uploads\\\/2022\\\/11\\\/SiglaMuzeu.jpg\",\"width\":86,\"height\":50,\"caption\":\"Muzeul Vititculturii si Pomiculturii Golesti\"},\"image\":{\"@id\":\"https:\\\/\\\/muzeulgolesti.ro\\\/ro\\\/#\\\/schema\\\/logo\\\/image\\\/\"},\"sameAs\":[\"https:\\\/\\\/web.facebook.com\\\/www.muzeulgolesti.ro\"]},{\"@type\":\"Person\",\"@id\":\"https:\\\/\\\/muzeulgolesti.ro\\\/ro\\\/#\\\/schema\\\/person\\\/acff93f78d5f76316eef77f2d28e0539\",\"name\":\"Aurelian\",\"url\":\"https:\\\/\\\/muzeulgolesti.ro\\\/ro\\\/author\\\/auras\\\/\"}]}<\/script>\n<!-- \/ Yoast SEO plugin. -->","yoast_head_json":{"title":"Expozi\u021bie: Din comorile etnografice ale Munteniei","description":"[:ro]Expozi\u021bie: Din comorile etnografice ale Munteniei[:en]Expozi\u021bie: Din comorile etnografice ale Munteniei[:]","robots":{"index":"index","follow":"follow","max-snippet":"max-snippet:-1","max-image-preview":"max-image-preview:large","max-video-preview":"max-video-preview:-1"},"canonical":"https:\/\/muzeulgolesti.ro\/ro\/evenimente\/expozitie-din-comorile-etnografice-ale-munteniei\/","og_locale":"ro_RO","og_type":"article","og_title":"[:ro]Expozi\u021bie: Din comorile etnografice ale Munteniei[:en]Expozi\u021bie: Din comorile etnografice ale Munteniei[:] - Muzeul Viticulturii si Pomiculturii Golesti","og_description":"[:ro]Expozi\u021bie: Din comorile etnografice ale Munteniei[:en]Expozi\u021bie: Din comorile etnografice ale Munteniei[:]","og_url":"https:\/\/muzeulgolesti.ro\/ro\/evenimente\/expozitie-din-comorile-etnografice-ale-munteniei\/","og_site_name":"Muzeul Viticulturii si Pomiculturii Golesti","article_publisher":"https:\/\/web.facebook.com\/www.muzeulgolesti.ro","article_published_time":"2023-09-18T10:22:14+00:00","article_modified_time":"2023-09-18T10:23:44+00:00","og_image":[{"width":900,"height":506,"url":"https:\/\/muzeulgolesti.ro\/wp-content\/uploads\/2023\/09\/coperta-site-2.jpg","type":"image\/jpeg"}],"author":"Aurelian","twitter_card":"summary_large_image","twitter_misc":{"Scris de":"Aurelian","Timp estimat pentru citire":"2 minute"},"schema":{"@context":"https:\/\/schema.org","@graph":[{"@type":"Article","@id":"https:\/\/muzeulgolesti.ro\/en\/evenimente\/expozitie-din-comorile-etnografice-ale-munteniei\/#article","isPartOf":{"@id":"https:\/\/muzeulgolesti.ro\/en\/evenimente\/expozitie-din-comorile-etnografice-ale-munteniei\/"},"author":{"name":"Aurelian","@id":"https:\/\/muzeulgolesti.ro\/ro\/#\/schema\/person\/acff93f78d5f76316eef77f2d28e0539"},"headline":"Expozi\u021bie: Din comorile etnografice ale Munteniei","datePublished":"2023-09-18T10:22:14+00:00","dateModified":"2023-09-18T10:23:44+00:00","mainEntityOfPage":{"@id":"https:\/\/muzeulgolesti.ro\/en\/evenimente\/expozitie-din-comorile-etnografice-ale-munteniei\/"},"wordCount":393,"publisher":{"@id":"https:\/\/muzeulgolesti.ro\/ro\/#organization"},"image":{"@id":"https:\/\/muzeulgolesti.ro\/en\/evenimente\/expozitie-din-comorile-etnografice-ale-munteniei\/#primaryimage"},"thumbnailUrl":"https:\/\/muzeulgolesti.ro\/wp-content\/uploads\/2023\/09\/coperta-site-2.jpg","articleSection":["Evenimente"],"inLanguage":"ro-RO"},{"@type":"WebPage","@id":"https:\/\/muzeulgolesti.ro\/en\/evenimente\/expozitie-din-comorile-etnografice-ale-munteniei\/","url":"https:\/\/muzeulgolesti.ro\/en\/evenimente\/expozitie-din-comorile-etnografice-ale-munteniei\/","name":"Expozi\u021bie: Din comorile etnografice ale Munteniei","isPartOf":{"@id":"https:\/\/muzeulgolesti.ro\/ro\/#website"},"primaryImageOfPage":{"@id":"https:\/\/muzeulgolesti.ro\/en\/evenimente\/expozitie-din-comorile-etnografice-ale-munteniei\/#primaryimage"},"image":{"@id":"https:\/\/muzeulgolesti.ro\/en\/evenimente\/expozitie-din-comorile-etnografice-ale-munteniei\/#primaryimage"},"thumbnailUrl":"https:\/\/muzeulgolesti.ro\/wp-content\/uploads\/2023\/09\/coperta-site-2.jpg","datePublished":"2023-09-18T10:22:14+00:00","dateModified":"2023-09-18T10:23:44+00:00","description":"Expozi\u021bie: Din comorile etnografice ale Munteniei","breadcrumb":{"@id":"https:\/\/muzeulgolesti.ro\/en\/evenimente\/expozitie-din-comorile-etnografice-ale-munteniei\/#breadcrumb"},"inLanguage":"ro-RO","potentialAction":[{"@type":"ReadAction","target":["https:\/\/muzeulgolesti.ro\/en\/evenimente\/expozitie-din-comorile-etnografice-ale-munteniei\/"]}]},{"@type":"ImageObject","inLanguage":"ro-RO","@id":"https:\/\/muzeulgolesti.ro\/en\/evenimente\/expozitie-din-comorile-etnografice-ale-munteniei\/#primaryimage","url":"https:\/\/muzeulgolesti.ro\/wp-content\/uploads\/2023\/09\/coperta-site-2.jpg","contentUrl":"https:\/\/muzeulgolesti.ro\/wp-content\/uploads\/2023\/09\/coperta-site-2.jpg","width":900,"height":506},{"@type":"BreadcrumbList","@id":"https:\/\/muzeulgolesti.ro\/en\/evenimente\/expozitie-din-comorile-etnografice-ale-munteniei\/#breadcrumb","itemListElement":[{"@type":"ListItem","position":1,"name":"Prima pagin\u0103","item":"https:\/\/muzeulgolesti.ro\/ro\/"},{"@type":"ListItem","position":2,"name":"Expozi\u021bie: Din comorile etnografice ale Munteniei"}]},{"@type":"WebSite","@id":"https:\/\/muzeulgolesti.ro\/ro\/#website","url":"https:\/\/muzeulgolesti.ro\/ro\/","name":"Muzeul Vititculturii si Pomiculturii Golesti","description":"Cultura, Etnografie, Istorie - Muzeul Vititculturii si Pomiculturii Golesti","publisher":{"@id":"https:\/\/muzeulgolesti.ro\/ro\/#organization"},"potentialAction":[{"@type":"SearchAction","target":{"@type":"EntryPoint","urlTemplate":"https:\/\/muzeulgolesti.ro\/ro\/?s={search_term_string}"},"query-input":{"@type":"PropertyValueSpecification","valueRequired":true,"valueName":"search_term_string"}}],"inLanguage":"ro-RO"},{"@type":"Organization","@id":"https:\/\/muzeulgolesti.ro\/ro\/#organization","name":"Muzeul Vititculturii si Pomiculturii Golesti","url":"https:\/\/muzeulgolesti.ro\/ro\/","logo":{"@type":"ImageObject","inLanguage":"ro-RO","@id":"https:\/\/muzeulgolesti.ro\/ro\/#\/schema\/logo\/image\/","url":"https:\/\/muzeulgolesti.ro\/wp-content\/uploads\/2022\/11\/SiglaMuzeu.jpg","contentUrl":"https:\/\/muzeulgolesti.ro\/wp-content\/uploads\/2022\/11\/SiglaMuzeu.jpg","width":86,"height":50,"caption":"Muzeul Vititculturii si Pomiculturii Golesti"},"image":{"@id":"https:\/\/muzeulgolesti.ro\/ro\/#\/schema\/logo\/image\/"},"sameAs":["https:\/\/web.facebook.com\/www.muzeulgolesti.ro"]},{"@type":"Person","@id":"https:\/\/muzeulgolesti.ro\/ro\/#\/schema\/person\/acff93f78d5f76316eef77f2d28e0539","name":"Aurelian","url":"https:\/\/muzeulgolesti.ro\/ro\/author\/auras\/"}]}},"_links":{"self":[{"href":"https:\/\/muzeulgolesti.ro\/ro\/wp-json\/wp\/v2\/posts\/5809","targetHints":{"allow":["GET"]}}],"collection":[{"href":"https:\/\/muzeulgolesti.ro\/ro\/wp-json\/wp\/v2\/posts"}],"about":[{"href":"https:\/\/muzeulgolesti.ro\/ro\/wp-json\/wp\/v2\/types\/post"}],"author":[{"embeddable":true,"href":"https:\/\/muzeulgolesti.ro\/ro\/wp-json\/wp\/v2\/users\/4"}],"replies":[{"embeddable":true,"href":"https:\/\/muzeulgolesti.ro\/ro\/wp-json\/wp\/v2\/comments?post=5809"}],"version-history":[{"count":2,"href":"https:\/\/muzeulgolesti.ro\/ro\/wp-json\/wp\/v2\/posts\/5809\/revisions"}],"predecessor-version":[{"id":5813,"href":"https:\/\/muzeulgolesti.ro\/ro\/wp-json\/wp\/v2\/posts\/5809\/revisions\/5813"}],"wp:featuredmedia":[{"embeddable":true,"href":"https:\/\/muzeulgolesti.ro\/ro\/wp-json\/wp\/v2\/media\/5811"}],"wp:attachment":[{"href":"https:\/\/muzeulgolesti.ro\/ro\/wp-json\/wp\/v2\/media?parent=5809"}],"wp:term":[{"taxonomy":"category","embeddable":true,"href":"https:\/\/muzeulgolesti.ro\/ro\/wp-json\/wp\/v2\/categories?post=5809"},{"taxonomy":"post_tag","embeddable":true,"href":"https:\/\/muzeulgolesti.ro\/ro\/wp-json\/wp\/v2\/tags?post=5809"}],"curies":[{"name":"wp","href":"https:\/\/api.w.org\/{rel}","templated":true}]}}