{"id":6078,"date":"2024-01-23T14:21:45","date_gmt":"2024-01-23T14:21:45","guid":{"rendered":"https:\/\/muzeulgolesti.ro\/ro\/?p=6078"},"modified":"2024-01-23T14:25:45","modified_gmt":"2024-01-23T14:25:45","slug":"muzeul-golesti-aniverseaza-165-de-ani-de-la-unirea-principatelor-romane-2","status":"publish","type":"post","link":"https:\/\/muzeulgolesti.ro\/ro\/evenimente\/muzeul-golesti-aniverseaza-165-de-ani-de-la-unirea-principatelor-romane-2\/","title":{"rendered":"Muzeul Gole\u0219ti aniverseaz\u0103 165 de ani de la Unirea Principatelor Rom\u00e2ne"},"content":{"rendered":"<p>Unirea Principatelor Rom\u00e2ne \u00een anul 1859 reprezint\u0103 un moment crucial \u00een istoria na\u021biunii rom\u00e2ne \u0219i un pas semnificativ c\u0103tre consolidarea identit\u0103\u021bii \u0219i unit\u0103\u021bii na\u021bionale. Acest eveniment, \u00een care Moldova \u0219i \u021aara Rom\u00e2neasc\u0103 s-au unit sub conducerea lui Alexandru Ioan Cuza, a avut consecin\u021be profunde \u0219i a contribuit la modelarea statului rom\u00e2n modern.<\/p>\n<p><img decoding=\"async\" class=\"alignnone size-full wp-image-6079 aligncenter\" src=\"https:\/\/muzeulgolesti.ro\/wp-content\/uploads\/2024\/01\/IMG_20240123_114155633_BURST000_COVER-rotated.jpg\" alt=\"\" width=\"400\" height=\"533\" srcset=\"https:\/\/muzeulgolesti.ro\/wp-content\/uploads\/2024\/01\/IMG_20240123_114155633_BURST000_COVER-200x267.jpg 200w, https:\/\/muzeulgolesti.ro\/wp-content\/uploads\/2024\/01\/IMG_20240123_114155633_BURST000_COVER-270x360.jpg 270w, https:\/\/muzeulgolesti.ro\/wp-content\/uploads\/2024\/01\/IMG_20240123_114155633_BURST000_COVER-rotated.jpg 400w\" sizes=\"(max-width: 400px) 100vw, 400px\" \/><\/p>\n<p>Cu ocazia anivers\u0103rii a 165 de ani de la dubla alegere a lui Al. I. Cuza, Muzeul Gole\u0219ti a organizat o\u00a0 activitate cultural\u0103 care a \u00eempletit istoria, cu poezia \u0219i muzica.<\/p>\n<p>\u00cen cuv\u00e2ntul de deschidere, managerul Muzeului Gole\u0219ti, dl. Narcis Iustin Dejanu a urat bun venit invita\u021bilor, ofi\u021beri \u0219i elevi ai \u0218colii Militare de Mai\u0219tri Militari \u0219i Subofi\u021beri a For\u021belor Terestre \u201eBasarab I\u201d Pite\u0219ti, membri ai Asocia\u021biei Cadrelor Militare \u00een Rezerv\u0103 \u0219i \u00een Retragere \u201eBasarab I\u201d Pite\u0219ti, ai Corului Veteranilor \u201eMihai Viteazu\u201d din Pite\u0219ti \u0219i ai Asocia\u021biei Culturale \u201eRovine\u201d-\u021au\u021bule\u0219ti (com. Suseni, jud. Arge\u0219).<\/p>\n<p><img decoding=\"async\" class=\"size-full wp-image-6080 aligncenter\" src=\"https:\/\/muzeulgolesti.ro\/wp-content\/uploads\/2024\/01\/IMG_20240123_111641899_HDR.jpg\" alt=\"\" width=\"400\" height=\"297\" srcset=\"https:\/\/muzeulgolesti.ro\/wp-content\/uploads\/2024\/01\/IMG_20240123_111641899_HDR-200x149.jpg 200w, https:\/\/muzeulgolesti.ro\/wp-content\/uploads\/2024\/01\/IMG_20240123_111641899_HDR-360x267.jpg 360w, https:\/\/muzeulgolesti.ro\/wp-content\/uploads\/2024\/01\/IMG_20240123_111641899_HDR.jpg 400w\" sizes=\"(max-width: 400px) 100vw, 400px\" \/><\/p>\n<p>Despre cum s-a \u00eenf\u0103ptuit Unirea a vorbit dl. Gerard C\u0103lin, \u0219ef-sec\u021bie Aer Liber \u0219i Etnografie, \u00a0detaliind contextul interna\u021bional de la jum\u0103tatea secolului al XIX-lea, activitatea genera\u021biei pa\u0219optiste \u0219i unioniste \u00een vederea realiz\u0103rii acesteia. De asemenea, au fost evocate personalitatea domnitorului Al. I. Cuza \u0219i cea a so\u021biei sale, Elena Cuza. Dna Cristina Bo\u021boghin\u0103, \u0219ef-sec\u021bie Istorie-Pedagogie, a prezentat biografia doamnei Elena Cuza, femeia de o delicate\u021be \u0219i o loialitate exemplare fa\u021b\u0103 de \u021bar\u0103 \u0219i domnitorul ei. S-a evocat colaborarea \u0219i prietenia dintre doamna E. Cuza \u0219i Anica Davila, descendenta lui Dinicu Golescu, \u00een efortul lor comun de a oferi copiilor orfani un ad\u0103post \u0219i educa\u021bia at\u00e2t de necesar\u0103.<\/p>\n<p>Continu\u00e2nd seria evoc\u0103rilor, dl. Ion Catinca a prezentat steagul armatei rom\u00e2ne din timpul lui Cuza \u0219i cuvintele vibrante pe care Domnitorul le-a adresat osta\u0219ilor cu ocazia \u00eenm\u00e2n\u0103rii acestuia deta\u0219amentelor de lupt\u0103. Au mai luat cuv\u00e2ntul dl. doctor Vasile Munteanu, dl. profesor Constantin V\u0103r\u0103\u0219canu, dl. colonel (R) Ilie Stoica \u0219i dl. plutonier adjutant (R) Andrei Ionescu. Cu aceast\u0103 ocazie, artistul Constantin Samoil\u0103 a donat muzeului nostru o lucrare care-l reprezint\u0103 pe Domnitorul Unirii de la 1859, executat\u0103 \u00een tehnica metaloplastiei, care va \u00eembog\u0103\u021bi colec\u021bia de portrete executate \u00een acela\u0219i stil \u0219i care au intrat deja \u00een patrimoniul institu\u021biei noastre.<\/p>\n<p>Din partea \u0218colii Militare de Mai\u0219tri Militari \u0219i Subofi\u021beri a For\u021belor Terestre \u201eBasarab I\u201d Pite\u0219ti a luat cuv\u00e2ntul dl. plutonier-adjutant principal Marian Burcea care a evocat contribu\u021bia lui Al. I Cuza la dezvoltarea \u0219colii militare rom\u00e2ne\u0219ti. \u0218coala militar\u0103 care azi \u00ee\u0219i are sediul \u00een Pite\u0219ti a fost \u00eenfiin\u021bat\u0103 \u00een 1863, la Ia\u0219i, \u00een vremea domniei lui Cuza.<\/p>\n<p>Corul veteranilor \u201eMihai Viteazu\u201d, dirijat de dl. Nicolae Perniu, a \u00eencheiat sesiunea aniversar\u0103 prin intonarea de c\u00e2ntece patriotice, printre care \u201ePe al nostru steag e scris Unire\u201d.<\/p>\n<p>Un astfel de moment aniversar nu se putea \u00eencheia f\u0103r\u0103 o mare Hor\u0103 a Unirii, \u00een rotonda din fa\u021ba conacului Gole\u0219tilor, un omagiu pe care genera\u021biile actuale \u00eel aduc celor care, prin curaj \u0219i determinare, au realizat primul pas c\u0103tre o Rom\u00e2nia modern\u0103 \u0219i unit\u0103.<\/p>\n<p><img decoding=\"async\" class=\"size-full wp-image-6081 aligncenter\" src=\"https:\/\/muzeulgolesti.ro\/wp-content\/uploads\/2024\/01\/IMG_20240123_115016576.jpg\" alt=\"\" width=\"400\" height=\"300\" srcset=\"https:\/\/muzeulgolesti.ro\/wp-content\/uploads\/2024\/01\/IMG_20240123_115016576-200x150.jpg 200w, https:\/\/muzeulgolesti.ro\/wp-content\/uploads\/2024\/01\/IMG_20240123_115016576-360x270.jpg 360w, https:\/\/muzeulgolesti.ro\/wp-content\/uploads\/2024\/01\/IMG_20240123_115016576.jpg 400w\" sizes=\"(max-width: 400px) 100vw, 400px\" \/><\/p>\n<p><img decoding=\"async\" class=\"size-full wp-image-6082 aligncenter\" src=\"https:\/\/muzeulgolesti.ro\/wp-content\/uploads\/2024\/01\/IMG_20240123_115137784_BURST000_COVER-rotated.jpg\" alt=\"\" width=\"400\" height=\"533\" srcset=\"https:\/\/muzeulgolesti.ro\/wp-content\/uploads\/2024\/01\/IMG_20240123_115137784_BURST000_COVER-200x267.jpg 200w, https:\/\/muzeulgolesti.ro\/wp-content\/uploads\/2024\/01\/IMG_20240123_115137784_BURST000_COVER-270x360.jpg 270w, https:\/\/muzeulgolesti.ro\/wp-content\/uploads\/2024\/01\/IMG_20240123_115137784_BURST000_COVER-rotated.jpg 400w\" sizes=\"(max-width: 400px) 100vw, 400px\" \/><\/p>\n<p><img decoding=\"async\" class=\"size-full wp-image-6083 aligncenter\" src=\"https:\/\/muzeulgolesti.ro\/wp-content\/uploads\/2024\/01\/IMG_20240123_115350464_HDR-rotated.jpg\" alt=\"\" width=\"400\" height=\"533\" srcset=\"https:\/\/muzeulgolesti.ro\/wp-content\/uploads\/2024\/01\/IMG_20240123_115350464_HDR-200x267.jpg 200w, https:\/\/muzeulgolesti.ro\/wp-content\/uploads\/2024\/01\/IMG_20240123_115350464_HDR-270x360.jpg 270w, https:\/\/muzeulgolesti.ro\/wp-content\/uploads\/2024\/01\/IMG_20240123_115350464_HDR-rotated.jpg 400w\" sizes=\"(max-width: 400px) 100vw, 400px\" \/><\/p>\n<p><img decoding=\"async\" class=\"size-full wp-image-6084 aligncenter\" src=\"https:\/\/muzeulgolesti.ro\/wp-content\/uploads\/2024\/01\/IMG_20240123_120432878.jpg\" alt=\"\" width=\"400\" height=\"180\" srcset=\"https:\/\/muzeulgolesti.ro\/wp-content\/uploads\/2024\/01\/IMG_20240123_120432878-200x90.jpg 200w, https:\/\/muzeulgolesti.ro\/wp-content\/uploads\/2024\/01\/IMG_20240123_120432878-360x162.jpg 360w, https:\/\/muzeulgolesti.ro\/wp-content\/uploads\/2024\/01\/IMG_20240123_120432878.jpg 400w\" sizes=\"(max-width: 400px) 100vw, 400px\" \/><\/p>\n<p><img decoding=\"async\" class=\"size-full wp-image-6085 aligncenter\" src=\"https:\/\/muzeulgolesti.ro\/wp-content\/uploads\/2024\/01\/IMG_20240123_122917104.jpg\" alt=\"\" width=\"400\" height=\"180\" srcset=\"https:\/\/muzeulgolesti.ro\/wp-content\/uploads\/2024\/01\/IMG_20240123_122917104-200x90.jpg 200w, https:\/\/muzeulgolesti.ro\/wp-content\/uploads\/2024\/01\/IMG_20240123_122917104-360x162.jpg 360w, https:\/\/muzeulgolesti.ro\/wp-content\/uploads\/2024\/01\/IMG_20240123_122917104.jpg 400w\" sizes=\"(max-width: 400px) 100vw, 400px\" \/><\/p>\n<p><img decoding=\"async\" class=\"size-full wp-image-6086 aligncenter\" src=\"https:\/\/muzeulgolesti.ro\/wp-content\/uploads\/2024\/01\/IMG_20240123_122945206.jpg\" alt=\"\" width=\"400\" height=\"180\" srcset=\"https:\/\/muzeulgolesti.ro\/wp-content\/uploads\/2024\/01\/IMG_20240123_122945206-200x90.jpg 200w, https:\/\/muzeulgolesti.ro\/wp-content\/uploads\/2024\/01\/IMG_20240123_122945206-360x162.jpg 360w, https:\/\/muzeulgolesti.ro\/wp-content\/uploads\/2024\/01\/IMG_20240123_122945206.jpg 400w\" sizes=\"(max-width: 400px) 100vw, 400px\" \/><\/p>\n<p><img decoding=\"async\" class=\"size-full wp-image-6087 aligncenter\" src=\"https:\/\/muzeulgolesti.ro\/wp-content\/uploads\/2024\/01\/IMG_20240123_123118115.jpg\" alt=\"\" width=\"400\" height=\"180\" srcset=\"https:\/\/muzeulgolesti.ro\/wp-content\/uploads\/2024\/01\/IMG_20240123_123118115-200x90.jpg 200w, https:\/\/muzeulgolesti.ro\/wp-content\/uploads\/2024\/01\/IMG_20240123_123118115-360x162.jpg 360w, https:\/\/muzeulgolesti.ro\/wp-content\/uploads\/2024\/01\/IMG_20240123_123118115.jpg 400w\" sizes=\"(max-width: 400px) 100vw, 400px\" \/><\/p>\n<p><img decoding=\"async\" class=\"size-full wp-image-6088 aligncenter\" src=\"https:\/\/muzeulgolesti.ro\/wp-content\/uploads\/2024\/01\/IMG_20240123_123128556.jpg\" alt=\"\" width=\"400\" height=\"180\" srcset=\"https:\/\/muzeulgolesti.ro\/wp-content\/uploads\/2024\/01\/IMG_20240123_123128556-200x90.jpg 200w, https:\/\/muzeulgolesti.ro\/wp-content\/uploads\/2024\/01\/IMG_20240123_123128556-360x162.jpg 360w, https:\/\/muzeulgolesti.ro\/wp-content\/uploads\/2024\/01\/IMG_20240123_123128556.jpg 400w\" sizes=\"(max-width: 400px) 100vw, 400px\" \/><\/p>\n<p>&nbsp;<\/p>\n","protected":false},"excerpt":{"rendered":"<p>Unirea Principatelor Rom\u00e2ne \u00een anul 1859 reprezint\u0103 un moment crucial \u00een istoria na\u021biunii rom\u00e2ne \u0219i un pas semnificativ c\u0103tre consolidarea identit\u0103\u021bii \u0219i unit\u0103\u021bii na\u021bionale. Acest eveniment, \u00een care Moldova \u0219i  [&#8230;]<\/p>\n","protected":false},"author":4,"featured_media":6089,"comment_status":"closed","ping_status":"closed","sticky":false,"template":"","format":"standard","meta":{"footnotes":""},"categories":[1],"tags":[],"class_list":["post-6078","post","type-post","status-publish","format-standard","has-post-thumbnail","hentry","category-evenimente"],"yoast_head":"<!-- This site is optimized with the Yoast SEO plugin v27.5 - https:\/\/yoast.com\/product\/yoast-seo-wordpress\/ -->\n<title>Muzeul Gole\u0219ti aniverseaz\u0103 165 de ani de la Unirea Principatelor Rom\u00e2ne<\/title>\n<meta name=\"description\" content=\"Muzeul Gole\u0219ti aniverseaz\u0103 165 de ani de la Unirea Principatelor Rom\u00e2ne\" \/>\n<meta name=\"robots\" content=\"index, follow, max-snippet:-1, max-image-preview:large, max-video-preview:-1\" \/>\n<link rel=\"canonical\" href=\"https:\/\/muzeulgolesti.ro\/ro\/evenimente\/muzeul-golesti-aniverseaza-165-de-ani-de-la-unirea-principatelor-romane-2\/\" \/>\n<meta property=\"og:locale\" content=\"ro_RO\" \/>\n<meta property=\"og:locale:alternate\" content=\"en_UK\" \/>\n<meta property=\"og:type\" content=\"article\" \/>\n<meta property=\"og:title\" content=\"Muzeul Gole\u0219ti aniverseaz\u0103 165 de ani de la Unirea Principatelor Rom\u00e2ne\" \/>\n<meta property=\"og:description\" content=\"Muzeul Gole\u0219ti aniverseaz\u0103 165 de ani de la Unirea Principatelor Rom\u00e2ne\" \/>\n<meta property=\"og:url\" content=\"https:\/\/muzeulgolesti.ro\/ro\/evenimente\/muzeul-golesti-aniverseaza-165-de-ani-de-la-unirea-principatelor-romane-2\/\" \/>\n<meta property=\"og:site_name\" content=\"Muzeul Viticulturii si Pomiculturii Golesti\" \/>\n<meta property=\"article:publisher\" content=\"https:\/\/web.facebook.com\/www.muzeulgolesti.ro\" \/>\n<meta property=\"article:published_time\" content=\"2024-01-23T14:21:45+00:00\" \/>\n<meta property=\"article:modified_time\" content=\"2024-01-23T14:25:45+00:00\" \/>\n<meta property=\"og:image\" content=\"https:\/\/muzeulgolesti.ro\/wp-content\/uploads\/2024\/01\/coperta.jpg\" \/>\n\t<meta property=\"og:image:width\" content=\"900\" \/>\n\t<meta property=\"og:image:height\" content=\"508\" \/>\n\t<meta property=\"og:image:type\" content=\"image\/jpeg\" \/>\n<meta name=\"author\" content=\"Aurelian\" \/>\n<meta name=\"twitter:card\" content=\"summary_large_image\" \/>\n<meta name=\"twitter:label1\" content=\"Scris de\" \/>\n\t<meta name=\"twitter:data1\" content=\"Aurelian\" \/>\n\t<meta name=\"twitter:label2\" content=\"Timp estimat pentru citire\" \/>\n\t<meta name=\"twitter:data2\" content=\"5 minute\" \/>\n<script type=\"application\/ld+json\" class=\"yoast-schema-graph\">{\"@context\":\"https:\\\/\\\/schema.org\",\"@graph\":[{\"@type\":\"Article\",\"@id\":\"https:\\\/\\\/muzeulgolesti.ro\\\/en\\\/evenimente\\\/muzeul-golesti-aniverseaza-165-de-ani-de-la-unirea-principatelor-romane-2\\\/#article\",\"isPartOf\":{\"@id\":\"https:\\\/\\\/muzeulgolesti.ro\\\/en\\\/evenimente\\\/muzeul-golesti-aniverseaza-165-de-ani-de-la-unirea-principatelor-romane-2\\\/\"},\"author\":{\"name\":\"Aurelian\",\"@id\":\"https:\\\/\\\/muzeulgolesti.ro\\\/ro\\\/#\\\/schema\\\/person\\\/acff93f78d5f76316eef77f2d28e0539\"},\"headline\":\"Muzeul Gole\u0219ti aniverseaz\u0103 165 de ani de la Unirea Principatelor Rom\u00e2ne\",\"datePublished\":\"2024-01-23T14:21:45+00:00\",\"dateModified\":\"2024-01-23T14:25:45+00:00\",\"mainEntityOfPage\":{\"@id\":\"https:\\\/\\\/muzeulgolesti.ro\\\/en\\\/evenimente\\\/muzeul-golesti-aniverseaza-165-de-ani-de-la-unirea-principatelor-romane-2\\\/\"},\"wordCount\":1064,\"publisher\":{\"@id\":\"https:\\\/\\\/muzeulgolesti.ro\\\/ro\\\/#organization\"},\"image\":{\"@id\":\"https:\\\/\\\/muzeulgolesti.ro\\\/en\\\/evenimente\\\/muzeul-golesti-aniverseaza-165-de-ani-de-la-unirea-principatelor-romane-2\\\/#primaryimage\"},\"thumbnailUrl\":\"https:\\\/\\\/muzeulgolesti.ro\\\/wp-content\\\/uploads\\\/2024\\\/01\\\/coperta.jpg\",\"articleSection\":[\"Evenimente\"],\"inLanguage\":\"ro-RO\"},{\"@type\":\"WebPage\",\"@id\":\"https:\\\/\\\/muzeulgolesti.ro\\\/en\\\/evenimente\\\/muzeul-golesti-aniverseaza-165-de-ani-de-la-unirea-principatelor-romane-2\\\/\",\"url\":\"https:\\\/\\\/muzeulgolesti.ro\\\/en\\\/evenimente\\\/muzeul-golesti-aniverseaza-165-de-ani-de-la-unirea-principatelor-romane-2\\\/\",\"name\":\"Muzeul Gole\u0219ti aniverseaz\u0103 165 de ani de la Unirea Principatelor Rom\u00e2ne\",\"isPartOf\":{\"@id\":\"https:\\\/\\\/muzeulgolesti.ro\\\/ro\\\/#website\"},\"primaryImageOfPage\":{\"@id\":\"https:\\\/\\\/muzeulgolesti.ro\\\/en\\\/evenimente\\\/muzeul-golesti-aniverseaza-165-de-ani-de-la-unirea-principatelor-romane-2\\\/#primaryimage\"},\"image\":{\"@id\":\"https:\\\/\\\/muzeulgolesti.ro\\\/en\\\/evenimente\\\/muzeul-golesti-aniverseaza-165-de-ani-de-la-unirea-principatelor-romane-2\\\/#primaryimage\"},\"thumbnailUrl\":\"https:\\\/\\\/muzeulgolesti.ro\\\/wp-content\\\/uploads\\\/2024\\\/01\\\/coperta.jpg\",\"datePublished\":\"2024-01-23T14:21:45+00:00\",\"dateModified\":\"2024-01-23T14:25:45+00:00\",\"description\":\"Muzeul Gole\u0219ti aniverseaz\u0103 165 de ani de la Unirea Principatelor Rom\u00e2ne\",\"breadcrumb\":{\"@id\":\"https:\\\/\\\/muzeulgolesti.ro\\\/en\\\/evenimente\\\/muzeul-golesti-aniverseaza-165-de-ani-de-la-unirea-principatelor-romane-2\\\/#breadcrumb\"},\"inLanguage\":\"ro-RO\",\"potentialAction\":[{\"@type\":\"ReadAction\",\"target\":[\"https:\\\/\\\/muzeulgolesti.ro\\\/en\\\/evenimente\\\/muzeul-golesti-aniverseaza-165-de-ani-de-la-unirea-principatelor-romane-2\\\/\"]}]},{\"@type\":\"ImageObject\",\"inLanguage\":\"ro-RO\",\"@id\":\"https:\\\/\\\/muzeulgolesti.ro\\\/en\\\/evenimente\\\/muzeul-golesti-aniverseaza-165-de-ani-de-la-unirea-principatelor-romane-2\\\/#primaryimage\",\"url\":\"https:\\\/\\\/muzeulgolesti.ro\\\/wp-content\\\/uploads\\\/2024\\\/01\\\/coperta.jpg\",\"contentUrl\":\"https:\\\/\\\/muzeulgolesti.ro\\\/wp-content\\\/uploads\\\/2024\\\/01\\\/coperta.jpg\",\"width\":900,\"height\":508},{\"@type\":\"BreadcrumbList\",\"@id\":\"https:\\\/\\\/muzeulgolesti.ro\\\/en\\\/evenimente\\\/muzeul-golesti-aniverseaza-165-de-ani-de-la-unirea-principatelor-romane-2\\\/#breadcrumb\",\"itemListElement\":[{\"@type\":\"ListItem\",\"position\":1,\"name\":\"Prima pagin\u0103\",\"item\":\"https:\\\/\\\/muzeulgolesti.ro\\\/ro\\\/\"},{\"@type\":\"ListItem\",\"position\":2,\"name\":\"The Gole\u0219ti Museum celebrates 165 years since the Union of the Romanian Principalities\"}]},{\"@type\":\"WebSite\",\"@id\":\"https:\\\/\\\/muzeulgolesti.ro\\\/ro\\\/#website\",\"url\":\"https:\\\/\\\/muzeulgolesti.ro\\\/ro\\\/\",\"name\":\"Muzeul Vititculturii si Pomiculturii Golesti\",\"description\":\"Cultura, Etnografie, Istorie - Muzeul Vititculturii si Pomiculturii Golesti\",\"publisher\":{\"@id\":\"https:\\\/\\\/muzeulgolesti.ro\\\/ro\\\/#organization\"},\"potentialAction\":[{\"@type\":\"SearchAction\",\"target\":{\"@type\":\"EntryPoint\",\"urlTemplate\":\"https:\\\/\\\/muzeulgolesti.ro\\\/ro\\\/?s={search_term_string}\"},\"query-input\":{\"@type\":\"PropertyValueSpecification\",\"valueRequired\":true,\"valueName\":\"search_term_string\"}}],\"inLanguage\":\"ro-RO\"},{\"@type\":\"Organization\",\"@id\":\"https:\\\/\\\/muzeulgolesti.ro\\\/ro\\\/#organization\",\"name\":\"Muzeul Vititculturii si Pomiculturii Golesti\",\"url\":\"https:\\\/\\\/muzeulgolesti.ro\\\/ro\\\/\",\"logo\":{\"@type\":\"ImageObject\",\"inLanguage\":\"ro-RO\",\"@id\":\"https:\\\/\\\/muzeulgolesti.ro\\\/ro\\\/#\\\/schema\\\/logo\\\/image\\\/\",\"url\":\"https:\\\/\\\/muzeulgolesti.ro\\\/wp-content\\\/uploads\\\/2022\\\/11\\\/SiglaMuzeu.jpg\",\"contentUrl\":\"https:\\\/\\\/muzeulgolesti.ro\\\/wp-content\\\/uploads\\\/2022\\\/11\\\/SiglaMuzeu.jpg\",\"width\":86,\"height\":50,\"caption\":\"Muzeul Vititculturii si Pomiculturii Golesti\"},\"image\":{\"@id\":\"https:\\\/\\\/muzeulgolesti.ro\\\/ro\\\/#\\\/schema\\\/logo\\\/image\\\/\"},\"sameAs\":[\"https:\\\/\\\/web.facebook.com\\\/www.muzeulgolesti.ro\"]},{\"@type\":\"Person\",\"@id\":\"https:\\\/\\\/muzeulgolesti.ro\\\/ro\\\/#\\\/schema\\\/person\\\/acff93f78d5f76316eef77f2d28e0539\",\"name\":\"Aurelian\",\"url\":\"https:\\\/\\\/muzeulgolesti.ro\\\/ro\\\/author\\\/auras\\\/\"}]}<\/script>\n<!-- \/ Yoast SEO plugin. -->","yoast_head_json":{"title":"Muzeul Gole\u0219ti aniverseaz\u0103 165 de ani de la Unirea Principatelor Rom\u00e2ne","description":"[:ro]Muzeul Gole\u0219ti aniverseaz\u0103 165 de ani de la Unirea Principatelor Rom\u00e2ne[:en]The Gole\u0219ti Museum celebrates 165 years since the Union of the Romanian Principalities[:]","robots":{"index":"index","follow":"follow","max-snippet":"max-snippet:-1","max-image-preview":"max-image-preview:large","max-video-preview":"max-video-preview:-1"},"canonical":"https:\/\/muzeulgolesti.ro\/ro\/evenimente\/muzeul-golesti-aniverseaza-165-de-ani-de-la-unirea-principatelor-romane-2\/","og_locale":"ro_RO","og_type":"article","og_title":"[:ro]Muzeul Gole\u0219ti aniverseaz\u0103 165 de ani de la Unirea Principatelor Rom\u00e2ne[:en]The Gole\u0219ti Museum celebrates 165 years since the Union of the Romanian Principalities[:] - Muzeul Viticulturii si Pomiculturii Golesti","og_description":"[:ro]Muzeul Gole\u0219ti aniverseaz\u0103 165 de ani de la Unirea Principatelor Rom\u00e2ne[:en]The Gole\u0219ti Museum celebrates 165 years since the Union of the Romanian Principalities[:]","og_url":"https:\/\/muzeulgolesti.ro\/ro\/evenimente\/muzeul-golesti-aniverseaza-165-de-ani-de-la-unirea-principatelor-romane-2\/","og_site_name":"Muzeul Viticulturii si Pomiculturii Golesti","article_publisher":"https:\/\/web.facebook.com\/www.muzeulgolesti.ro","article_published_time":"2024-01-23T14:21:45+00:00","article_modified_time":"2024-01-23T14:25:45+00:00","og_image":[{"width":900,"height":508,"url":"https:\/\/muzeulgolesti.ro\/wp-content\/uploads\/2024\/01\/coperta.jpg","type":"image\/jpeg"}],"author":"Aurelian","twitter_card":"summary_large_image","twitter_misc":{"Scris de":"Aurelian","Timp estimat pentru citire":"5 minute"},"schema":{"@context":"https:\/\/schema.org","@graph":[{"@type":"Article","@id":"https:\/\/muzeulgolesti.ro\/en\/evenimente\/muzeul-golesti-aniverseaza-165-de-ani-de-la-unirea-principatelor-romane-2\/#article","isPartOf":{"@id":"https:\/\/muzeulgolesti.ro\/en\/evenimente\/muzeul-golesti-aniverseaza-165-de-ani-de-la-unirea-principatelor-romane-2\/"},"author":{"name":"Aurelian","@id":"https:\/\/muzeulgolesti.ro\/ro\/#\/schema\/person\/acff93f78d5f76316eef77f2d28e0539"},"headline":"Muzeul Gole\u0219ti aniverseaz\u0103 165 de ani de la Unirea Principatelor Rom\u00e2ne","datePublished":"2024-01-23T14:21:45+00:00","dateModified":"2024-01-23T14:25:45+00:00","mainEntityOfPage":{"@id":"https:\/\/muzeulgolesti.ro\/en\/evenimente\/muzeul-golesti-aniverseaza-165-de-ani-de-la-unirea-principatelor-romane-2\/"},"wordCount":1064,"publisher":{"@id":"https:\/\/muzeulgolesti.ro\/ro\/#organization"},"image":{"@id":"https:\/\/muzeulgolesti.ro\/en\/evenimente\/muzeul-golesti-aniverseaza-165-de-ani-de-la-unirea-principatelor-romane-2\/#primaryimage"},"thumbnailUrl":"https:\/\/muzeulgolesti.ro\/wp-content\/uploads\/2024\/01\/coperta.jpg","articleSection":["Evenimente"],"inLanguage":"ro-RO"},{"@type":"WebPage","@id":"https:\/\/muzeulgolesti.ro\/en\/evenimente\/muzeul-golesti-aniverseaza-165-de-ani-de-la-unirea-principatelor-romane-2\/","url":"https:\/\/muzeulgolesti.ro\/en\/evenimente\/muzeul-golesti-aniverseaza-165-de-ani-de-la-unirea-principatelor-romane-2\/","name":"Muzeul Gole\u0219ti aniverseaz\u0103 165 de ani de la Unirea Principatelor Rom\u00e2ne","isPartOf":{"@id":"https:\/\/muzeulgolesti.ro\/ro\/#website"},"primaryImageOfPage":{"@id":"https:\/\/muzeulgolesti.ro\/en\/evenimente\/muzeul-golesti-aniverseaza-165-de-ani-de-la-unirea-principatelor-romane-2\/#primaryimage"},"image":{"@id":"https:\/\/muzeulgolesti.ro\/en\/evenimente\/muzeul-golesti-aniverseaza-165-de-ani-de-la-unirea-principatelor-romane-2\/#primaryimage"},"thumbnailUrl":"https:\/\/muzeulgolesti.ro\/wp-content\/uploads\/2024\/01\/coperta.jpg","datePublished":"2024-01-23T14:21:45+00:00","dateModified":"2024-01-23T14:25:45+00:00","description":"Muzeul Gole\u0219ti aniverseaz\u0103 165 de ani de la Unirea Principatelor Rom\u00e2ne","breadcrumb":{"@id":"https:\/\/muzeulgolesti.ro\/en\/evenimente\/muzeul-golesti-aniverseaza-165-de-ani-de-la-unirea-principatelor-romane-2\/#breadcrumb"},"inLanguage":"ro-RO","potentialAction":[{"@type":"ReadAction","target":["https:\/\/muzeulgolesti.ro\/en\/evenimente\/muzeul-golesti-aniverseaza-165-de-ani-de-la-unirea-principatelor-romane-2\/"]}]},{"@type":"ImageObject","inLanguage":"ro-RO","@id":"https:\/\/muzeulgolesti.ro\/en\/evenimente\/muzeul-golesti-aniverseaza-165-de-ani-de-la-unirea-principatelor-romane-2\/#primaryimage","url":"https:\/\/muzeulgolesti.ro\/wp-content\/uploads\/2024\/01\/coperta.jpg","contentUrl":"https:\/\/muzeulgolesti.ro\/wp-content\/uploads\/2024\/01\/coperta.jpg","width":900,"height":508},{"@type":"BreadcrumbList","@id":"https:\/\/muzeulgolesti.ro\/en\/evenimente\/muzeul-golesti-aniverseaza-165-de-ani-de-la-unirea-principatelor-romane-2\/#breadcrumb","itemListElement":[{"@type":"ListItem","position":1,"name":"Prima pagin\u0103","item":"https:\/\/muzeulgolesti.ro\/ro\/"},{"@type":"ListItem","position":2,"name":"The Gole\u0219ti Museum celebrates 165 years since the Union of the Romanian Principalities"}]},{"@type":"WebSite","@id":"https:\/\/muzeulgolesti.ro\/ro\/#website","url":"https:\/\/muzeulgolesti.ro\/ro\/","name":"Muzeul Vititculturii si Pomiculturii Golesti","description":"Cultura, Etnografie, Istorie - Muzeul Vititculturii si Pomiculturii Golesti","publisher":{"@id":"https:\/\/muzeulgolesti.ro\/ro\/#organization"},"potentialAction":[{"@type":"SearchAction","target":{"@type":"EntryPoint","urlTemplate":"https:\/\/muzeulgolesti.ro\/ro\/?s={search_term_string}"},"query-input":{"@type":"PropertyValueSpecification","valueRequired":true,"valueName":"search_term_string"}}],"inLanguage":"ro-RO"},{"@type":"Organization","@id":"https:\/\/muzeulgolesti.ro\/ro\/#organization","name":"Muzeul Vititculturii si Pomiculturii Golesti","url":"https:\/\/muzeulgolesti.ro\/ro\/","logo":{"@type":"ImageObject","inLanguage":"ro-RO","@id":"https:\/\/muzeulgolesti.ro\/ro\/#\/schema\/logo\/image\/","url":"https:\/\/muzeulgolesti.ro\/wp-content\/uploads\/2022\/11\/SiglaMuzeu.jpg","contentUrl":"https:\/\/muzeulgolesti.ro\/wp-content\/uploads\/2022\/11\/SiglaMuzeu.jpg","width":86,"height":50,"caption":"Muzeul Vititculturii si Pomiculturii Golesti"},"image":{"@id":"https:\/\/muzeulgolesti.ro\/ro\/#\/schema\/logo\/image\/"},"sameAs":["https:\/\/web.facebook.com\/www.muzeulgolesti.ro"]},{"@type":"Person","@id":"https:\/\/muzeulgolesti.ro\/ro\/#\/schema\/person\/acff93f78d5f76316eef77f2d28e0539","name":"Aurelian","url":"https:\/\/muzeulgolesti.ro\/ro\/author\/auras\/"}]}},"_links":{"self":[{"href":"https:\/\/muzeulgolesti.ro\/ro\/wp-json\/wp\/v2\/posts\/6078","targetHints":{"allow":["GET"]}}],"collection":[{"href":"https:\/\/muzeulgolesti.ro\/ro\/wp-json\/wp\/v2\/posts"}],"about":[{"href":"https:\/\/muzeulgolesti.ro\/ro\/wp-json\/wp\/v2\/types\/post"}],"author":[{"embeddable":true,"href":"https:\/\/muzeulgolesti.ro\/ro\/wp-json\/wp\/v2\/users\/4"}],"replies":[{"embeddable":true,"href":"https:\/\/muzeulgolesti.ro\/ro\/wp-json\/wp\/v2\/comments?post=6078"}],"version-history":[{"count":4,"href":"https:\/\/muzeulgolesti.ro\/ro\/wp-json\/wp\/v2\/posts\/6078\/revisions"}],"predecessor-version":[{"id":6093,"href":"https:\/\/muzeulgolesti.ro\/ro\/wp-json\/wp\/v2\/posts\/6078\/revisions\/6093"}],"wp:featuredmedia":[{"embeddable":true,"href":"https:\/\/muzeulgolesti.ro\/ro\/wp-json\/wp\/v2\/media\/6089"}],"wp:attachment":[{"href":"https:\/\/muzeulgolesti.ro\/ro\/wp-json\/wp\/v2\/media?parent=6078"}],"wp:term":[{"taxonomy":"category","embeddable":true,"href":"https:\/\/muzeulgolesti.ro\/ro\/wp-json\/wp\/v2\/categories?post=6078"},{"taxonomy":"post_tag","embeddable":true,"href":"https:\/\/muzeulgolesti.ro\/ro\/wp-json\/wp\/v2\/tags?post=6078"}],"curies":[{"name":"wp","href":"https:\/\/api.w.org\/{rel}","templated":true}]}}