{"id":6119,"date":"2024-02-08T10:43:07","date_gmt":"2024-02-08T10:43:07","guid":{"rendered":"https:\/\/muzeulgolesti.ro\/ro\/?p=6119"},"modified":"2024-02-13T08:29:10","modified_gmt":"2024-02-13T08:29:10","slug":"simpozion-dinicu-golescu-la-aniversarea-a-247-de-ani-de-la-nastere","status":"publish","type":"post","link":"https:\/\/muzeulgolesti.ro\/ro\/stiri\/simpozion-dinicu-golescu-la-aniversarea-a-247-de-ani-de-la-nastere\/","title":{"rendered":"Simpozion Dinicu Golescu, la aniversarea a 247 de ani de la na\u0219tere"},"content":{"rendered":"<p>Miercuri, 7 februarie 2024, Muzeul Gole\u0219ti \u0219i Biblioteca Jude\u021bean\u0103 Arge\u0219 au organizat un simpozion dedicat unei mai personalit\u0103\u021bi arge\u0219ene, Constantin (Dinicu) Golescu (1777-1830), la \u00eemplinirea a 247 de ani de la na\u0219tere.<\/p>\n<p><img decoding=\"async\" class=\"aligncenter size-medium wp-image-6120\" src=\"https:\/\/muzeulgolesti.ro\/wp-content\/uploads\/2024\/02\/Afis-7-februarie-2024-255x360.jpeg\" alt=\"\" width=\"255\" height=\"360\" srcset=\"https:\/\/muzeulgolesti.ro\/wp-content\/uploads\/2024\/02\/Afis-7-februarie-2024-200x283.jpeg 200w, https:\/\/muzeulgolesti.ro\/wp-content\/uploads\/2024\/02\/Afis-7-februarie-2024-255x360.jpeg 255w, https:\/\/muzeulgolesti.ro\/wp-content\/uploads\/2024\/02\/Afis-7-februarie-2024-400x566.jpeg 400w, https:\/\/muzeulgolesti.ro\/wp-content\/uploads\/2024\/02\/Afis-7-februarie-2024-600x848.jpeg 600w, https:\/\/muzeulgolesti.ro\/wp-content\/uploads\/2024\/02\/Afis-7-februarie-2024.jpeg 679w\" sizes=\"(max-width: 255px) 100vw, 255px\" \/><\/p>\n<p>Dinicu Golescu a jucat un rol important \u00een promovarea ideilor iluministe care sus\u021bineau progresul, educa\u021bia \u0219i ra\u021bionalitatea. A fost un sus\u021bin\u0103tor activ al educa\u021biei, \u00eenfiin\u021b\u00e2nd \u0219coli \u0219i promov\u00e2nd \u00eenv\u0103\u021b\u0103m\u00e2ntul \u00een limba rom\u00e2n\u0103. Aceste idei au fost subliniate de c\u0103tre managerii celor dou\u0103 institu\u021bii, dna. Mihaela Voinicu \u0219i dl. Narcis Iustin Dejanu, \u00een cuvintele de salut adresate celor prezen\u021bi. Au participat elevi ai \u0218colii Militare de Mai\u0219tri Militari \u0219i Subofi\u021beri a For\u021belor Terestre \u201eBasarab I\u201d, coordona\u021bi de dl. plutonier-adjutant principal Marian Burcea, dar \u0219i elevi ai Colegiului Na\u021bional \u201eZinca Golescu\u201d, sub \u00eendrumarea dnei profesoare Eugenia Zgreab\u0103n. Au fost prezen\u021bi Neac\u0219u Florin Eduard, Olteanu Mihai Alexandru, Oprea Flavia Mikaela \u0219i Popa Maria Gra\u021biele, elevi ai clasei a IX-a F, al\u0103turi de\u00a0 Marinescu \u0218tefan Alexandu, Molea Diana Ioana, Perja Andrei Cristian, Stanciu Alexia Georgiana, din clasa a IX-a A a colegiului pite\u0219tean men\u021bionat. De remarcat, contribu\u021bia la discu\u021bii a tinerilor din auditoriu, bine instrui\u021bi de dna Zgreab\u0103n, ca urmare a studiilor de carte rar\u0103 efectuate, \u0219i foarte curio\u0219i \u00een privin\u021ba aspectelor sociale \u0219i culturale de la \u00eenceput de secol al XIX-lea.<\/p>\n<p>Un oaspete de seam\u0103 al zilei de ieri a fost profesorul \u0219i istoricul Cornel Carp, care ne-a onorat cu prezen\u021ba sa.<\/p>\n<p><img decoding=\"async\" class=\"aligncenter size-medium wp-image-6127\" src=\"https:\/\/muzeulgolesti.ro\/wp-content\/uploads\/2024\/02\/IMG_1087-360x220.jpg\" alt=\"\" width=\"360\" height=\"220\" srcset=\"https:\/\/muzeulgolesti.ro\/wp-content\/uploads\/2024\/02\/IMG_1087-200x122.jpg 200w, https:\/\/muzeulgolesti.ro\/wp-content\/uploads\/2024\/02\/IMG_1087-360x220.jpg 360w, https:\/\/muzeulgolesti.ro\/wp-content\/uploads\/2024\/02\/IMG_1087-400x244.jpg 400w, https:\/\/muzeulgolesti.ro\/wp-content\/uploads\/2024\/02\/IMG_1087-600x367.jpg 600w, https:\/\/muzeulgolesti.ro\/wp-content\/uploads\/2024\/02\/IMG_1087-768x469.jpg 768w, https:\/\/muzeulgolesti.ro\/wp-content\/uploads\/2024\/02\/IMG_1087-800x489.jpg 800w, https:\/\/muzeulgolesti.ro\/wp-content\/uploads\/2024\/02\/IMG_1087-1200x733.jpg 1200w, https:\/\/muzeulgolesti.ro\/wp-content\/uploads\/2024\/02\/IMG_1087-1300x795.jpg 1300w, https:\/\/muzeulgolesti.ro\/wp-content\/uploads\/2024\/02\/IMG_1087-1536x939.jpg 1536w\" sizes=\"(max-width: 360px) 100vw, 360px\" \/><\/p>\n<p><img decoding=\"async\" class=\"aligncenter size-medium wp-image-6125\" src=\"https:\/\/muzeulgolesti.ro\/wp-content\/uploads\/2024\/02\/IMG_1012-360x189.jpg\" alt=\"\" width=\"360\" height=\"189\" srcset=\"https:\/\/muzeulgolesti.ro\/wp-content\/uploads\/2024\/02\/IMG_1012-200x105.jpg 200w, https:\/\/muzeulgolesti.ro\/wp-content\/uploads\/2024\/02\/IMG_1012-360x189.jpg 360w, https:\/\/muzeulgolesti.ro\/wp-content\/uploads\/2024\/02\/IMG_1012-400x210.jpg 400w, https:\/\/muzeulgolesti.ro\/wp-content\/uploads\/2024\/02\/IMG_1012-600x315.jpg 600w, https:\/\/muzeulgolesti.ro\/wp-content\/uploads\/2024\/02\/IMG_1012-768x403.jpg 768w, https:\/\/muzeulgolesti.ro\/wp-content\/uploads\/2024\/02\/IMG_1012-800x420.jpg 800w, https:\/\/muzeulgolesti.ro\/wp-content\/uploads\/2024\/02\/IMG_1012-1200x630.jpg 1200w, https:\/\/muzeulgolesti.ro\/wp-content\/uploads\/2024\/02\/IMG_1012-1300x682.jpg 1300w, https:\/\/muzeulgolesti.ro\/wp-content\/uploads\/2024\/02\/IMG_1012-1536x806.jpg 1536w\" sizes=\"(max-width: 360px) 100vw, 360px\" \/><\/p>\n<p><img decoding=\"async\" class=\"aligncenter size-medium wp-image-6128\" src=\"https:\/\/muzeulgolesti.ro\/wp-content\/uploads\/2024\/02\/IMG_1144-360x240.jpg\" alt=\"\" width=\"360\" height=\"240\" srcset=\"https:\/\/muzeulgolesti.ro\/wp-content\/uploads\/2024\/02\/IMG_1144-200x133.jpg 200w, https:\/\/muzeulgolesti.ro\/wp-content\/uploads\/2024\/02\/IMG_1144-360x240.jpg 360w, https:\/\/muzeulgolesti.ro\/wp-content\/uploads\/2024\/02\/IMG_1144-400x267.jpg 400w, https:\/\/muzeulgolesti.ro\/wp-content\/uploads\/2024\/02\/IMG_1144-600x400.jpg 600w, https:\/\/muzeulgolesti.ro\/wp-content\/uploads\/2024\/02\/IMG_1144-768x512.jpg 768w, https:\/\/muzeulgolesti.ro\/wp-content\/uploads\/2024\/02\/IMG_1144-800x533.jpg 800w, https:\/\/muzeulgolesti.ro\/wp-content\/uploads\/2024\/02\/IMG_1144-1200x800.jpg 1200w, https:\/\/muzeulgolesti.ro\/wp-content\/uploads\/2024\/02\/IMG_1144-1300x867.jpg 1300w, https:\/\/muzeulgolesti.ro\/wp-content\/uploads\/2024\/02\/IMG_1144-1536x1024.jpg 1536w\" sizes=\"(max-width: 360px) 100vw, 360px\" \/><\/p>\n<p>Cele patru alocu\u021biuni programate ale evenimentului au conturat un context cultural, au prezentat publicului personalitatea \u0219i opera lui Dinicu Golescu \u0219i, prin imagini de film artistic, au ar\u0103tat unui public receptiv cum a fost perpetuat\u0103 \u0219i reflectat\u0103 memoria acestui c\u0103rturar rom\u00e2n \u00een societate rom\u00e2neasc\u0103 contemporan\u0103.<\/p>\n<p>\u00cen prima dintre interven\u021bii, dna. bibliotecar Magda Ioni\u021b\u0103-Ro\u0219oiu a realizat o comprehensiv\u0103 istorie a \u00a0c\u0103r\u021bii tip\u0103rite \u0219i a centrelor tipografice, \u00een spa\u021biul cultural rom\u00e2nesc. Tiparul \u0219i cartea au avut o importan\u021b\u0103 deosebit\u0103 \u00een evolu\u021bia umanit\u0103\u021bii \u0219i transmiterea cunoa\u0219terii. Tiparul a revolu\u021bionat procesul de reproducere a informa\u021biilor, facilit\u00e2nd distribuirea masiv\u0103 a textelor \u0219i acceler\u00e2nd schimbul de idei. Cartea, ca suport al cunoa\u0219terii, a fost \u0219i r\u0103m\u00e2ne un pilon fundamental al culturii \u0219i educa\u021biei. Ea nu doar stocheaz\u0103 informa\u021bii, ci \u0219i stimuleaz\u0103 imagina\u021bia, sus\u021bine dezvoltarea g\u00e2ndirii critice \u0219i ofer\u0103 o fereastr\u0103 c\u0103tre lumea ideilor \u0219i a experien\u021belor. Astfel, tiparul \u0219i cartea sunt instrumente esen\u021biale pentru progresul societ\u0103\u021bii, a\u0219a cum considera \u0219i Dinicu Golescu, c\u0103rturarul care a investit cunoa\u0219tere, timp \u0219i bani \u00een traducerea, scrierea \u0219i difuzarea de c\u0103r\u021bi care s\u0103 ajute la modernizarea poporului rom\u00e2n, \u00een spirit iluminist.<\/p>\n<p><img decoding=\"async\" class=\"aligncenter size-medium wp-image-6121\" src=\"https:\/\/muzeulgolesti.ro\/wp-content\/uploads\/2024\/02\/MG_1040-360x240.jpg\" alt=\"\" width=\"360\" height=\"240\" srcset=\"https:\/\/muzeulgolesti.ro\/wp-content\/uploads\/2024\/02\/MG_1040-200x133.jpg 200w, https:\/\/muzeulgolesti.ro\/wp-content\/uploads\/2024\/02\/MG_1040-360x240.jpg 360w, https:\/\/muzeulgolesti.ro\/wp-content\/uploads\/2024\/02\/MG_1040-400x267.jpg 400w, https:\/\/muzeulgolesti.ro\/wp-content\/uploads\/2024\/02\/MG_1040-600x400.jpg 600w, https:\/\/muzeulgolesti.ro\/wp-content\/uploads\/2024\/02\/MG_1040-768x512.jpg 768w, https:\/\/muzeulgolesti.ro\/wp-content\/uploads\/2024\/02\/MG_1040-800x533.jpg 800w, https:\/\/muzeulgolesti.ro\/wp-content\/uploads\/2024\/02\/MG_1040-1200x800.jpg 1200w, https:\/\/muzeulgolesti.ro\/wp-content\/uploads\/2024\/02\/MG_1040-1300x867.jpg 1300w, https:\/\/muzeulgolesti.ro\/wp-content\/uploads\/2024\/02\/MG_1040-1536x1024.jpg 1536w\" sizes=\"(max-width: 360px) 100vw, 360px\" \/><\/p>\n<p>Cea de-a doua prezentare, sus\u021binut\u0103 de dna. Camelia C\u0103lin, cercet\u0103tor \u0219tiin\u021bific III, a punctat principalele date cheie ale biografiei lui Dinicu Golescu, urmate de o evocare a\u00a0 c\u0103l\u0103toriilor pe care boierul muntean le-a\u00a0 f\u0103cut \u00een Transilvania, Banat \u0219i Europa Central\u0103 \u0219i de Vest (Ungaria, Austria, Bavaria, Elve\u021bia, nordul Italiei). A c\u0103l\u0103tori este o aventur\u0103, un proces complex prin care individul se confrunt\u0103 cu noi teritorii \u0219i experien\u021be culturale. C\u0103l\u0103torie presupune dep\u0103\u0219irea unor grani\u021be fizice, cucerirea spa\u021biului geografic, dar este, \u00een egal\u0103 m\u0103sur\u0103, \u0219i o incursiune \u00een propriul eu, care este, \u00een acest context, provocat s\u0103-\u0219i sondeze propriile convingeri, s\u0103 le analizeze \u0219i s\u0103 le compare cu noile tr\u0103iri, deschiz\u00e2ndu-se c\u0103tre \u00een\u021belegerea altor perspective de via\u021b\u0103. Aceast\u0103 dep\u0103\u0219ire a limitelor, at\u00e2t fizice, c\u00e2t \u0219i spirituale, aduce cu sine o cre\u0219tere personal\u0103 \u0219i o \u00een\u021belegere mai profund\u0103 a lumii \u0219i a propriei identit\u0103\u021bi, a\u0219a cum putem vedea \u00een principala lucrare scris\u0103 de Dinicu Golescu \u0219i intitulat\u0103, pe scurt, \u201e\u00censemnare a c\u0103l\u0103toriei mele\u201d. Tr\u0103ind experien\u021ba culturii occidentale, boierul muntean nu se mul\u021bume\u0219te s\u0103 enumere ceea ce a v\u0103zut \u0219i l-a impresionat \u00een Occident, ci analizeaz\u0103 \u0219i compar\u0103 cu situa\u021bia politic\u0103, administrativ\u0103, economic\u0103 \u0219i cultural\u0103 din propria \u021bar\u0103. Concluziile \u00eei sunt amare, c\u0103ci lumea rom\u00e2neasc\u0103 era profund subdezvoltat\u0103, dar, spirit luminos \u0219i curajos, Dinicu Golescu traseaz\u0103 un \u00eentreg program de reforme care s\u0103-i aduc\u0103 compatrio\u021bii mai aproape de \u201efericirea ob\u0219teasc\u0103\u201d pe care o remarcase la alte popoare. Re\u00eentors \u00een patrie, \u00een 1826, pune \u00een aplicare o parte a propriul s\u0103u plan de ridicare cultural\u0103, \u00eenfiin\u021b\u00e2nd, pe mo\u0219ia de la Gole\u0219ti, din banii s\u0103i, o \u0219coal\u0103 pentru to\u021bi copii, indiferent de clasa social\u0103 c\u0103reia \u00eei apar\u021bineau.<\/p>\n<p><img decoding=\"async\" class=\"aligncenter size-medium wp-image-6122\" src=\"https:\/\/muzeulgolesti.ro\/wp-content\/uploads\/2024\/02\/MG_1067-360x240.jpg\" alt=\"\" width=\"360\" height=\"240\" srcset=\"https:\/\/muzeulgolesti.ro\/wp-content\/uploads\/2024\/02\/MG_1067-200x133.jpg 200w, https:\/\/muzeulgolesti.ro\/wp-content\/uploads\/2024\/02\/MG_1067-360x240.jpg 360w, https:\/\/muzeulgolesti.ro\/wp-content\/uploads\/2024\/02\/MG_1067-400x267.jpg 400w, https:\/\/muzeulgolesti.ro\/wp-content\/uploads\/2024\/02\/MG_1067-600x400.jpg 600w, https:\/\/muzeulgolesti.ro\/wp-content\/uploads\/2024\/02\/MG_1067-768x512.jpg 768w, https:\/\/muzeulgolesti.ro\/wp-content\/uploads\/2024\/02\/MG_1067-800x533.jpg 800w, https:\/\/muzeulgolesti.ro\/wp-content\/uploads\/2024\/02\/MG_1067-1200x800.jpg 1200w, https:\/\/muzeulgolesti.ro\/wp-content\/uploads\/2024\/02\/MG_1067-1300x867.jpg 1300w, https:\/\/muzeulgolesti.ro\/wp-content\/uploads\/2024\/02\/MG_1067-1536x1024.jpg 1536w\" sizes=\"(max-width: 360px) 100vw, 360px\" \/><\/p>\n<p>Dna. Cristina Bo\u021boghin\u0103, \u0219ef-sec\u021bie Istorie \u0219i Pedagogie la Muzeul Gole\u0219ti, a abordat un subiect inedit, respectiv, receptarea operei \u0219i activit\u0103\u021bii lui Dinicu Golescu \u00een filmografia rom\u00e2neasc\u0103, \u00een filmul \u201eFalansterul\u201d, regizat de Savel Stiopul. Realizat \u00een 1979, cu o distribu\u021bie prestigioas\u0103 &#8211; Liviu Ciulei, Adrian Pintea, Julieta Sz\u00f6nyi, Enik\u00f5 Szil\u00e1gyi, Elena Albu, Dumitru Ruc\u0103reanu, Romeo Pop, Aristide Teica, Mihai M\u0103laimare, Mircea Veroiu, Remus M\u0103rgineanu, Ana Barcan, Vasile Ni\u021bulescu, Eusebiu \u0218tef\u0103nescu, \u0218erban Cantacuzino, \u0218tefan Velniciuc \u0219.a. \u2013 filmul \u00eembin\u0103 istoria cu fic\u021biunea cinematografic\u0103 pentru a prezenta experimentul social din comuna Sc\u0103ieni-Prahova, unde in 1834, inginerul Theodor Diamant, on cu studii \u00een Occident, fascinat de ideile comunismului, a \u00eenfiin\u021bat Falansterul, dup\u0103 un model de organizare social\u0103 propus de utopistul francez Charles Fourier. Dar, sub presiunea autorit\u0103\u021bilor \u0219i din cauza unor realit\u0103\u021bi economice greu de schimbat, falansterul rom\u00e2n cedeaz\u0103 \u00een scurt timp. \u00cen film, rolul lui Dinicu Golescu este interpretat de Liviu Ciulei. Prezentarea unor secven\u021be elocvente din film, a prilejuit o discu\u021bie despre lumea rom\u00e2neasc\u0103 la cump\u0103na dintre dou\u0103 tipuri de civiliza\u021bii, despre schimb\u0103rile de obiceiuri \u0219i moravuri care \u00eencep s\u0103 se produc\u0103 la noi \u00een prima jum\u0103tate a secolului al XIX-lea.<\/p>\n<p><img decoding=\"async\" class=\"aligncenter size-medium wp-image-6123\" src=\"https:\/\/muzeulgolesti.ro\/wp-content\/uploads\/2024\/02\/MG_1106-360x240.jpg\" alt=\"\" width=\"360\" height=\"240\" srcset=\"https:\/\/muzeulgolesti.ro\/wp-content\/uploads\/2024\/02\/MG_1106-200x133.jpg 200w, https:\/\/muzeulgolesti.ro\/wp-content\/uploads\/2024\/02\/MG_1106-360x240.jpg 360w, https:\/\/muzeulgolesti.ro\/wp-content\/uploads\/2024\/02\/MG_1106-400x267.jpg 400w, https:\/\/muzeulgolesti.ro\/wp-content\/uploads\/2024\/02\/MG_1106-600x400.jpg 600w, https:\/\/muzeulgolesti.ro\/wp-content\/uploads\/2024\/02\/MG_1106-768x512.jpg 768w, https:\/\/muzeulgolesti.ro\/wp-content\/uploads\/2024\/02\/MG_1106-800x533.jpg 800w, https:\/\/muzeulgolesti.ro\/wp-content\/uploads\/2024\/02\/MG_1106-1200x800.jpg 1200w, https:\/\/muzeulgolesti.ro\/wp-content\/uploads\/2024\/02\/MG_1106-1300x867.jpg 1300w, https:\/\/muzeulgolesti.ro\/wp-content\/uploads\/2024\/02\/MG_1106-1536x1024.jpg 1536w\" sizes=\"(max-width: 360px) 100vw, 360px\" \/><\/p>\n<p>Simpozionul s-a \u00eencheiat cu prezentarea dnei. Gabriela Tomescu Olteanu, tehnoredactor al Bibliotecii Jude\u021bene Arge\u0219, despre dou\u0103 c\u0103r\u021bi mai pu\u021bin cunoscute de marele public: \u201eElementuri de filosofie moral\u0103 alc\u0103tuite de Neofit Vamva pentru iubitoarea de \u00eenv\u0103\u021b\u0103tur\u0103 tinerime a grecilor. \u0218i t\u0103lm\u0103cite \u00een limba rom\u00e2neasc\u0103, spre folosul tinerilor rom\u00e2ni de Constandin Radoviciiu dintre Gole\u0219ti\u201d, tip\u0103rit\u0103 la Bucure\u0219ti \u00een 1827, respectiv \u201eAdunare de tractaturile ce s-au urmat \u00eentre prea puternica \u00eemp\u0103r\u0103\u021bie a Rusiii \u0219i \u2019Nalta Poart\u0103; \u00eens\u0103 acealea numai care s\u00e2nt pe seama Prin\u021bipaturilor Valahiii \u0219i Moldaviii\u201d. Dinicu Golescu nu a fost un simplu finan\u021bator al unei \u0219coli \u00een limba rom\u00e2n\u0103, ci un filantrop implicat \u00een \u00eentreg procesul de fondare a unui \u00eenv\u0103\u021b\u0103m\u00e2nt modern, contribuind \u0219i cu traducerea \u00een limba rom\u00e2n\u0103, publicarea \u0219i distribu\u021bia c\u0103tre elevi a unor manuale \u0219i c\u0103r\u021bi necesare educa\u021biei. Tratatul lui Neofit Vamva, publicat la tipografia de la Ci\u0219meaua Mavrogheni, \u00a0era destinat elevilor din cursul superior al \u0219colii slobode de la Gole\u0219ti. Pentru boierul animat de spiritul luminilor, binele \u00eentregii societ\u0103\u021bi nu se putea realiza dec\u00e2t dac\u0103, de la conduc\u0103tori la treptele inferioare ale ierarhiei sociale, oamenii nu sunt instrui\u021bi \u0219i educa\u021bi \u00een sensul respect\u0103rii unor principii morale \u0219i religioase, c\u0103ci: \u201eboalele morale nu seam\u0103n\u0103 cu cele trupe\u0219ti, cu toate c\u0103 s\u00e2nt mai rele \u0219i mai primejdioase\u201d. Adunarea de tratate este un compendiul al acelor prevederi care vizau direct statutul \u021a\u0103rilor Rom\u00e2ne, din tratatele interna\u021bionale semnate \u00eentre 1774 \u0219i 1826 \u00eentre ru\u0219i \u0219i otomani.<\/p>\n<p><img decoding=\"async\" class=\"aligncenter size-medium wp-image-6129\" src=\"https:\/\/muzeulgolesti.ro\/wp-content\/uploads\/2024\/02\/IMG_1150-360x240.jpg\" alt=\"\" width=\"360\" height=\"240\" srcset=\"https:\/\/muzeulgolesti.ro\/wp-content\/uploads\/2024\/02\/IMG_1150-200x133.jpg 200w, https:\/\/muzeulgolesti.ro\/wp-content\/uploads\/2024\/02\/IMG_1150-360x240.jpg 360w, https:\/\/muzeulgolesti.ro\/wp-content\/uploads\/2024\/02\/IMG_1150-400x267.jpg 400w, https:\/\/muzeulgolesti.ro\/wp-content\/uploads\/2024\/02\/IMG_1150-600x400.jpg 600w, https:\/\/muzeulgolesti.ro\/wp-content\/uploads\/2024\/02\/IMG_1150-768x512.jpg 768w, https:\/\/muzeulgolesti.ro\/wp-content\/uploads\/2024\/02\/IMG_1150-800x533.jpg 800w, https:\/\/muzeulgolesti.ro\/wp-content\/uploads\/2024\/02\/IMG_1150-1200x800.jpg 1200w, https:\/\/muzeulgolesti.ro\/wp-content\/uploads\/2024\/02\/IMG_1150-1300x867.jpg 1300w, https:\/\/muzeulgolesti.ro\/wp-content\/uploads\/2024\/02\/IMG_1150-1536x1024.jpg 1536w\" sizes=\"(max-width: 360px) 100vw, 360px\" \/><\/p>\n<p>\u00cen cadrul evenimentului a fost organizat\u0103 o expozi\u021bie de carte veche rom\u00e2neasc\u0103 din colec\u021bia Bibliotecii Jude\u021bene Arge\u0219 \u0219i a Muzeului Gole\u0219ti.<\/p>\n<p><img decoding=\"async\" class=\"aligncenter size-medium wp-image-6130\" src=\"https:\/\/muzeulgolesti.ro\/wp-content\/uploads\/2024\/02\/IMG_1183-360x240.jpg\" alt=\"\" width=\"360\" height=\"240\" srcset=\"https:\/\/muzeulgolesti.ro\/wp-content\/uploads\/2024\/02\/IMG_1183-200x133.jpg 200w, https:\/\/muzeulgolesti.ro\/wp-content\/uploads\/2024\/02\/IMG_1183-360x240.jpg 360w, https:\/\/muzeulgolesti.ro\/wp-content\/uploads\/2024\/02\/IMG_1183-400x267.jpg 400w, https:\/\/muzeulgolesti.ro\/wp-content\/uploads\/2024\/02\/IMG_1183-600x400.jpg 600w, https:\/\/muzeulgolesti.ro\/wp-content\/uploads\/2024\/02\/IMG_1183-768x512.jpg 768w, https:\/\/muzeulgolesti.ro\/wp-content\/uploads\/2024\/02\/IMG_1183-800x533.jpg 800w, https:\/\/muzeulgolesti.ro\/wp-content\/uploads\/2024\/02\/IMG_1183-1200x800.jpg 1200w, https:\/\/muzeulgolesti.ro\/wp-content\/uploads\/2024\/02\/IMG_1183-1300x867.jpg 1300w, https:\/\/muzeulgolesti.ro\/wp-content\/uploads\/2024\/02\/IMG_1183-1536x1024.jpg 1536w\" sizes=\"(max-width: 360px) 100vw, 360px\" \/><\/p>\n<p>Credit foto: Adrian Coman, Biblioteca Jude\u021bean\u0103 Arge\u0219<\/p>\n","protected":false},"excerpt":{"rendered":"<p>Miercuri, 7 februarie 2024, Muzeul Gole\u0219ti \u0219i Biblioteca Jude\u021bean\u0103 Arge\u0219 au organizat un simpozion dedicat unei mai personalit\u0103\u021bi arge\u0219ene, Constantin (Dinicu) Golescu (1777-1830), la \u00eemplinirea a 247 de ani de  [&#8230;]<\/p>\n","protected":false},"author":5,"featured_media":6131,"comment_status":"closed","ping_status":"closed","sticky":false,"template":"","format":"standard","meta":{"footnotes":""},"categories":[54],"tags":[],"class_list":["post-6119","post","type-post","status-publish","format-standard","has-post-thumbnail","hentry","category-stiri"],"yoast_head":"<!-- This site is optimized with the Yoast SEO plugin v27.5 - https:\/\/yoast.com\/product\/yoast-seo-wordpress\/ -->\n<title>Simpozion Dinicu Golescu, la aniversarea a 247 de ani de la na\u0219tere<\/title>\n<meta name=\"description\" content=\"Simpozion Dinicu Golescu, la aniversarea a 247 de ani de la na\u0219tere\" \/>\n<meta name=\"robots\" content=\"index, follow, max-snippet:-1, max-image-preview:large, max-video-preview:-1\" \/>\n<link rel=\"canonical\" href=\"https:\/\/muzeulgolesti.ro\/ro\/stiri\/simpozion-dinicu-golescu-la-aniversarea-a-247-de-ani-de-la-nastere\/\" \/>\n<meta property=\"og:locale\" content=\"ro_RO\" \/>\n<meta property=\"og:locale:alternate\" content=\"en_UK\" \/>\n<meta property=\"og:type\" content=\"article\" \/>\n<meta property=\"og:title\" content=\"Simpozion Dinicu Golescu, la aniversarea a 247 de ani de la na\u0219tere\" \/>\n<meta property=\"og:description\" content=\"Simpozion Dinicu Golescu, la aniversarea a 247 de ani de la na\u0219tere\" \/>\n<meta property=\"og:url\" content=\"https:\/\/muzeulgolesti.ro\/ro\/stiri\/simpozion-dinicu-golescu-la-aniversarea-a-247-de-ani-de-la-nastere\/\" \/>\n<meta property=\"og:site_name\" content=\"Muzeul Viticulturii si Pomiculturii Golesti\" \/>\n<meta property=\"article:publisher\" content=\"https:\/\/web.facebook.com\/www.muzeulgolesti.ro\" \/>\n<meta property=\"article:published_time\" content=\"2024-02-08T10:43:07+00:00\" \/>\n<meta property=\"article:modified_time\" content=\"2024-02-13T08:29:10+00:00\" \/>\n<meta property=\"og:image\" content=\"https:\/\/muzeulgolesti.ro\/wp-content\/uploads\/2024\/02\/coperta-site.jpg\" \/>\n\t<meta property=\"og:image:width\" content=\"900\" \/>\n\t<meta property=\"og:image:height\" content=\"508\" \/>\n\t<meta property=\"og:image:type\" content=\"image\/jpeg\" \/>\n<meta name=\"author\" content=\"Camelia C\u0103lin\" \/>\n<meta name=\"twitter:card\" content=\"summary_large_image\" \/>\n<meta name=\"twitter:label1\" content=\"Scris de\" \/>\n\t<meta name=\"twitter:data1\" content=\"Camelia C\u0103lin\" \/>\n\t<meta name=\"twitter:label2\" content=\"Timp estimat pentru citire\" \/>\n\t<meta name=\"twitter:data2\" content=\"9 minute\" \/>\n<script type=\"application\/ld+json\" class=\"yoast-schema-graph\">{\"@context\":\"https:\\\/\\\/schema.org\",\"@graph\":[{\"@type\":\"Article\",\"@id\":\"https:\\\/\\\/muzeulgolesti.ro\\\/ro\\\/stiri\\\/simpozion-dinicu-golescu-la-aniversarea-a-247-de-ani-de-la-nastere\\\/#article\",\"isPartOf\":{\"@id\":\"https:\\\/\\\/muzeulgolesti.ro\\\/ro\\\/stiri\\\/simpozion-dinicu-golescu-la-aniversarea-a-247-de-ani-de-la-nastere\\\/\"},\"author\":{\"name\":\"Camelia C\u0103lin\",\"@id\":\"https:\\\/\\\/muzeulgolesti.ro\\\/ro\\\/#\\\/schema\\\/person\\\/10f7278cf5f9da102e4cf1f75f098e5c\"},\"headline\":\"Simpozion Dinicu Golescu, la aniversarea a 247 de ani de la na\u0219tere\",\"datePublished\":\"2024-02-08T10:43:07+00:00\",\"dateModified\":\"2024-02-13T08:29:10+00:00\",\"mainEntityOfPage\":{\"@id\":\"https:\\\/\\\/muzeulgolesti.ro\\\/ro\\\/stiri\\\/simpozion-dinicu-golescu-la-aniversarea-a-247-de-ani-de-la-nastere\\\/\"},\"wordCount\":2478,\"publisher\":{\"@id\":\"https:\\\/\\\/muzeulgolesti.ro\\\/ro\\\/#organization\"},\"image\":{\"@id\":\"https:\\\/\\\/muzeulgolesti.ro\\\/ro\\\/stiri\\\/simpozion-dinicu-golescu-la-aniversarea-a-247-de-ani-de-la-nastere\\\/#primaryimage\"},\"thumbnailUrl\":\"https:\\\/\\\/muzeulgolesti.ro\\\/wp-content\\\/uploads\\\/2024\\\/02\\\/coperta-site.jpg\",\"articleSection\":[\"Stiri\"],\"inLanguage\":\"ro-RO\"},{\"@type\":\"WebPage\",\"@id\":\"https:\\\/\\\/muzeulgolesti.ro\\\/ro\\\/stiri\\\/simpozion-dinicu-golescu-la-aniversarea-a-247-de-ani-de-la-nastere\\\/\",\"url\":\"https:\\\/\\\/muzeulgolesti.ro\\\/ro\\\/stiri\\\/simpozion-dinicu-golescu-la-aniversarea-a-247-de-ani-de-la-nastere\\\/\",\"name\":\"Simpozion Dinicu Golescu, la aniversarea a 247 de ani de la na\u0219tere\",\"isPartOf\":{\"@id\":\"https:\\\/\\\/muzeulgolesti.ro\\\/ro\\\/#website\"},\"primaryImageOfPage\":{\"@id\":\"https:\\\/\\\/muzeulgolesti.ro\\\/ro\\\/stiri\\\/simpozion-dinicu-golescu-la-aniversarea-a-247-de-ani-de-la-nastere\\\/#primaryimage\"},\"image\":{\"@id\":\"https:\\\/\\\/muzeulgolesti.ro\\\/ro\\\/stiri\\\/simpozion-dinicu-golescu-la-aniversarea-a-247-de-ani-de-la-nastere\\\/#primaryimage\"},\"thumbnailUrl\":\"https:\\\/\\\/muzeulgolesti.ro\\\/wp-content\\\/uploads\\\/2024\\\/02\\\/coperta-site.jpg\",\"datePublished\":\"2024-02-08T10:43:07+00:00\",\"dateModified\":\"2024-02-13T08:29:10+00:00\",\"description\":\"Simpozion Dinicu Golescu, la aniversarea a 247 de ani de la na\u0219tere\",\"breadcrumb\":{\"@id\":\"https:\\\/\\\/muzeulgolesti.ro\\\/ro\\\/stiri\\\/simpozion-dinicu-golescu-la-aniversarea-a-247-de-ani-de-la-nastere\\\/#breadcrumb\"},\"inLanguage\":\"ro-RO\",\"potentialAction\":[{\"@type\":\"ReadAction\",\"target\":[\"https:\\\/\\\/muzeulgolesti.ro\\\/ro\\\/stiri\\\/simpozion-dinicu-golescu-la-aniversarea-a-247-de-ani-de-la-nastere\\\/\"]}]},{\"@type\":\"ImageObject\",\"inLanguage\":\"ro-RO\",\"@id\":\"https:\\\/\\\/muzeulgolesti.ro\\\/ro\\\/stiri\\\/simpozion-dinicu-golescu-la-aniversarea-a-247-de-ani-de-la-nastere\\\/#primaryimage\",\"url\":\"https:\\\/\\\/muzeulgolesti.ro\\\/wp-content\\\/uploads\\\/2024\\\/02\\\/coperta-site.jpg\",\"contentUrl\":\"https:\\\/\\\/muzeulgolesti.ro\\\/wp-content\\\/uploads\\\/2024\\\/02\\\/coperta-site.jpg\",\"width\":900,\"height\":508},{\"@type\":\"BreadcrumbList\",\"@id\":\"https:\\\/\\\/muzeulgolesti.ro\\\/ro\\\/stiri\\\/simpozion-dinicu-golescu-la-aniversarea-a-247-de-ani-de-la-nastere\\\/#breadcrumb\",\"itemListElement\":[{\"@type\":\"ListItem\",\"position\":1,\"name\":\"Prima pagin\u0103\",\"item\":\"https:\\\/\\\/muzeulgolesti.ro\\\/ro\\\/\"},{\"@type\":\"ListItem\",\"position\":2,\"name\":\"Simpozion Dinicu Golescu, la aniversarea a 247 de ani de la na\u0219tere\"}]},{\"@type\":\"WebSite\",\"@id\":\"https:\\\/\\\/muzeulgolesti.ro\\\/ro\\\/#website\",\"url\":\"https:\\\/\\\/muzeulgolesti.ro\\\/ro\\\/\",\"name\":\"Muzeul Vititculturii si Pomiculturii Golesti\",\"description\":\"Cultura, Etnografie, Istorie - Muzeul Vititculturii si Pomiculturii Golesti\",\"publisher\":{\"@id\":\"https:\\\/\\\/muzeulgolesti.ro\\\/ro\\\/#organization\"},\"potentialAction\":[{\"@type\":\"SearchAction\",\"target\":{\"@type\":\"EntryPoint\",\"urlTemplate\":\"https:\\\/\\\/muzeulgolesti.ro\\\/ro\\\/?s={search_term_string}\"},\"query-input\":{\"@type\":\"PropertyValueSpecification\",\"valueRequired\":true,\"valueName\":\"search_term_string\"}}],\"inLanguage\":\"ro-RO\"},{\"@type\":\"Organization\",\"@id\":\"https:\\\/\\\/muzeulgolesti.ro\\\/ro\\\/#organization\",\"name\":\"Muzeul Vititculturii si Pomiculturii Golesti\",\"url\":\"https:\\\/\\\/muzeulgolesti.ro\\\/ro\\\/\",\"logo\":{\"@type\":\"ImageObject\",\"inLanguage\":\"ro-RO\",\"@id\":\"https:\\\/\\\/muzeulgolesti.ro\\\/ro\\\/#\\\/schema\\\/logo\\\/image\\\/\",\"url\":\"https:\\\/\\\/muzeulgolesti.ro\\\/wp-content\\\/uploads\\\/2022\\\/11\\\/SiglaMuzeu.jpg\",\"contentUrl\":\"https:\\\/\\\/muzeulgolesti.ro\\\/wp-content\\\/uploads\\\/2022\\\/11\\\/SiglaMuzeu.jpg\",\"width\":86,\"height\":50,\"caption\":\"Muzeul Vititculturii si Pomiculturii Golesti\"},\"image\":{\"@id\":\"https:\\\/\\\/muzeulgolesti.ro\\\/ro\\\/#\\\/schema\\\/logo\\\/image\\\/\"},\"sameAs\":[\"https:\\\/\\\/web.facebook.com\\\/www.muzeulgolesti.ro\"]},{\"@type\":\"Person\",\"@id\":\"https:\\\/\\\/muzeulgolesti.ro\\\/ro\\\/#\\\/schema\\\/person\\\/10f7278cf5f9da102e4cf1f75f098e5c\",\"name\":\"Camelia C\u0103lin\",\"url\":\"https:\\\/\\\/muzeulgolesti.ro\\\/ro\\\/author\\\/camelia\\\/\"}]}<\/script>\n<!-- \/ Yoast SEO plugin. -->","yoast_head_json":{"title":"Simpozion Dinicu Golescu, la aniversarea a 247 de ani de la na\u0219tere","description":"[:ro]Simpozion Dinicu Golescu, la aniversarea a 247 de ani de la na\u0219tere[:en]Dinicu Golescu - the 247th anniversary of his birth[:]","robots":{"index":"index","follow":"follow","max-snippet":"max-snippet:-1","max-image-preview":"max-image-preview:large","max-video-preview":"max-video-preview:-1"},"canonical":"https:\/\/muzeulgolesti.ro\/ro\/stiri\/simpozion-dinicu-golescu-la-aniversarea-a-247-de-ani-de-la-nastere\/","og_locale":"ro_RO","og_type":"article","og_title":"[:ro]Simpozion Dinicu Golescu, la aniversarea a 247 de ani de la na\u0219tere[:en]Dinicu Golescu - the 247th anniversary of his birth[:] - Muzeul Viticulturii si Pomiculturii Golesti","og_description":"[:ro]Simpozion Dinicu Golescu, la aniversarea a 247 de ani de la na\u0219tere[:en]Dinicu Golescu - the 247th anniversary of his birth[:]","og_url":"https:\/\/muzeulgolesti.ro\/ro\/stiri\/simpozion-dinicu-golescu-la-aniversarea-a-247-de-ani-de-la-nastere\/","og_site_name":"Muzeul Viticulturii si Pomiculturii Golesti","article_publisher":"https:\/\/web.facebook.com\/www.muzeulgolesti.ro","article_published_time":"2024-02-08T10:43:07+00:00","article_modified_time":"2024-02-13T08:29:10+00:00","og_image":[{"width":900,"height":508,"url":"https:\/\/muzeulgolesti.ro\/wp-content\/uploads\/2024\/02\/coperta-site.jpg","type":"image\/jpeg"}],"author":"Camelia C\u0103lin","twitter_card":"summary_large_image","twitter_misc":{"Scris de":"Camelia C\u0103lin","Timp estimat pentru citire":"9 minute"},"schema":{"@context":"https:\/\/schema.org","@graph":[{"@type":"Article","@id":"https:\/\/muzeulgolesti.ro\/ro\/stiri\/simpozion-dinicu-golescu-la-aniversarea-a-247-de-ani-de-la-nastere\/#article","isPartOf":{"@id":"https:\/\/muzeulgolesti.ro\/ro\/stiri\/simpozion-dinicu-golescu-la-aniversarea-a-247-de-ani-de-la-nastere\/"},"author":{"name":"Camelia C\u0103lin","@id":"https:\/\/muzeulgolesti.ro\/ro\/#\/schema\/person\/10f7278cf5f9da102e4cf1f75f098e5c"},"headline":"Simpozion Dinicu Golescu, la aniversarea a 247 de ani de la na\u0219tere","datePublished":"2024-02-08T10:43:07+00:00","dateModified":"2024-02-13T08:29:10+00:00","mainEntityOfPage":{"@id":"https:\/\/muzeulgolesti.ro\/ro\/stiri\/simpozion-dinicu-golescu-la-aniversarea-a-247-de-ani-de-la-nastere\/"},"wordCount":2478,"publisher":{"@id":"https:\/\/muzeulgolesti.ro\/ro\/#organization"},"image":{"@id":"https:\/\/muzeulgolesti.ro\/ro\/stiri\/simpozion-dinicu-golescu-la-aniversarea-a-247-de-ani-de-la-nastere\/#primaryimage"},"thumbnailUrl":"https:\/\/muzeulgolesti.ro\/wp-content\/uploads\/2024\/02\/coperta-site.jpg","articleSection":["Stiri"],"inLanguage":"ro-RO"},{"@type":"WebPage","@id":"https:\/\/muzeulgolesti.ro\/ro\/stiri\/simpozion-dinicu-golescu-la-aniversarea-a-247-de-ani-de-la-nastere\/","url":"https:\/\/muzeulgolesti.ro\/ro\/stiri\/simpozion-dinicu-golescu-la-aniversarea-a-247-de-ani-de-la-nastere\/","name":"Simpozion Dinicu Golescu, la aniversarea a 247 de ani de la na\u0219tere","isPartOf":{"@id":"https:\/\/muzeulgolesti.ro\/ro\/#website"},"primaryImageOfPage":{"@id":"https:\/\/muzeulgolesti.ro\/ro\/stiri\/simpozion-dinicu-golescu-la-aniversarea-a-247-de-ani-de-la-nastere\/#primaryimage"},"image":{"@id":"https:\/\/muzeulgolesti.ro\/ro\/stiri\/simpozion-dinicu-golescu-la-aniversarea-a-247-de-ani-de-la-nastere\/#primaryimage"},"thumbnailUrl":"https:\/\/muzeulgolesti.ro\/wp-content\/uploads\/2024\/02\/coperta-site.jpg","datePublished":"2024-02-08T10:43:07+00:00","dateModified":"2024-02-13T08:29:10+00:00","description":"Simpozion Dinicu Golescu, la aniversarea a 247 de ani de la na\u0219tere","breadcrumb":{"@id":"https:\/\/muzeulgolesti.ro\/ro\/stiri\/simpozion-dinicu-golescu-la-aniversarea-a-247-de-ani-de-la-nastere\/#breadcrumb"},"inLanguage":"ro-RO","potentialAction":[{"@type":"ReadAction","target":["https:\/\/muzeulgolesti.ro\/ro\/stiri\/simpozion-dinicu-golescu-la-aniversarea-a-247-de-ani-de-la-nastere\/"]}]},{"@type":"ImageObject","inLanguage":"ro-RO","@id":"https:\/\/muzeulgolesti.ro\/ro\/stiri\/simpozion-dinicu-golescu-la-aniversarea-a-247-de-ani-de-la-nastere\/#primaryimage","url":"https:\/\/muzeulgolesti.ro\/wp-content\/uploads\/2024\/02\/coperta-site.jpg","contentUrl":"https:\/\/muzeulgolesti.ro\/wp-content\/uploads\/2024\/02\/coperta-site.jpg","width":900,"height":508},{"@type":"BreadcrumbList","@id":"https:\/\/muzeulgolesti.ro\/ro\/stiri\/simpozion-dinicu-golescu-la-aniversarea-a-247-de-ani-de-la-nastere\/#breadcrumb","itemListElement":[{"@type":"ListItem","position":1,"name":"Prima pagin\u0103","item":"https:\/\/muzeulgolesti.ro\/ro\/"},{"@type":"ListItem","position":2,"name":"Simpozion Dinicu Golescu, la aniversarea a 247 de ani de la na\u0219tere"}]},{"@type":"WebSite","@id":"https:\/\/muzeulgolesti.ro\/ro\/#website","url":"https:\/\/muzeulgolesti.ro\/ro\/","name":"Muzeul Vititculturii si Pomiculturii Golesti","description":"Cultura, Etnografie, Istorie - Muzeul Vititculturii si Pomiculturii Golesti","publisher":{"@id":"https:\/\/muzeulgolesti.ro\/ro\/#organization"},"potentialAction":[{"@type":"SearchAction","target":{"@type":"EntryPoint","urlTemplate":"https:\/\/muzeulgolesti.ro\/ro\/?s={search_term_string}"},"query-input":{"@type":"PropertyValueSpecification","valueRequired":true,"valueName":"search_term_string"}}],"inLanguage":"ro-RO"},{"@type":"Organization","@id":"https:\/\/muzeulgolesti.ro\/ro\/#organization","name":"Muzeul Vititculturii si Pomiculturii Golesti","url":"https:\/\/muzeulgolesti.ro\/ro\/","logo":{"@type":"ImageObject","inLanguage":"ro-RO","@id":"https:\/\/muzeulgolesti.ro\/ro\/#\/schema\/logo\/image\/","url":"https:\/\/muzeulgolesti.ro\/wp-content\/uploads\/2022\/11\/SiglaMuzeu.jpg","contentUrl":"https:\/\/muzeulgolesti.ro\/wp-content\/uploads\/2022\/11\/SiglaMuzeu.jpg","width":86,"height":50,"caption":"Muzeul Vititculturii si Pomiculturii Golesti"},"image":{"@id":"https:\/\/muzeulgolesti.ro\/ro\/#\/schema\/logo\/image\/"},"sameAs":["https:\/\/web.facebook.com\/www.muzeulgolesti.ro"]},{"@type":"Person","@id":"https:\/\/muzeulgolesti.ro\/ro\/#\/schema\/person\/10f7278cf5f9da102e4cf1f75f098e5c","name":"Camelia C\u0103lin","url":"https:\/\/muzeulgolesti.ro\/ro\/author\/camelia\/"}]}},"_links":{"self":[{"href":"https:\/\/muzeulgolesti.ro\/ro\/wp-json\/wp\/v2\/posts\/6119","targetHints":{"allow":["GET"]}}],"collection":[{"href":"https:\/\/muzeulgolesti.ro\/ro\/wp-json\/wp\/v2\/posts"}],"about":[{"href":"https:\/\/muzeulgolesti.ro\/ro\/wp-json\/wp\/v2\/types\/post"}],"author":[{"embeddable":true,"href":"https:\/\/muzeulgolesti.ro\/ro\/wp-json\/wp\/v2\/users\/5"}],"replies":[{"embeddable":true,"href":"https:\/\/muzeulgolesti.ro\/ro\/wp-json\/wp\/v2\/comments?post=6119"}],"version-history":[{"count":6,"href":"https:\/\/muzeulgolesti.ro\/ro\/wp-json\/wp\/v2\/posts\/6119\/revisions"}],"predecessor-version":[{"id":6151,"href":"https:\/\/muzeulgolesti.ro\/ro\/wp-json\/wp\/v2\/posts\/6119\/revisions\/6151"}],"wp:featuredmedia":[{"embeddable":true,"href":"https:\/\/muzeulgolesti.ro\/ro\/wp-json\/wp\/v2\/media\/6131"}],"wp:attachment":[{"href":"https:\/\/muzeulgolesti.ro\/ro\/wp-json\/wp\/v2\/media?parent=6119"}],"wp:term":[{"taxonomy":"category","embeddable":true,"href":"https:\/\/muzeulgolesti.ro\/ro\/wp-json\/wp\/v2\/categories?post=6119"},{"taxonomy":"post_tag","embeddable":true,"href":"https:\/\/muzeulgolesti.ro\/ro\/wp-json\/wp\/v2\/tags?post=6119"}],"curies":[{"name":"wp","href":"https:\/\/api.w.org\/{rel}","templated":true}]}}