{"id":6178,"date":"2024-02-20T10:47:31","date_gmt":"2024-02-20T10:47:31","guid":{"rendered":"https:\/\/muzeulgolesti.ro\/ro\/?p=6178"},"modified":"2024-02-20T11:21:37","modified_gmt":"2024-02-20T11:21:37","slug":"reuniunea-organizata-de-sezatoarea-arges-muscel-la-muzeul-golesti","status":"publish","type":"post","link":"https:\/\/muzeulgolesti.ro\/ro\/stiri\/reuniunea-organizata-de-sezatoarea-arges-muscel-la-muzeul-golesti\/","title":{"rendered":"Reuniunea organizat\u0103 de \u0218ez\u0103toarea Arge\u0219-Mu\u0219cel la Muzeul Gole\u0219ti"},"content":{"rendered":"<p><img decoding=\"async\" class=\"aligncenter size-medium wp-image-6190\" src=\"https:\/\/muzeulgolesti.ro\/wp-content\/uploads\/2024\/02\/IMG_20240217_121026618_HDR-270x360.jpg\" alt=\"\" width=\"270\" height=\"360\" srcset=\"https:\/\/muzeulgolesti.ro\/wp-content\/uploads\/2024\/02\/IMG_20240217_121026618_HDR-200x267.jpg 200w, https:\/\/muzeulgolesti.ro\/wp-content\/uploads\/2024\/02\/IMG_20240217_121026618_HDR-270x360.jpg 270w, https:\/\/muzeulgolesti.ro\/wp-content\/uploads\/2024\/02\/IMG_20240217_121026618_HDR-400x533.jpg 400w, https:\/\/muzeulgolesti.ro\/wp-content\/uploads\/2024\/02\/IMG_20240217_121026618_HDR-600x800.jpg 600w, https:\/\/muzeulgolesti.ro\/wp-content\/uploads\/2024\/02\/IMG_20240217_121026618_HDR-768x1024.jpg 768w, https:\/\/muzeulgolesti.ro\/wp-content\/uploads\/2024\/02\/IMG_20240217_121026618_HDR-800x1067.jpg 800w, https:\/\/muzeulgolesti.ro\/wp-content\/uploads\/2024\/02\/IMG_20240217_121026618_HDR-975x1300.jpg 975w, https:\/\/muzeulgolesti.ro\/wp-content\/uploads\/2024\/02\/IMG_20240217_121026618_HDR-1152x1536.jpg 1152w, https:\/\/muzeulgolesti.ro\/wp-content\/uploads\/2024\/02\/IMG_20240217_121026618_HDR-1200x1600.jpg 1200w, https:\/\/muzeulgolesti.ro\/wp-content\/uploads\/2024\/02\/IMG_20240217_121026618_HDR-1536x2048.jpg 1536w, https:\/\/muzeulgolesti.ro\/wp-content\/uploads\/2024\/02\/IMG_20240217_121026618_HDR-scaled.jpg 1920w\" sizes=\"(max-width: 270px) 100vw, 270px\" \/><\/p>\n<p>S\u00e2mb\u0103t\u0103, 17 februarie 2024, a fost mare s\u0103rb\u0103toare la Muzeul Gole\u0219ti. A fost zi de \u0219ez\u0103toare, cu voie bun\u0103, c\u00e2ntece \u0219i dansuri, cu strig\u0103turi \u0219i pove\u0219ti, \u00een organizarea minunatelor doamne de la \u0218ez\u0103toarea Arge\u0219-Mu\u0219cel, coordonate de Flory Buia. Invitatele au venit de dincolo de mun\u021bi, aduc\u00e2nd cu ele frumoasele\u00a0 costume\u00a0 ale Ardealului, cu elegan\u021ba, sobrietatea \u0219i influen\u021bele lor urbane, expresie a sufletului rom\u00e2nesc dintr-un spa\u021biu multicultural. Ne-au onorat cu prezen\u021ba lor \u0218ez\u0103toarea din Scheii Bra\u0219ovului, \u0218ez\u0103toarea Vene\u021bia de Jos, \u0218ez\u0103toarea F\u0103g\u0103ra\u0219, \u0218ez\u0103toarea Codlea \u0219i \u0218ez\u0103toarea Sf\u00e2ntul Gheorghe.<\/p>\n<p>&nbsp;<\/p>\n<p><img decoding=\"async\" class=\"aligncenter size-medium wp-image-6180\" src=\"https:\/\/muzeulgolesti.ro\/wp-content\/uploads\/2024\/02\/IMG_20240217_111957047-360x203.jpg\" alt=\"\" width=\"360\" height=\"203\" srcset=\"https:\/\/muzeulgolesti.ro\/wp-content\/uploads\/2024\/02\/IMG_20240217_111957047-200x113.jpg 200w, https:\/\/muzeulgolesti.ro\/wp-content\/uploads\/2024\/02\/IMG_20240217_111957047-360x203.jpg 360w, https:\/\/muzeulgolesti.ro\/wp-content\/uploads\/2024\/02\/IMG_20240217_111957047-400x225.jpg 400w, https:\/\/muzeulgolesti.ro\/wp-content\/uploads\/2024\/02\/IMG_20240217_111957047-600x338.jpg 600w, https:\/\/muzeulgolesti.ro\/wp-content\/uploads\/2024\/02\/IMG_20240217_111957047-768x432.jpg 768w, https:\/\/muzeulgolesti.ro\/wp-content\/uploads\/2024\/02\/IMG_20240217_111957047-800x450.jpg 800w, https:\/\/muzeulgolesti.ro\/wp-content\/uploads\/2024\/02\/IMG_20240217_111957047-1200x675.jpg 1200w, https:\/\/muzeulgolesti.ro\/wp-content\/uploads\/2024\/02\/IMG_20240217_111957047-1300x731.jpg 1300w, https:\/\/muzeulgolesti.ro\/wp-content\/uploads\/2024\/02\/IMG_20240217_111957047-1536x864.jpg 1536w\" sizes=\"(max-width: 360px) 100vw, 360px\" \/><\/p>\n<p><img decoding=\"async\" class=\"aligncenter size-medium wp-image-6200\" src=\"https:\/\/muzeulgolesti.ro\/wp-content\/uploads\/2024\/02\/IMG_20240217_143936641_HDR-360x270.jpg\" alt=\"\" width=\"360\" height=\"270\" srcset=\"https:\/\/muzeulgolesti.ro\/wp-content\/uploads\/2024\/02\/IMG_20240217_143936641_HDR-200x150.jpg 200w, https:\/\/muzeulgolesti.ro\/wp-content\/uploads\/2024\/02\/IMG_20240217_143936641_HDR-360x270.jpg 360w, https:\/\/muzeulgolesti.ro\/wp-content\/uploads\/2024\/02\/IMG_20240217_143936641_HDR-400x300.jpg 400w, https:\/\/muzeulgolesti.ro\/wp-content\/uploads\/2024\/02\/IMG_20240217_143936641_HDR-600x450.jpg 600w, https:\/\/muzeulgolesti.ro\/wp-content\/uploads\/2024\/02\/IMG_20240217_143936641_HDR-768x576.jpg 768w, https:\/\/muzeulgolesti.ro\/wp-content\/uploads\/2024\/02\/IMG_20240217_143936641_HDR-800x600.jpg 800w, https:\/\/muzeulgolesti.ro\/wp-content\/uploads\/2024\/02\/IMG_20240217_143936641_HDR-1200x900.jpg 1200w, https:\/\/muzeulgolesti.ro\/wp-content\/uploads\/2024\/02\/IMG_20240217_143936641_HDR-1300x975.jpg 1300w, https:\/\/muzeulgolesti.ro\/wp-content\/uploads\/2024\/02\/IMG_20240217_143936641_HDR-1536x1152.jpg 1536w\" sizes=\"(max-width: 360px) 100vw, 360px\" \/><\/p>\n<p>\u0218ez\u0103torile vin din vremuri de demult, c\u00e2nd, \u00een mediul rural, femeile, fetele, \u00eenso\u021bite uneori de feciorii peste 18 ani \u0219i de b\u0103rba\u021bii c\u0103s\u0103tori\u021bi, se str\u00e2ngeau \u00een casa vreunei gospodine vrednice pentru a lucra \u00eempreun\u0103 l\u00e2na, c\u00e2nepa, inul sau c\u0103m\u0103\u0219ile cu care se ie\u0219ea la hor\u0103 prim\u0103vara. Aceste reuniuni \u00eencepeau odat\u0103 cu postul Cr\u0103ciunului \u0219i se terminau \u00eenainte de postul Pa\u0219telui. Ele erau momente de reuniune comunitar\u0103, \u00een care nu doar munca conta, ci ocazia de a fi \u00eempreun\u0103, de a povesti, de a c\u00e2nta \u0219i de a spune snoave cu t\u00e2lc, de a l\u0103sa loc \u0219i timp tinerilor s\u0103 se cunoasc\u0103 \u0219i s\u0103 se \u00eendr\u0103geasc\u0103, iar p\u0103rin\u021bilor ocazia de a pune la cale \u00eencuscriri a\u0219a cum dictau statutul social \u0219i interesele familiei.<\/p>\n<p>Redescoperind tradi\u021biile, arta cusutului \u0219i a realiz\u0103rii iilor, genera\u021biile de ast\u0103zi au re\u00eenviat \u0219i actualizat tradi\u021bia \u0219ez\u0103torilor. S\u00e2mb\u0103t\u0103, la Gole\u0219ti, am avut ocazia de a cunoa\u0219te doamne minunate, care m\u00e2nuiesc cu m\u0103iestrie acul de cusut, fusul \u0219i r\u0103zboiul de \u021besut, care \u0219tiu s\u0103 c\u00e2nte \u0219i s\u0103 r\u00e2d\u0103, s\u0103 prepare delicioase m\u00e2nc\u0103ruri \u0219i pr\u0103jituri. \u0218ez\u0103torile invitate au intrat \u00een curtea conacului Gole\u0219tilor cu c\u00e2ntec \u0219i voie bun\u0103, cu ur\u0103ri pentru gazdele care le a\u0219teptau cu p\u00e2ine \u0219i sare \u0219i versuri de bun-venit.<\/p>\n<p><img decoding=\"async\" class=\"aligncenter size-medium wp-image-6180\" src=\"https:\/\/muzeulgolesti.ro\/wp-content\/uploads\/2024\/02\/IMG_20240217_111957047-360x203.jpg\" alt=\"\" width=\"360\" height=\"203\" srcset=\"https:\/\/muzeulgolesti.ro\/wp-content\/uploads\/2024\/02\/IMG_20240217_111957047-200x113.jpg 200w, https:\/\/muzeulgolesti.ro\/wp-content\/uploads\/2024\/02\/IMG_20240217_111957047-360x203.jpg 360w, https:\/\/muzeulgolesti.ro\/wp-content\/uploads\/2024\/02\/IMG_20240217_111957047-400x225.jpg 400w, https:\/\/muzeulgolesti.ro\/wp-content\/uploads\/2024\/02\/IMG_20240217_111957047-600x338.jpg 600w, https:\/\/muzeulgolesti.ro\/wp-content\/uploads\/2024\/02\/IMG_20240217_111957047-768x432.jpg 768w, https:\/\/muzeulgolesti.ro\/wp-content\/uploads\/2024\/02\/IMG_20240217_111957047-800x450.jpg 800w, https:\/\/muzeulgolesti.ro\/wp-content\/uploads\/2024\/02\/IMG_20240217_111957047-1200x675.jpg 1200w, https:\/\/muzeulgolesti.ro\/wp-content\/uploads\/2024\/02\/IMG_20240217_111957047-1300x731.jpg 1300w, https:\/\/muzeulgolesti.ro\/wp-content\/uploads\/2024\/02\/IMG_20240217_111957047-1536x864.jpg 1536w\" sizes=\"(max-width: 360px) 100vw, 360px\" \/><\/p>\n<p><img decoding=\"async\" class=\"aligncenter size-medium wp-image-6181\" src=\"https:\/\/muzeulgolesti.ro\/wp-content\/uploads\/2024\/02\/IMG_20240217_112131508-360x203.jpg\" alt=\"\" width=\"360\" height=\"203\" srcset=\"https:\/\/muzeulgolesti.ro\/wp-content\/uploads\/2024\/02\/IMG_20240217_112131508-200x113.jpg 200w, https:\/\/muzeulgolesti.ro\/wp-content\/uploads\/2024\/02\/IMG_20240217_112131508-360x203.jpg 360w, https:\/\/muzeulgolesti.ro\/wp-content\/uploads\/2024\/02\/IMG_20240217_112131508-400x225.jpg 400w, https:\/\/muzeulgolesti.ro\/wp-content\/uploads\/2024\/02\/IMG_20240217_112131508-600x338.jpg 600w, https:\/\/muzeulgolesti.ro\/wp-content\/uploads\/2024\/02\/IMG_20240217_112131508-768x432.jpg 768w, https:\/\/muzeulgolesti.ro\/wp-content\/uploads\/2024\/02\/IMG_20240217_112131508-800x450.jpg 800w, https:\/\/muzeulgolesti.ro\/wp-content\/uploads\/2024\/02\/IMG_20240217_112131508-1200x675.jpg 1200w, https:\/\/muzeulgolesti.ro\/wp-content\/uploads\/2024\/02\/IMG_20240217_112131508-1300x731.jpg 1300w, https:\/\/muzeulgolesti.ro\/wp-content\/uploads\/2024\/02\/IMG_20240217_112131508-1536x864.jpg 1536w\" sizes=\"(max-width: 360px) 100vw, 360px\" \/><\/p>\n<p><img decoding=\"async\" class=\"aligncenter size-medium wp-image-6183\" src=\"https:\/\/muzeulgolesti.ro\/wp-content\/uploads\/2024\/02\/IMG_20240217_112312413-360x270.jpg\" alt=\"\" width=\"360\" height=\"270\" srcset=\"https:\/\/muzeulgolesti.ro\/wp-content\/uploads\/2024\/02\/IMG_20240217_112312413-200x150.jpg 200w, https:\/\/muzeulgolesti.ro\/wp-content\/uploads\/2024\/02\/IMG_20240217_112312413-360x270.jpg 360w, https:\/\/muzeulgolesti.ro\/wp-content\/uploads\/2024\/02\/IMG_20240217_112312413-400x300.jpg 400w, https:\/\/muzeulgolesti.ro\/wp-content\/uploads\/2024\/02\/IMG_20240217_112312413-600x450.jpg 600w, https:\/\/muzeulgolesti.ro\/wp-content\/uploads\/2024\/02\/IMG_20240217_112312413-768x576.jpg 768w, https:\/\/muzeulgolesti.ro\/wp-content\/uploads\/2024\/02\/IMG_20240217_112312413-800x600.jpg 800w, https:\/\/muzeulgolesti.ro\/wp-content\/uploads\/2024\/02\/IMG_20240217_112312413-1200x900.jpg 1200w, https:\/\/muzeulgolesti.ro\/wp-content\/uploads\/2024\/02\/IMG_20240217_112312413-1300x975.jpg 1300w, https:\/\/muzeulgolesti.ro\/wp-content\/uploads\/2024\/02\/IMG_20240217_112312413-1536x1152.jpg 1536w\" sizes=\"(max-width: 360px) 100vw, 360px\" \/><\/p>\n<p><img decoding=\"async\" class=\"aligncenter size-medium wp-image-6185\" src=\"https:\/\/muzeulgolesti.ro\/wp-content\/uploads\/2024\/02\/IMG_20240217_113225442_HDR-360x270.jpg\" alt=\"\" width=\"360\" height=\"270\" srcset=\"https:\/\/muzeulgolesti.ro\/wp-content\/uploads\/2024\/02\/IMG_20240217_113225442_HDR-200x150.jpg 200w, https:\/\/muzeulgolesti.ro\/wp-content\/uploads\/2024\/02\/IMG_20240217_113225442_HDR-360x270.jpg 360w, https:\/\/muzeulgolesti.ro\/wp-content\/uploads\/2024\/02\/IMG_20240217_113225442_HDR-400x300.jpg 400w, https:\/\/muzeulgolesti.ro\/wp-content\/uploads\/2024\/02\/IMG_20240217_113225442_HDR-600x450.jpg 600w, https:\/\/muzeulgolesti.ro\/wp-content\/uploads\/2024\/02\/IMG_20240217_113225442_HDR-768x576.jpg 768w, https:\/\/muzeulgolesti.ro\/wp-content\/uploads\/2024\/02\/IMG_20240217_113225442_HDR-800x600.jpg 800w, https:\/\/muzeulgolesti.ro\/wp-content\/uploads\/2024\/02\/IMG_20240217_113225442_HDR-1200x900.jpg 1200w, https:\/\/muzeulgolesti.ro\/wp-content\/uploads\/2024\/02\/IMG_20240217_113225442_HDR-1300x975.jpg 1300w, https:\/\/muzeulgolesti.ro\/wp-content\/uploads\/2024\/02\/IMG_20240217_113225442_HDR-1536x1152.jpg 1536w\" sizes=\"(max-width: 360px) 100vw, 360px\" \/><\/p>\n<p>Odat\u0103 reuni\u021bi to\u021bi participan\u021bii \u00een sala de desf\u0103\u0219urare a \u0219ez\u0103torii, dl. Iustin Dejanu, managerul Muzeului Gole\u0219ti, a subliniat colaborarea dintre muzeu \u0219i \u0218ez\u0103toarea Arge\u0219-Mu\u0219cel, pentru a promova costumul tradi\u021bional \u0219i pentru a transmite arta c\u0103m\u0103\u0219ii cu alti\u021b\u0103 c\u0103tre tinerele genera\u021bii. Dup\u0103 cuv\u00e2ntul de bun-venit al dnei Flory Buia, a urmat o slujb\u0103 de binecuv\u00e2ntare \u0219i mul\u021bumire a preotului Lauren\u021biu B\u0103l\u0103\u0219oiu, parohul Bisericii Sf\u00e2nta Treime din Gole\u0219ti.<\/p>\n<p><img decoding=\"async\" class=\"aligncenter size-medium wp-image-6186\" src=\"https:\/\/muzeulgolesti.ro\/wp-content\/uploads\/2024\/02\/IMG_20240217_115231097_BURST000_COVER-267x360.jpg\" alt=\"\" width=\"267\" height=\"360\" srcset=\"https:\/\/muzeulgolesti.ro\/wp-content\/uploads\/2024\/02\/IMG_20240217_115231097_BURST000_COVER-200x270.jpg 200w, https:\/\/muzeulgolesti.ro\/wp-content\/uploads\/2024\/02\/IMG_20240217_115231097_BURST000_COVER-267x360.jpg 267w, https:\/\/muzeulgolesti.ro\/wp-content\/uploads\/2024\/02\/IMG_20240217_115231097_BURST000_COVER-400x539.jpg 400w, https:\/\/muzeulgolesti.ro\/wp-content\/uploads\/2024\/02\/IMG_20240217_115231097_BURST000_COVER-600x809.jpg 600w, https:\/\/muzeulgolesti.ro\/wp-content\/uploads\/2024\/02\/IMG_20240217_115231097_BURST000_COVER-768x1036.jpg 768w, https:\/\/muzeulgolesti.ro\/wp-content\/uploads\/2024\/02\/IMG_20240217_115231097_BURST000_COVER-800x1079.jpg 800w, https:\/\/muzeulgolesti.ro\/wp-content\/uploads\/2024\/02\/IMG_20240217_115231097_BURST000_COVER-964x1300.jpg 964w, https:\/\/muzeulgolesti.ro\/wp-content\/uploads\/2024\/02\/IMG_20240217_115231097_BURST000_COVER-1139x1536.jpg 1139w, https:\/\/muzeulgolesti.ro\/wp-content\/uploads\/2024\/02\/IMG_20240217_115231097_BURST000_COVER-1200x1618.jpg 1200w, https:\/\/muzeulgolesti.ro\/wp-content\/uploads\/2024\/02\/IMG_20240217_115231097_BURST000_COVER-1518x2048.jpg 1518w, https:\/\/muzeulgolesti.ro\/wp-content\/uploads\/2024\/02\/IMG_20240217_115231097_BURST000_COVER-scaled.jpg 1898w\" sizes=\"(max-width: 267px) 100vw, 267px\" \/><\/p>\n<p><img decoding=\"async\" class=\"aligncenter size-medium wp-image-6188\" src=\"https:\/\/muzeulgolesti.ro\/wp-content\/uploads\/2024\/02\/IMG_20240217_120913310_HDR-270x360.jpg\" alt=\"\" width=\"270\" height=\"360\" srcset=\"https:\/\/muzeulgolesti.ro\/wp-content\/uploads\/2024\/02\/IMG_20240217_120913310_HDR-200x267.jpg 200w, https:\/\/muzeulgolesti.ro\/wp-content\/uploads\/2024\/02\/IMG_20240217_120913310_HDR-270x360.jpg 270w, https:\/\/muzeulgolesti.ro\/wp-content\/uploads\/2024\/02\/IMG_20240217_120913310_HDR-400x533.jpg 400w, https:\/\/muzeulgolesti.ro\/wp-content\/uploads\/2024\/02\/IMG_20240217_120913310_HDR-600x800.jpg 600w, https:\/\/muzeulgolesti.ro\/wp-content\/uploads\/2024\/02\/IMG_20240217_120913310_HDR-768x1024.jpg 768w, https:\/\/muzeulgolesti.ro\/wp-content\/uploads\/2024\/02\/IMG_20240217_120913310_HDR-800x1067.jpg 800w, https:\/\/muzeulgolesti.ro\/wp-content\/uploads\/2024\/02\/IMG_20240217_120913310_HDR-975x1300.jpg 975w, https:\/\/muzeulgolesti.ro\/wp-content\/uploads\/2024\/02\/IMG_20240217_120913310_HDR-1152x1536.jpg 1152w, https:\/\/muzeulgolesti.ro\/wp-content\/uploads\/2024\/02\/IMG_20240217_120913310_HDR-1200x1600.jpg 1200w, https:\/\/muzeulgolesti.ro\/wp-content\/uploads\/2024\/02\/IMG_20240217_120913310_HDR-1536x2048.jpg 1536w, https:\/\/muzeulgolesti.ro\/wp-content\/uploads\/2024\/02\/IMG_20240217_120913310_HDR-scaled.jpg 1920w\" sizes=\"(max-width: 270px) 100vw, 270px\" \/><\/p>\n<p><img decoding=\"async\" class=\"aligncenter size-medium wp-image-6191\" src=\"https:\/\/muzeulgolesti.ro\/wp-content\/uploads\/2024\/02\/IMG_20240217_121149408_HDR-270x360.jpg\" alt=\"\" width=\"270\" height=\"360\" srcset=\"https:\/\/muzeulgolesti.ro\/wp-content\/uploads\/2024\/02\/IMG_20240217_121149408_HDR-200x267.jpg 200w, https:\/\/muzeulgolesti.ro\/wp-content\/uploads\/2024\/02\/IMG_20240217_121149408_HDR-270x360.jpg 270w, https:\/\/muzeulgolesti.ro\/wp-content\/uploads\/2024\/02\/IMG_20240217_121149408_HDR-400x533.jpg 400w, https:\/\/muzeulgolesti.ro\/wp-content\/uploads\/2024\/02\/IMG_20240217_121149408_HDR-600x800.jpg 600w, https:\/\/muzeulgolesti.ro\/wp-content\/uploads\/2024\/02\/IMG_20240217_121149408_HDR-768x1024.jpg 768w, https:\/\/muzeulgolesti.ro\/wp-content\/uploads\/2024\/02\/IMG_20240217_121149408_HDR-800x1067.jpg 800w, https:\/\/muzeulgolesti.ro\/wp-content\/uploads\/2024\/02\/IMG_20240217_121149408_HDR-975x1300.jpg 975w, https:\/\/muzeulgolesti.ro\/wp-content\/uploads\/2024\/02\/IMG_20240217_121149408_HDR-1152x1536.jpg 1152w, https:\/\/muzeulgolesti.ro\/wp-content\/uploads\/2024\/02\/IMG_20240217_121149408_HDR-1200x1600.jpg 1200w, https:\/\/muzeulgolesti.ro\/wp-content\/uploads\/2024\/02\/IMG_20240217_121149408_HDR-1536x2048.jpg 1536w, https:\/\/muzeulgolesti.ro\/wp-content\/uploads\/2024\/02\/IMG_20240217_121149408_HDR-scaled.jpg 1920w\" sizes=\"(max-width: 270px) 100vw, 270px\" \/><\/p>\n<p><img decoding=\"async\" class=\"aligncenter size-medium wp-image-6192\" src=\"https:\/\/muzeulgolesti.ro\/wp-content\/uploads\/2024\/02\/IMG_20240217_121301107_HDR-270x360.jpg\" alt=\"\" width=\"270\" height=\"360\" srcset=\"https:\/\/muzeulgolesti.ro\/wp-content\/uploads\/2024\/02\/IMG_20240217_121301107_HDR-200x267.jpg 200w, https:\/\/muzeulgolesti.ro\/wp-content\/uploads\/2024\/02\/IMG_20240217_121301107_HDR-270x360.jpg 270w, https:\/\/muzeulgolesti.ro\/wp-content\/uploads\/2024\/02\/IMG_20240217_121301107_HDR-400x533.jpg 400w, https:\/\/muzeulgolesti.ro\/wp-content\/uploads\/2024\/02\/IMG_20240217_121301107_HDR-600x800.jpg 600w, https:\/\/muzeulgolesti.ro\/wp-content\/uploads\/2024\/02\/IMG_20240217_121301107_HDR-768x1024.jpg 768w, https:\/\/muzeulgolesti.ro\/wp-content\/uploads\/2024\/02\/IMG_20240217_121301107_HDR-800x1067.jpg 800w, https:\/\/muzeulgolesti.ro\/wp-content\/uploads\/2024\/02\/IMG_20240217_121301107_HDR-975x1300.jpg 975w, https:\/\/muzeulgolesti.ro\/wp-content\/uploads\/2024\/02\/IMG_20240217_121301107_HDR-1152x1536.jpg 1152w, https:\/\/muzeulgolesti.ro\/wp-content\/uploads\/2024\/02\/IMG_20240217_121301107_HDR-1200x1600.jpg 1200w, https:\/\/muzeulgolesti.ro\/wp-content\/uploads\/2024\/02\/IMG_20240217_121301107_HDR-1536x2048.jpg 1536w, https:\/\/muzeulgolesti.ro\/wp-content\/uploads\/2024\/02\/IMG_20240217_121301107_HDR-scaled.jpg 1920w\" sizes=\"(max-width: 270px) 100vw, 270px\" \/><\/p>\n<p><img decoding=\"async\" class=\"aligncenter size-medium wp-image-6187\" src=\"https:\/\/muzeulgolesti.ro\/wp-content\/uploads\/2024\/02\/IMG_20240217_120829969-270x360.jpg\" alt=\"\" width=\"270\" height=\"360\" srcset=\"https:\/\/muzeulgolesti.ro\/wp-content\/uploads\/2024\/02\/IMG_20240217_120829969-200x267.jpg 200w, https:\/\/muzeulgolesti.ro\/wp-content\/uploads\/2024\/02\/IMG_20240217_120829969-270x360.jpg 270w, https:\/\/muzeulgolesti.ro\/wp-content\/uploads\/2024\/02\/IMG_20240217_120829969-400x533.jpg 400w, https:\/\/muzeulgolesti.ro\/wp-content\/uploads\/2024\/02\/IMG_20240217_120829969-600x800.jpg 600w, https:\/\/muzeulgolesti.ro\/wp-content\/uploads\/2024\/02\/IMG_20240217_120829969-768x1024.jpg 768w, https:\/\/muzeulgolesti.ro\/wp-content\/uploads\/2024\/02\/IMG_20240217_120829969-800x1067.jpg 800w, https:\/\/muzeulgolesti.ro\/wp-content\/uploads\/2024\/02\/IMG_20240217_120829969-975x1300.jpg 975w, https:\/\/muzeulgolesti.ro\/wp-content\/uploads\/2024\/02\/IMG_20240217_120829969-1152x1536.jpg 1152w, https:\/\/muzeulgolesti.ro\/wp-content\/uploads\/2024\/02\/IMG_20240217_120829969-1200x1600.jpg 1200w, https:\/\/muzeulgolesti.ro\/wp-content\/uploads\/2024\/02\/IMG_20240217_120829969-1536x2048.jpg 1536w, https:\/\/muzeulgolesti.ro\/wp-content\/uploads\/2024\/02\/IMG_20240217_120829969-scaled.jpg 1920w\" sizes=\"(max-width: 270px) 100vw, 270px\" \/><\/p>\n<p>Un moment emo\u021bionat a fost recitalul de dans al ansamblului \u201eResteul\u201d, coordonat de profesorul Sorin Cioc. Copiii de v\u00e2rst\u0103 \u0219colar\u0103 care fac parte din acest grup folcloric sunt speran\u021ba noastr\u0103 ca tradi\u021biile vor continua, c\u0103 zestrea noastr\u0103 folcloric\u0103 are continuitate \u0219i va fi p\u0103strat\u0103 pentru viitor. To\u021bi participan\u021bii la eveniment s-au prins \u00eentr-o hor\u0103 mare, \u00een fa\u021ba conacului Gole\u0219tilor, ca o rememorare a acelor momente din secolul al XIX-lea \u00een care, tinerele boieroaice (Zoe, Felicia \u0219i Anica Racovi\u021b\u0103, nepoatele lui Dinicu \u0219i Zinca Golescu) se prindeau la joc al\u0103turi de \u021b\u0103ranii din sat.<\/p>\n<p><img decoding=\"async\" class=\"aligncenter size-medium wp-image-6196\" src=\"https:\/\/muzeulgolesti.ro\/wp-content\/uploads\/2024\/02\/IMG_20240217_131022517-360x203.jpg\" alt=\"\" width=\"360\" height=\"203\" srcset=\"https:\/\/muzeulgolesti.ro\/wp-content\/uploads\/2024\/02\/IMG_20240217_131022517-200x113.jpg 200w, https:\/\/muzeulgolesti.ro\/wp-content\/uploads\/2024\/02\/IMG_20240217_131022517-360x203.jpg 360w, https:\/\/muzeulgolesti.ro\/wp-content\/uploads\/2024\/02\/IMG_20240217_131022517-400x225.jpg 400w, https:\/\/muzeulgolesti.ro\/wp-content\/uploads\/2024\/02\/IMG_20240217_131022517-600x338.jpg 600w, https:\/\/muzeulgolesti.ro\/wp-content\/uploads\/2024\/02\/IMG_20240217_131022517-768x432.jpg 768w, https:\/\/muzeulgolesti.ro\/wp-content\/uploads\/2024\/02\/IMG_20240217_131022517-800x450.jpg 800w, https:\/\/muzeulgolesti.ro\/wp-content\/uploads\/2024\/02\/IMG_20240217_131022517-1200x675.jpg 1200w, https:\/\/muzeulgolesti.ro\/wp-content\/uploads\/2024\/02\/IMG_20240217_131022517-1300x731.jpg 1300w, https:\/\/muzeulgolesti.ro\/wp-content\/uploads\/2024\/02\/IMG_20240217_131022517-1536x864.jpg 1536w\" sizes=\"(max-width: 360px) 100vw, 360px\" \/><\/p>\n<p><img decoding=\"async\" class=\"aligncenter size-medium wp-image-6195\" src=\"https:\/\/muzeulgolesti.ro\/wp-content\/uploads\/2024\/02\/IMG_20240217_130559836-360x203.jpg\" alt=\"\" width=\"360\" height=\"203\" srcset=\"https:\/\/muzeulgolesti.ro\/wp-content\/uploads\/2024\/02\/IMG_20240217_130559836-200x113.jpg 200w, https:\/\/muzeulgolesti.ro\/wp-content\/uploads\/2024\/02\/IMG_20240217_130559836-360x203.jpg 360w, https:\/\/muzeulgolesti.ro\/wp-content\/uploads\/2024\/02\/IMG_20240217_130559836-400x225.jpg 400w, https:\/\/muzeulgolesti.ro\/wp-content\/uploads\/2024\/02\/IMG_20240217_130559836-600x338.jpg 600w, https:\/\/muzeulgolesti.ro\/wp-content\/uploads\/2024\/02\/IMG_20240217_130559836-768x432.jpg 768w, https:\/\/muzeulgolesti.ro\/wp-content\/uploads\/2024\/02\/IMG_20240217_130559836-800x450.jpg 800w, https:\/\/muzeulgolesti.ro\/wp-content\/uploads\/2024\/02\/IMG_20240217_130559836-1200x675.jpg 1200w, https:\/\/muzeulgolesti.ro\/wp-content\/uploads\/2024\/02\/IMG_20240217_130559836-1300x731.jpg 1300w, https:\/\/muzeulgolesti.ro\/wp-content\/uploads\/2024\/02\/IMG_20240217_130559836-1536x864.jpg 1536w\" sizes=\"(max-width: 360px) 100vw, 360px\" \/><\/p>\n<p><img decoding=\"async\" class=\"aligncenter size-medium wp-image-6197\" src=\"https:\/\/muzeulgolesti.ro\/wp-content\/uploads\/2024\/02\/IMG_20240217_131617159-360x203.jpg\" alt=\"\" width=\"360\" height=\"203\" srcset=\"https:\/\/muzeulgolesti.ro\/wp-content\/uploads\/2024\/02\/IMG_20240217_131617159-200x113.jpg 200w, https:\/\/muzeulgolesti.ro\/wp-content\/uploads\/2024\/02\/IMG_20240217_131617159-360x203.jpg 360w, https:\/\/muzeulgolesti.ro\/wp-content\/uploads\/2024\/02\/IMG_20240217_131617159-400x225.jpg 400w, https:\/\/muzeulgolesti.ro\/wp-content\/uploads\/2024\/02\/IMG_20240217_131617159-600x338.jpg 600w, https:\/\/muzeulgolesti.ro\/wp-content\/uploads\/2024\/02\/IMG_20240217_131617159-768x432.jpg 768w, https:\/\/muzeulgolesti.ro\/wp-content\/uploads\/2024\/02\/IMG_20240217_131617159-800x450.jpg 800w, https:\/\/muzeulgolesti.ro\/wp-content\/uploads\/2024\/02\/IMG_20240217_131617159-1200x675.jpg 1200w, https:\/\/muzeulgolesti.ro\/wp-content\/uploads\/2024\/02\/IMG_20240217_131617159-1300x731.jpg 1300w, https:\/\/muzeulgolesti.ro\/wp-content\/uploads\/2024\/02\/IMG_20240217_131617159-1536x864.jpg 1536w\" sizes=\"(max-width: 360px) 100vw, 360px\" \/><\/p>\n<p><img decoding=\"async\" class=\"aligncenter size-medium wp-image-6198\" src=\"https:\/\/muzeulgolesti.ro\/wp-content\/uploads\/2024\/02\/IMG_20240217_131740987-360x203.jpg\" alt=\"\" width=\"360\" height=\"203\" srcset=\"https:\/\/muzeulgolesti.ro\/wp-content\/uploads\/2024\/02\/IMG_20240217_131740987-200x113.jpg 200w, https:\/\/muzeulgolesti.ro\/wp-content\/uploads\/2024\/02\/IMG_20240217_131740987-360x203.jpg 360w, https:\/\/muzeulgolesti.ro\/wp-content\/uploads\/2024\/02\/IMG_20240217_131740987-400x225.jpg 400w, https:\/\/muzeulgolesti.ro\/wp-content\/uploads\/2024\/02\/IMG_20240217_131740987-600x338.jpg 600w, https:\/\/muzeulgolesti.ro\/wp-content\/uploads\/2024\/02\/IMG_20240217_131740987-768x432.jpg 768w, https:\/\/muzeulgolesti.ro\/wp-content\/uploads\/2024\/02\/IMG_20240217_131740987-800x450.jpg 800w, https:\/\/muzeulgolesti.ro\/wp-content\/uploads\/2024\/02\/IMG_20240217_131740987-1200x675.jpg 1200w, https:\/\/muzeulgolesti.ro\/wp-content\/uploads\/2024\/02\/IMG_20240217_131740987-1300x731.jpg 1300w, https:\/\/muzeulgolesti.ro\/wp-content\/uploads\/2024\/02\/IMG_20240217_131740987-1536x864.jpg 1536w\" sizes=\"(max-width: 360px) 100vw, 360px\" \/><\/p>\n<p><img decoding=\"async\" class=\"aligncenter size-medium wp-image-6193\" src=\"https:\/\/muzeulgolesti.ro\/wp-content\/uploads\/2024\/02\/IMG_20240217_121455762-270x360.jpg\" alt=\"\" width=\"270\" height=\"360\" srcset=\"https:\/\/muzeulgolesti.ro\/wp-content\/uploads\/2024\/02\/IMG_20240217_121455762-200x267.jpg 200w, https:\/\/muzeulgolesti.ro\/wp-content\/uploads\/2024\/02\/IMG_20240217_121455762-270x360.jpg 270w, https:\/\/muzeulgolesti.ro\/wp-content\/uploads\/2024\/02\/IMG_20240217_121455762-400x533.jpg 400w, https:\/\/muzeulgolesti.ro\/wp-content\/uploads\/2024\/02\/IMG_20240217_121455762-600x800.jpg 600w, https:\/\/muzeulgolesti.ro\/wp-content\/uploads\/2024\/02\/IMG_20240217_121455762-768x1024.jpg 768w, https:\/\/muzeulgolesti.ro\/wp-content\/uploads\/2024\/02\/IMG_20240217_121455762-800x1067.jpg 800w, https:\/\/muzeulgolesti.ro\/wp-content\/uploads\/2024\/02\/IMG_20240217_121455762-975x1300.jpg 975w, https:\/\/muzeulgolesti.ro\/wp-content\/uploads\/2024\/02\/IMG_20240217_121455762-1152x1536.jpg 1152w, https:\/\/muzeulgolesti.ro\/wp-content\/uploads\/2024\/02\/IMG_20240217_121455762-1200x1600.jpg 1200w, https:\/\/muzeulgolesti.ro\/wp-content\/uploads\/2024\/02\/IMG_20240217_121455762-1536x2048.jpg 1536w, https:\/\/muzeulgolesti.ro\/wp-content\/uploads\/2024\/02\/IMG_20240217_121455762-scaled.jpg 1920w\" sizes=\"(max-width: 270px) 100vw, 270px\" \/><\/p>\n<p><img decoding=\"async\" class=\"aligncenter size-medium wp-image-6201\" src=\"https:\/\/muzeulgolesti.ro\/wp-content\/uploads\/2024\/02\/IMG_20240217_144657294-360x203.jpg\" alt=\"\" width=\"360\" height=\"203\" srcset=\"https:\/\/muzeulgolesti.ro\/wp-content\/uploads\/2024\/02\/IMG_20240217_144657294-200x113.jpg 200w, https:\/\/muzeulgolesti.ro\/wp-content\/uploads\/2024\/02\/IMG_20240217_144657294-360x203.jpg 360w, https:\/\/muzeulgolesti.ro\/wp-content\/uploads\/2024\/02\/IMG_20240217_144657294-400x225.jpg 400w, https:\/\/muzeulgolesti.ro\/wp-content\/uploads\/2024\/02\/IMG_20240217_144657294-600x338.jpg 600w, https:\/\/muzeulgolesti.ro\/wp-content\/uploads\/2024\/02\/IMG_20240217_144657294-768x432.jpg 768w, https:\/\/muzeulgolesti.ro\/wp-content\/uploads\/2024\/02\/IMG_20240217_144657294-800x450.jpg 800w, https:\/\/muzeulgolesti.ro\/wp-content\/uploads\/2024\/02\/IMG_20240217_144657294-1200x675.jpg 1200w, https:\/\/muzeulgolesti.ro\/wp-content\/uploads\/2024\/02\/IMG_20240217_144657294-1300x731.jpg 1300w, https:\/\/muzeulgolesti.ro\/wp-content\/uploads\/2024\/02\/IMG_20240217_144657294-1536x864.jpg 1536w\" sizes=\"(max-width: 360px) 100vw, 360px\" \/><\/p>\n<p>Muzeul Gole\u0219ti mul\u021bume\u0219te doamnelor din \u0218ez\u0103toarea Arge\u0219-Mu\u0219cel \u0219i din celelalte \u0219ez\u0103tori din \u021bar\u0103 pentru munca dedicat\u0103 de p\u0103strare \u0219i promovare a artei cus\u0103turilor \u0219i a folclorului nostru str\u0103mo\u0219esc.<\/p>\n","protected":false},"excerpt":{"rendered":"<p>S\u00e2mb\u0103t\u0103, 17 februarie 2024, a fost mare s\u0103rb\u0103toare la Muzeul Gole\u0219ti. A fost zi de \u0219ez\u0103toare, cu voie bun\u0103, c\u00e2ntece \u0219i dansuri, cu strig\u0103turi \u0219i pove\u0219ti, \u00een organizarea minunatelor doamne  [&#8230;]<\/p>\n","protected":false},"author":5,"featured_media":6179,"comment_status":"closed","ping_status":"closed","sticky":false,"template":"","format":"standard","meta":{"footnotes":""},"categories":[54],"tags":[],"class_list":["post-6178","post","type-post","status-publish","format-standard","has-post-thumbnail","hentry","category-stiri"],"yoast_head":"<!-- This site is optimized with the Yoast SEO plugin v27.5 - https:\/\/yoast.com\/product\/yoast-seo-wordpress\/ -->\n<title>Reuniunea organizat\u0103 de \u0218ez\u0103toarea Arge\u0219-Mu\u0219cel la Muzeul Gole\u0219ti<\/title>\n<meta name=\"description\" content=\"Reuniunea organizat\u0103 de \u0218ez\u0103toarea Arge\u0219-Mu\u0219cel la Muzeul Gole\u0219ti\" \/>\n<meta name=\"robots\" content=\"index, follow, max-snippet:-1, max-image-preview:large, max-video-preview:-1\" \/>\n<link rel=\"canonical\" href=\"https:\/\/muzeulgolesti.ro\/ro\/stiri\/reuniunea-organizata-de-sezatoarea-arges-muscel-la-muzeul-golesti\/\" \/>\n<meta property=\"og:locale\" content=\"ro_RO\" \/>\n<meta property=\"og:locale:alternate\" content=\"en_UK\" \/>\n<meta property=\"og:type\" content=\"article\" \/>\n<meta property=\"og:title\" content=\"Reuniunea organizat\u0103 de \u0218ez\u0103toarea Arge\u0219-Mu\u0219cel la Muzeul Gole\u0219ti\" \/>\n<meta property=\"og:description\" content=\"Reuniunea organizat\u0103 de \u0218ez\u0103toarea Arge\u0219-Mu\u0219cel la Muzeul Gole\u0219ti\" \/>\n<meta property=\"og:url\" content=\"https:\/\/muzeulgolesti.ro\/ro\/stiri\/reuniunea-organizata-de-sezatoarea-arges-muscel-la-muzeul-golesti\/\" \/>\n<meta property=\"og:site_name\" content=\"Muzeul Viticulturii si Pomiculturii Golesti\" \/>\n<meta property=\"article:publisher\" content=\"https:\/\/web.facebook.com\/www.muzeulgolesti.ro\" \/>\n<meta property=\"article:published_time\" content=\"2024-02-20T10:47:31+00:00\" \/>\n<meta property=\"article:modified_time\" content=\"2024-02-20T11:21:37+00:00\" \/>\n<meta property=\"og:image\" content=\"https:\/\/muzeulgolesti.ro\/wp-content\/uploads\/2024\/02\/coperta-site-3.jpg\" \/>\n\t<meta property=\"og:image:width\" content=\"900\" \/>\n\t<meta property=\"og:image:height\" content=\"508\" \/>\n\t<meta property=\"og:image:type\" content=\"image\/jpeg\" \/>\n<meta name=\"author\" content=\"Camelia C\u0103lin\" \/>\n<meta name=\"twitter:card\" content=\"summary_large_image\" \/>\n<meta name=\"twitter:label1\" content=\"Scris de\" \/>\n\t<meta name=\"twitter:data1\" content=\"Camelia C\u0103lin\" \/>\n\t<meta name=\"twitter:label2\" content=\"Timp estimat pentru citire\" \/>\n\t<meta name=\"twitter:data2\" content=\"7 minute\" \/>\n<script type=\"application\/ld+json\" class=\"yoast-schema-graph\">{\"@context\":\"https:\\\/\\\/schema.org\",\"@graph\":[{\"@type\":\"Article\",\"@id\":\"https:\\\/\\\/muzeulgolesti.ro\\\/ro\\\/stiri\\\/reuniunea-organizata-de-sezatoarea-arges-muscel-la-muzeul-golesti\\\/#article\",\"isPartOf\":{\"@id\":\"https:\\\/\\\/muzeulgolesti.ro\\\/ro\\\/stiri\\\/reuniunea-organizata-de-sezatoarea-arges-muscel-la-muzeul-golesti\\\/\"},\"author\":{\"name\":\"Camelia C\u0103lin\",\"@id\":\"https:\\\/\\\/muzeulgolesti.ro\\\/ro\\\/#\\\/schema\\\/person\\\/10f7278cf5f9da102e4cf1f75f098e5c\"},\"headline\":\"Reuniunea organizat\u0103 de \u0218ez\u0103toarea Arge\u0219-Mu\u0219cel la Muzeul Gole\u0219ti\",\"datePublished\":\"2024-02-20T10:47:31+00:00\",\"dateModified\":\"2024-02-20T11:21:37+00:00\",\"mainEntityOfPage\":{\"@id\":\"https:\\\/\\\/muzeulgolesti.ro\\\/ro\\\/stiri\\\/reuniunea-organizata-de-sezatoarea-arges-muscel-la-muzeul-golesti\\\/\"},\"wordCount\":1161,\"publisher\":{\"@id\":\"https:\\\/\\\/muzeulgolesti.ro\\\/ro\\\/#organization\"},\"image\":{\"@id\":\"https:\\\/\\\/muzeulgolesti.ro\\\/ro\\\/stiri\\\/reuniunea-organizata-de-sezatoarea-arges-muscel-la-muzeul-golesti\\\/#primaryimage\"},\"thumbnailUrl\":\"https:\\\/\\\/muzeulgolesti.ro\\\/wp-content\\\/uploads\\\/2024\\\/02\\\/coperta-site-3.jpg\",\"articleSection\":[\"Stiri\"],\"inLanguage\":\"ro-RO\"},{\"@type\":\"WebPage\",\"@id\":\"https:\\\/\\\/muzeulgolesti.ro\\\/ro\\\/stiri\\\/reuniunea-organizata-de-sezatoarea-arges-muscel-la-muzeul-golesti\\\/\",\"url\":\"https:\\\/\\\/muzeulgolesti.ro\\\/ro\\\/stiri\\\/reuniunea-organizata-de-sezatoarea-arges-muscel-la-muzeul-golesti\\\/\",\"name\":\"Reuniunea organizat\u0103 de \u0218ez\u0103toarea Arge\u0219-Mu\u0219cel la Muzeul Gole\u0219ti\",\"isPartOf\":{\"@id\":\"https:\\\/\\\/muzeulgolesti.ro\\\/ro\\\/#website\"},\"primaryImageOfPage\":{\"@id\":\"https:\\\/\\\/muzeulgolesti.ro\\\/ro\\\/stiri\\\/reuniunea-organizata-de-sezatoarea-arges-muscel-la-muzeul-golesti\\\/#primaryimage\"},\"image\":{\"@id\":\"https:\\\/\\\/muzeulgolesti.ro\\\/ro\\\/stiri\\\/reuniunea-organizata-de-sezatoarea-arges-muscel-la-muzeul-golesti\\\/#primaryimage\"},\"thumbnailUrl\":\"https:\\\/\\\/muzeulgolesti.ro\\\/wp-content\\\/uploads\\\/2024\\\/02\\\/coperta-site-3.jpg\",\"datePublished\":\"2024-02-20T10:47:31+00:00\",\"dateModified\":\"2024-02-20T11:21:37+00:00\",\"description\":\"Reuniunea organizat\u0103 de \u0218ez\u0103toarea Arge\u0219-Mu\u0219cel la Muzeul Gole\u0219ti\",\"breadcrumb\":{\"@id\":\"https:\\\/\\\/muzeulgolesti.ro\\\/ro\\\/stiri\\\/reuniunea-organizata-de-sezatoarea-arges-muscel-la-muzeul-golesti\\\/#breadcrumb\"},\"inLanguage\":\"ro-RO\",\"potentialAction\":[{\"@type\":\"ReadAction\",\"target\":[\"https:\\\/\\\/muzeulgolesti.ro\\\/ro\\\/stiri\\\/reuniunea-organizata-de-sezatoarea-arges-muscel-la-muzeul-golesti\\\/\"]}]},{\"@type\":\"ImageObject\",\"inLanguage\":\"ro-RO\",\"@id\":\"https:\\\/\\\/muzeulgolesti.ro\\\/ro\\\/stiri\\\/reuniunea-organizata-de-sezatoarea-arges-muscel-la-muzeul-golesti\\\/#primaryimage\",\"url\":\"https:\\\/\\\/muzeulgolesti.ro\\\/wp-content\\\/uploads\\\/2024\\\/02\\\/coperta-site-3.jpg\",\"contentUrl\":\"https:\\\/\\\/muzeulgolesti.ro\\\/wp-content\\\/uploads\\\/2024\\\/02\\\/coperta-site-3.jpg\",\"width\":900,\"height\":508},{\"@type\":\"BreadcrumbList\",\"@id\":\"https:\\\/\\\/muzeulgolesti.ro\\\/ro\\\/stiri\\\/reuniunea-organizata-de-sezatoarea-arges-muscel-la-muzeul-golesti\\\/#breadcrumb\",\"itemListElement\":[{\"@type\":\"ListItem\",\"position\":1,\"name\":\"Prima pagin\u0103\",\"item\":\"https:\\\/\\\/muzeulgolesti.ro\\\/ro\\\/\"},{\"@type\":\"ListItem\",\"position\":2,\"name\":\"Reuniunea organizat\u0103 de \u0218ez\u0103toarea Arge\u0219-Mu\u0219cel la Muzeul Gole\u0219ti\"}]},{\"@type\":\"WebSite\",\"@id\":\"https:\\\/\\\/muzeulgolesti.ro\\\/ro\\\/#website\",\"url\":\"https:\\\/\\\/muzeulgolesti.ro\\\/ro\\\/\",\"name\":\"Muzeul Vititculturii si Pomiculturii Golesti\",\"description\":\"Cultura, Etnografie, Istorie - Muzeul Vititculturii si Pomiculturii Golesti\",\"publisher\":{\"@id\":\"https:\\\/\\\/muzeulgolesti.ro\\\/ro\\\/#organization\"},\"potentialAction\":[{\"@type\":\"SearchAction\",\"target\":{\"@type\":\"EntryPoint\",\"urlTemplate\":\"https:\\\/\\\/muzeulgolesti.ro\\\/ro\\\/?s={search_term_string}\"},\"query-input\":{\"@type\":\"PropertyValueSpecification\",\"valueRequired\":true,\"valueName\":\"search_term_string\"}}],\"inLanguage\":\"ro-RO\"},{\"@type\":\"Organization\",\"@id\":\"https:\\\/\\\/muzeulgolesti.ro\\\/ro\\\/#organization\",\"name\":\"Muzeul Vititculturii si Pomiculturii Golesti\",\"url\":\"https:\\\/\\\/muzeulgolesti.ro\\\/ro\\\/\",\"logo\":{\"@type\":\"ImageObject\",\"inLanguage\":\"ro-RO\",\"@id\":\"https:\\\/\\\/muzeulgolesti.ro\\\/ro\\\/#\\\/schema\\\/logo\\\/image\\\/\",\"url\":\"https:\\\/\\\/muzeulgolesti.ro\\\/wp-content\\\/uploads\\\/2022\\\/11\\\/SiglaMuzeu.jpg\",\"contentUrl\":\"https:\\\/\\\/muzeulgolesti.ro\\\/wp-content\\\/uploads\\\/2022\\\/11\\\/SiglaMuzeu.jpg\",\"width\":86,\"height\":50,\"caption\":\"Muzeul Vititculturii si Pomiculturii Golesti\"},\"image\":{\"@id\":\"https:\\\/\\\/muzeulgolesti.ro\\\/ro\\\/#\\\/schema\\\/logo\\\/image\\\/\"},\"sameAs\":[\"https:\\\/\\\/web.facebook.com\\\/www.muzeulgolesti.ro\"]},{\"@type\":\"Person\",\"@id\":\"https:\\\/\\\/muzeulgolesti.ro\\\/ro\\\/#\\\/schema\\\/person\\\/10f7278cf5f9da102e4cf1f75f098e5c\",\"name\":\"Camelia C\u0103lin\",\"url\":\"https:\\\/\\\/muzeulgolesti.ro\\\/ro\\\/author\\\/camelia\\\/\"}]}<\/script>\n<!-- \/ Yoast SEO plugin. -->","yoast_head_json":{"title":"Reuniunea organizat\u0103 de \u0218ez\u0103toarea Arge\u0219-Mu\u0219cel la Muzeul Gole\u0219ti","description":"[:ro]Reuniunea organizat\u0103 de \u0218ez\u0103toarea Arge\u0219-Mu\u0219cel la Muzeul Gole\u0219ti[:en]Social soiree at Gole\u0219ti Museum[:]","robots":{"index":"index","follow":"follow","max-snippet":"max-snippet:-1","max-image-preview":"max-image-preview:large","max-video-preview":"max-video-preview:-1"},"canonical":"https:\/\/muzeulgolesti.ro\/ro\/stiri\/reuniunea-organizata-de-sezatoarea-arges-muscel-la-muzeul-golesti\/","og_locale":"ro_RO","og_type":"article","og_title":"[:ro]Reuniunea organizat\u0103 de \u0218ez\u0103toarea Arge\u0219-Mu\u0219cel la Muzeul Gole\u0219ti[:en]Social soiree at Gole\u0219ti Museum[:] - Muzeul Viticulturii si Pomiculturii Golesti","og_description":"[:ro]Reuniunea organizat\u0103 de \u0218ez\u0103toarea Arge\u0219-Mu\u0219cel la Muzeul Gole\u0219ti[:en]Social soiree at Gole\u0219ti Museum[:]","og_url":"https:\/\/muzeulgolesti.ro\/ro\/stiri\/reuniunea-organizata-de-sezatoarea-arges-muscel-la-muzeul-golesti\/","og_site_name":"Muzeul Viticulturii si Pomiculturii Golesti","article_publisher":"https:\/\/web.facebook.com\/www.muzeulgolesti.ro","article_published_time":"2024-02-20T10:47:31+00:00","article_modified_time":"2024-02-20T11:21:37+00:00","og_image":[{"width":900,"height":508,"url":"https:\/\/muzeulgolesti.ro\/wp-content\/uploads\/2024\/02\/coperta-site-3.jpg","type":"image\/jpeg"}],"author":"Camelia C\u0103lin","twitter_card":"summary_large_image","twitter_misc":{"Scris de":"Camelia C\u0103lin","Timp estimat pentru citire":"7 minute"},"schema":{"@context":"https:\/\/schema.org","@graph":[{"@type":"Article","@id":"https:\/\/muzeulgolesti.ro\/ro\/stiri\/reuniunea-organizata-de-sezatoarea-arges-muscel-la-muzeul-golesti\/#article","isPartOf":{"@id":"https:\/\/muzeulgolesti.ro\/ro\/stiri\/reuniunea-organizata-de-sezatoarea-arges-muscel-la-muzeul-golesti\/"},"author":{"name":"Camelia C\u0103lin","@id":"https:\/\/muzeulgolesti.ro\/ro\/#\/schema\/person\/10f7278cf5f9da102e4cf1f75f098e5c"},"headline":"Reuniunea organizat\u0103 de \u0218ez\u0103toarea Arge\u0219-Mu\u0219cel la Muzeul Gole\u0219ti","datePublished":"2024-02-20T10:47:31+00:00","dateModified":"2024-02-20T11:21:37+00:00","mainEntityOfPage":{"@id":"https:\/\/muzeulgolesti.ro\/ro\/stiri\/reuniunea-organizata-de-sezatoarea-arges-muscel-la-muzeul-golesti\/"},"wordCount":1161,"publisher":{"@id":"https:\/\/muzeulgolesti.ro\/ro\/#organization"},"image":{"@id":"https:\/\/muzeulgolesti.ro\/ro\/stiri\/reuniunea-organizata-de-sezatoarea-arges-muscel-la-muzeul-golesti\/#primaryimage"},"thumbnailUrl":"https:\/\/muzeulgolesti.ro\/wp-content\/uploads\/2024\/02\/coperta-site-3.jpg","articleSection":["Stiri"],"inLanguage":"ro-RO"},{"@type":"WebPage","@id":"https:\/\/muzeulgolesti.ro\/ro\/stiri\/reuniunea-organizata-de-sezatoarea-arges-muscel-la-muzeul-golesti\/","url":"https:\/\/muzeulgolesti.ro\/ro\/stiri\/reuniunea-organizata-de-sezatoarea-arges-muscel-la-muzeul-golesti\/","name":"Reuniunea organizat\u0103 de \u0218ez\u0103toarea Arge\u0219-Mu\u0219cel la Muzeul Gole\u0219ti","isPartOf":{"@id":"https:\/\/muzeulgolesti.ro\/ro\/#website"},"primaryImageOfPage":{"@id":"https:\/\/muzeulgolesti.ro\/ro\/stiri\/reuniunea-organizata-de-sezatoarea-arges-muscel-la-muzeul-golesti\/#primaryimage"},"image":{"@id":"https:\/\/muzeulgolesti.ro\/ro\/stiri\/reuniunea-organizata-de-sezatoarea-arges-muscel-la-muzeul-golesti\/#primaryimage"},"thumbnailUrl":"https:\/\/muzeulgolesti.ro\/wp-content\/uploads\/2024\/02\/coperta-site-3.jpg","datePublished":"2024-02-20T10:47:31+00:00","dateModified":"2024-02-20T11:21:37+00:00","description":"Reuniunea organizat\u0103 de \u0218ez\u0103toarea Arge\u0219-Mu\u0219cel la Muzeul Gole\u0219ti","breadcrumb":{"@id":"https:\/\/muzeulgolesti.ro\/ro\/stiri\/reuniunea-organizata-de-sezatoarea-arges-muscel-la-muzeul-golesti\/#breadcrumb"},"inLanguage":"ro-RO","potentialAction":[{"@type":"ReadAction","target":["https:\/\/muzeulgolesti.ro\/ro\/stiri\/reuniunea-organizata-de-sezatoarea-arges-muscel-la-muzeul-golesti\/"]}]},{"@type":"ImageObject","inLanguage":"ro-RO","@id":"https:\/\/muzeulgolesti.ro\/ro\/stiri\/reuniunea-organizata-de-sezatoarea-arges-muscel-la-muzeul-golesti\/#primaryimage","url":"https:\/\/muzeulgolesti.ro\/wp-content\/uploads\/2024\/02\/coperta-site-3.jpg","contentUrl":"https:\/\/muzeulgolesti.ro\/wp-content\/uploads\/2024\/02\/coperta-site-3.jpg","width":900,"height":508},{"@type":"BreadcrumbList","@id":"https:\/\/muzeulgolesti.ro\/ro\/stiri\/reuniunea-organizata-de-sezatoarea-arges-muscel-la-muzeul-golesti\/#breadcrumb","itemListElement":[{"@type":"ListItem","position":1,"name":"Prima pagin\u0103","item":"https:\/\/muzeulgolesti.ro\/ro\/"},{"@type":"ListItem","position":2,"name":"Reuniunea organizat\u0103 de \u0218ez\u0103toarea Arge\u0219-Mu\u0219cel la Muzeul Gole\u0219ti"}]},{"@type":"WebSite","@id":"https:\/\/muzeulgolesti.ro\/ro\/#website","url":"https:\/\/muzeulgolesti.ro\/ro\/","name":"Muzeul Vititculturii si Pomiculturii Golesti","description":"Cultura, Etnografie, Istorie - Muzeul Vititculturii si Pomiculturii Golesti","publisher":{"@id":"https:\/\/muzeulgolesti.ro\/ro\/#organization"},"potentialAction":[{"@type":"SearchAction","target":{"@type":"EntryPoint","urlTemplate":"https:\/\/muzeulgolesti.ro\/ro\/?s={search_term_string}"},"query-input":{"@type":"PropertyValueSpecification","valueRequired":true,"valueName":"search_term_string"}}],"inLanguage":"ro-RO"},{"@type":"Organization","@id":"https:\/\/muzeulgolesti.ro\/ro\/#organization","name":"Muzeul Vititculturii si Pomiculturii Golesti","url":"https:\/\/muzeulgolesti.ro\/ro\/","logo":{"@type":"ImageObject","inLanguage":"ro-RO","@id":"https:\/\/muzeulgolesti.ro\/ro\/#\/schema\/logo\/image\/","url":"https:\/\/muzeulgolesti.ro\/wp-content\/uploads\/2022\/11\/SiglaMuzeu.jpg","contentUrl":"https:\/\/muzeulgolesti.ro\/wp-content\/uploads\/2022\/11\/SiglaMuzeu.jpg","width":86,"height":50,"caption":"Muzeul Vititculturii si Pomiculturii Golesti"},"image":{"@id":"https:\/\/muzeulgolesti.ro\/ro\/#\/schema\/logo\/image\/"},"sameAs":["https:\/\/web.facebook.com\/www.muzeulgolesti.ro"]},{"@type":"Person","@id":"https:\/\/muzeulgolesti.ro\/ro\/#\/schema\/person\/10f7278cf5f9da102e4cf1f75f098e5c","name":"Camelia C\u0103lin","url":"https:\/\/muzeulgolesti.ro\/ro\/author\/camelia\/"}]}},"_links":{"self":[{"href":"https:\/\/muzeulgolesti.ro\/ro\/wp-json\/wp\/v2\/posts\/6178","targetHints":{"allow":["GET"]}}],"collection":[{"href":"https:\/\/muzeulgolesti.ro\/ro\/wp-json\/wp\/v2\/posts"}],"about":[{"href":"https:\/\/muzeulgolesti.ro\/ro\/wp-json\/wp\/v2\/types\/post"}],"author":[{"embeddable":true,"href":"https:\/\/muzeulgolesti.ro\/ro\/wp-json\/wp\/v2\/users\/5"}],"replies":[{"embeddable":true,"href":"https:\/\/muzeulgolesti.ro\/ro\/wp-json\/wp\/v2\/comments?post=6178"}],"version-history":[{"count":4,"href":"https:\/\/muzeulgolesti.ro\/ro\/wp-json\/wp\/v2\/posts\/6178\/revisions"}],"predecessor-version":[{"id":6207,"href":"https:\/\/muzeulgolesti.ro\/ro\/wp-json\/wp\/v2\/posts\/6178\/revisions\/6207"}],"wp:featuredmedia":[{"embeddable":true,"href":"https:\/\/muzeulgolesti.ro\/ro\/wp-json\/wp\/v2\/media\/6179"}],"wp:attachment":[{"href":"https:\/\/muzeulgolesti.ro\/ro\/wp-json\/wp\/v2\/media?parent=6178"}],"wp:term":[{"taxonomy":"category","embeddable":true,"href":"https:\/\/muzeulgolesti.ro\/ro\/wp-json\/wp\/v2\/categories?post=6178"},{"taxonomy":"post_tag","embeddable":true,"href":"https:\/\/muzeulgolesti.ro\/ro\/wp-json\/wp\/v2\/tags?post=6178"}],"curies":[{"name":"wp","href":"https:\/\/api.w.org\/{rel}","templated":true}]}}