{"id":6948,"date":"2025-01-23T13:47:10","date_gmt":"2025-01-23T13:47:10","guid":{"rendered":"https:\/\/muzeulgolesti.ro\/ro\/?p=6948"},"modified":"2025-01-23T16:33:19","modified_gmt":"2025-01-23T16:33:19","slug":"activitati-dedicate-zilei-unirii-principatelor-romane-la-muzeul-golesti","status":"publish","type":"post","link":"https:\/\/muzeulgolesti.ro\/ro\/stiri\/activitati-dedicate-zilei-unirii-principatelor-romane-la-muzeul-golesti\/","title":{"rendered":"Activit\u0103\u021bi dedicate Zilei Unirii Principatelor Rom\u00e2ne la Muzeul Gole\u0219ti"},"content":{"rendered":"<p>Cu ocazia anivers\u0103rii a 166 de ani de la Unirea Principatelor Rom\u00e2ne sub sceptrul lui Alexandru Ioan Cuza, ast\u0103zi, 23 ianuarie 2025, la Muzeul Gole\u0219ti a avut loc o ampl\u0103 activitate care a cuprins un simpozion istoric, momente artistice \u0219i tradi\u021bionala Hor\u0103 a Unirii, \u00een care participan\u021bii la eveniment au dat \u201em\u00e2n\u0103 cu m\u00e2n\u0103\u201d- a\u0219a cum spune c\u00e2ntecul unirii! Din partea muzeului, prezent\u0103rile au fost sus\u021binute de doamnele Cristina Bo\u021boghin\u0103 \u0219i Mariana Paula Limb\u0103lat\u0103.<\/p>\n<p>Au paricipat invita\u021bi de suflet ai muzeului nostru: elevi \u0219i cadre militare de la \u0218coala Militar\u0103 de Mai\u0219tri Militari \u0219i Subofi\u021beri a For\u021belor Terestre \u201eBasarab I\u201d, elevii din H\u00e2rse\u0219ti care fac parte din sec\u021bia extern\u0103 a \u0218colii Populare de Arte \u0219i Meserii, Asocia\u021bia Jude\u021bean\u0103 Arge\u0219 Basarab I a Cadrelor Militare \u00een Rezerv\u0103 \u0219i \u00een Retragere, Corul Veteranilor \u201eMihai Viteazul\u201d din Pite\u0219ti \u0219i Inspectoratul de Jandarmi Jude\u021bean Arge\u0219,<\/p>\n<p style=\"text-align: center;\"><img decoding=\"async\" class=\"aligncenter size-medium wp-image-6949\" src=\"https:\/\/muzeulgolesti.ro\/wp-content\/uploads\/2025\/01\/IMG_20250123_125502889-360x203.jpg\" alt=\"\" width=\"360\" height=\"203\" srcset=\"https:\/\/muzeulgolesti.ro\/wp-content\/uploads\/2025\/01\/IMG_20250123_125502889-200x113.jpg 200w, https:\/\/muzeulgolesti.ro\/wp-content\/uploads\/2025\/01\/IMG_20250123_125502889-360x203.jpg 360w, https:\/\/muzeulgolesti.ro\/wp-content\/uploads\/2025\/01\/IMG_20250123_125502889-400x225.jpg 400w, https:\/\/muzeulgolesti.ro\/wp-content\/uploads\/2025\/01\/IMG_20250123_125502889-600x338.jpg 600w, https:\/\/muzeulgolesti.ro\/wp-content\/uploads\/2025\/01\/IMG_20250123_125502889-768x432.jpg 768w, https:\/\/muzeulgolesti.ro\/wp-content\/uploads\/2025\/01\/IMG_20250123_125502889-800x450.jpg 800w, https:\/\/muzeulgolesti.ro\/wp-content\/uploads\/2025\/01\/IMG_20250123_125502889-1200x675.jpg 1200w, https:\/\/muzeulgolesti.ro\/wp-content\/uploads\/2025\/01\/IMG_20250123_125502889-1300x732.jpg 1300w, https:\/\/muzeulgolesti.ro\/wp-content\/uploads\/2025\/01\/IMG_20250123_125502889-1536x864.jpg 1536w\" sizes=\"(max-width: 360px) 100vw, 360px\" \/><\/p>\n<p>Unirea din 1859 a fost un moment deosebit de important \u00een istoria Rom\u00e2niei, reprezent\u00e2nd \u00eenceputul procesului de formare a unui stat rom\u00e2n unitar. Aceast\u0103 unire a avut loc \u00eentre dou\u0103 principate \u2013 \u021aara Rom\u00e2neasc\u0103 \u0219i Moldova \u2013 sub domnia aceluia\u0219i suveran, Alexandru Ioan Cuza, \u0219i a fost un pas esen\u021bial spre consolidarea identit\u0103\u021bii na\u021bionale \u0219i promovarea moderniz\u0103rii statului rom\u00e2n. Unirea a fost sus\u021binut\u0103 de o serie de factori interni \u0219i externi, iar implicarea unor personalit\u0103\u021bi importante a fost decisiv\u0103 pentru succesul acestui proiect.<\/p>\n<p><img decoding=\"async\" class=\"aligncenter size-medium wp-image-6950\" src=\"https:\/\/muzeulgolesti.ro\/wp-content\/uploads\/2025\/01\/IMG_20250123_115313642_HDR-360x203.jpg\" alt=\"\" width=\"360\" height=\"203\" srcset=\"https:\/\/muzeulgolesti.ro\/wp-content\/uploads\/2025\/01\/IMG_20250123_115313642_HDR-200x113.jpg 200w, https:\/\/muzeulgolesti.ro\/wp-content\/uploads\/2025\/01\/IMG_20250123_115313642_HDR-360x203.jpg 360w, https:\/\/muzeulgolesti.ro\/wp-content\/uploads\/2025\/01\/IMG_20250123_115313642_HDR-400x225.jpg 400w, https:\/\/muzeulgolesti.ro\/wp-content\/uploads\/2025\/01\/IMG_20250123_115313642_HDR-600x338.jpg 600w, https:\/\/muzeulgolesti.ro\/wp-content\/uploads\/2025\/01\/IMG_20250123_115313642_HDR-768x432.jpg 768w, https:\/\/muzeulgolesti.ro\/wp-content\/uploads\/2025\/01\/IMG_20250123_115313642_HDR-800x450.jpg 800w, https:\/\/muzeulgolesti.ro\/wp-content\/uploads\/2025\/01\/IMG_20250123_115313642_HDR-1200x675.jpg 1200w, https:\/\/muzeulgolesti.ro\/wp-content\/uploads\/2025\/01\/IMG_20250123_115313642_HDR-1300x731.jpg 1300w, https:\/\/muzeulgolesti.ro\/wp-content\/uploads\/2025\/01\/IMG_20250123_115313642_HDR-1536x864.jpg 1536w\" sizes=\"(max-width: 360px) 100vw, 360px\" \/><\/p>\n<p>Unirea din 1859 a fost realizat\u0103 \u00eentr-un context geopolitic complex, marcat de interven\u021biile marilor puteri europene. Totu\u0219i, dorin\u021ba de unificare a celor dou\u0103 principate, \u021aara Rom\u00e2neasc\u0103 \u0219i Moldova, s-a consolidat \u0219i \u00een r\u00e2ndul popula\u021biei, datorit\u0103 similitudinilor culturale, lingvistice \u0219i istorice. Prin aceast\u0103 unire, s-a pus temelia unui stat rom\u00e2n puternic \u0219i modern, care s\u0103 poat\u0103 face fa\u021b\u0103 provoc\u0103rilor interne \u0219i externe ale vremii. Unirea celor dou\u0103 principate sub Alexandru Ioan Cuza a fost un act de mare semnifica\u021bie na\u021bional\u0103 \u0219i a fost sprijinit\u0103 de to\u021bi cei care visau la crearea unei Rom\u00e2nii unite \u0219i independente, a\u0219a cum a fost \u0219i remarcabila familie a boierilor Golescu.<\/p>\n<p><img decoding=\"async\" class=\"aligncenter size-medium wp-image-6951\" src=\"https:\/\/muzeulgolesti.ro\/wp-content\/uploads\/2025\/01\/IMG_20250123_123240390-203x360.jpg\" alt=\"\" width=\"203\" height=\"360\" srcset=\"https:\/\/muzeulgolesti.ro\/wp-content\/uploads\/2025\/01\/IMG_20250123_123240390-200x356.jpg 200w, https:\/\/muzeulgolesti.ro\/wp-content\/uploads\/2025\/01\/IMG_20250123_123240390-203x360.jpg 203w, https:\/\/muzeulgolesti.ro\/wp-content\/uploads\/2025\/01\/IMG_20250123_123240390-400x711.jpg 400w, https:\/\/muzeulgolesti.ro\/wp-content\/uploads\/2025\/01\/IMG_20250123_123240390-600x1067.jpg 600w, https:\/\/muzeulgolesti.ro\/wp-content\/uploads\/2025\/01\/IMG_20250123_123240390-731x1300.jpg 731w, https:\/\/muzeulgolesti.ro\/wp-content\/uploads\/2025\/01\/IMG_20250123_123240390-768x1365.jpg 768w, https:\/\/muzeulgolesti.ro\/wp-content\/uploads\/2025\/01\/IMG_20250123_123240390-800x1422.jpg 800w, https:\/\/muzeulgolesti.ro\/wp-content\/uploads\/2025\/01\/IMG_20250123_123240390-864x1536.jpg 864w, https:\/\/muzeulgolesti.ro\/wp-content\/uploads\/2025\/01\/IMG_20250123_123240390-1152x2048.jpg 1152w, https:\/\/muzeulgolesti.ro\/wp-content\/uploads\/2025\/01\/IMG_20250123_123240390-1200x2133.jpg 1200w, https:\/\/muzeulgolesti.ro\/wp-content\/uploads\/2025\/01\/IMG_20250123_123240390-scaled.jpg 1440w\" sizes=\"(max-width: 203px) 100vw, 203px\" \/><\/p>\n<p>\u0218tefan \u0219i Nicolae Golescu au avut o contribu\u021bie esen\u021bial\u0103 \u00een acest proces. Ambii fra\u021bi au fost implica\u021bi activ \u00een via\u021ba politic\u0103 \u0219i social\u0103 a vremii, fiind sus\u021bin\u0103tori ai ideii de unificare a celor dou\u0103 principate. Fra\u021bii Golescu s-au implicat \u00een organizarea mi\u0219c\u0103rilor care au preg\u0103tit terenul pentru aceast\u0103 unire, fiind, prin activit\u0103\u021bile lor politice \u0219i prin implicarea \u00een promovarea ideii de unire, adev\u0103ra\u021bi piloni ai mi\u0219c\u0103rii na\u021bionale rom\u00e2ne\u0219ti.<\/p>\n<p><img decoding=\"async\" class=\"aligncenter size-medium wp-image-6952\" src=\"https:\/\/muzeulgolesti.ro\/wp-content\/uploads\/2025\/01\/IMG_20250123_124920424-203x360.jpg\" alt=\"\" width=\"203\" height=\"360\" srcset=\"https:\/\/muzeulgolesti.ro\/wp-content\/uploads\/2025\/01\/IMG_20250123_124920424-200x356.jpg 200w, https:\/\/muzeulgolesti.ro\/wp-content\/uploads\/2025\/01\/IMG_20250123_124920424-203x360.jpg 203w, https:\/\/muzeulgolesti.ro\/wp-content\/uploads\/2025\/01\/IMG_20250123_124920424-400x711.jpg 400w, https:\/\/muzeulgolesti.ro\/wp-content\/uploads\/2025\/01\/IMG_20250123_124920424-600x1067.jpg 600w, https:\/\/muzeulgolesti.ro\/wp-content\/uploads\/2025\/01\/IMG_20250123_124920424-731x1300.jpg 731w, https:\/\/muzeulgolesti.ro\/wp-content\/uploads\/2025\/01\/IMG_20250123_124920424-768x1365.jpg 768w, https:\/\/muzeulgolesti.ro\/wp-content\/uploads\/2025\/01\/IMG_20250123_124920424-800x1422.jpg 800w, https:\/\/muzeulgolesti.ro\/wp-content\/uploads\/2025\/01\/IMG_20250123_124920424-864x1536.jpg 864w, https:\/\/muzeulgolesti.ro\/wp-content\/uploads\/2025\/01\/IMG_20250123_124920424-1152x2048.jpg 1152w, https:\/\/muzeulgolesti.ro\/wp-content\/uploads\/2025\/01\/IMG_20250123_124920424-1200x2133.jpg 1200w, https:\/\/muzeulgolesti.ro\/wp-content\/uploads\/2025\/01\/IMG_20250123_124920424-scaled.jpg 1440w\" sizes=\"(max-width: 203px) 100vw, 203px\" \/><\/p>\n","protected":false},"excerpt":{"rendered":"<p>Cu ocazia anivers\u0103rii a 166 de ani de la Unirea Principatelor Rom\u00e2ne sub sceptrul lui Alexandru Ioan Cuza, ast\u0103zi, 23 ianuarie 2025, la Muzeul Gole\u0219ti a avut loc o ampl\u0103  [&#8230;]<\/p>\n","protected":false},"author":5,"featured_media":6953,"comment_status":"closed","ping_status":"closed","sticky":false,"template":"","format":"standard","meta":{"footnotes":""},"categories":[54],"tags":[],"class_list":["post-6948","post","type-post","status-publish","format-standard","has-post-thumbnail","hentry","category-stiri"],"yoast_head":"<!-- This site is optimized with the Yoast SEO plugin v27.5 - https:\/\/yoast.com\/product\/yoast-seo-wordpress\/ -->\n<title>Activit\u0103\u021bi dedicate Zilei Unirii Principatelor Rom\u00e2ne la Muzeul Gole\u0219ti<\/title>\n<meta name=\"description\" content=\"Activit\u0103\u021bi dedicate Zilei Unirii Principatelor Rom\u00e2ne la Muzeul Gole\u0219ti\" \/>\n<meta name=\"robots\" content=\"index, follow, max-snippet:-1, max-image-preview:large, max-video-preview:-1\" \/>\n<link rel=\"canonical\" href=\"https:\/\/muzeulgolesti.ro\/ro\/stiri\/activitati-dedicate-zilei-unirii-principatelor-romane-la-muzeul-golesti\/\" \/>\n<meta property=\"og:locale\" content=\"ro_RO\" \/>\n<meta property=\"og:locale:alternate\" content=\"en_UK\" \/>\n<meta property=\"og:type\" content=\"article\" \/>\n<meta property=\"og:title\" content=\"Activit\u0103\u021bi dedicate Zilei Unirii Principatelor Rom\u00e2ne la Muzeul Gole\u0219ti\" \/>\n<meta property=\"og:description\" content=\"Activit\u0103\u021bi dedicate Zilei Unirii Principatelor Rom\u00e2ne la Muzeul Gole\u0219ti\" \/>\n<meta property=\"og:url\" content=\"https:\/\/muzeulgolesti.ro\/ro\/stiri\/activitati-dedicate-zilei-unirii-principatelor-romane-la-muzeul-golesti\/\" \/>\n<meta property=\"og:site_name\" content=\"Muzeul Viticulturii si Pomiculturii Golesti\" \/>\n<meta property=\"article:publisher\" content=\"https:\/\/web.facebook.com\/www.muzeulgolesti.ro\" \/>\n<meta property=\"article:published_time\" content=\"2025-01-23T13:47:10+00:00\" \/>\n<meta property=\"article:modified_time\" content=\"2025-01-23T16:33:19+00:00\" \/>\n<meta property=\"og:image\" content=\"https:\/\/muzeulgolesti.ro\/wp-content\/uploads\/2025\/01\/coperta-2.jpg\" \/>\n\t<meta property=\"og:image:width\" content=\"900\" \/>\n\t<meta property=\"og:image:height\" content=\"508\" \/>\n\t<meta property=\"og:image:type\" content=\"image\/jpeg\" \/>\n<meta name=\"author\" content=\"Camelia C\u0103lin\" \/>\n<meta name=\"twitter:card\" content=\"summary_large_image\" \/>\n<meta name=\"twitter:label1\" content=\"Scris de\" \/>\n\t<meta name=\"twitter:data1\" content=\"Camelia C\u0103lin\" \/>\n\t<meta name=\"twitter:label2\" content=\"Timp estimat pentru citire\" \/>\n\t<meta name=\"twitter:data2\" content=\"3 minute\" \/>\n<script type=\"application\/ld+json\" class=\"yoast-schema-graph\">{\"@context\":\"https:\\\/\\\/schema.org\",\"@graph\":[{\"@type\":\"Article\",\"@id\":\"https:\\\/\\\/muzeulgolesti.ro\\\/ro\\\/stiri\\\/activitati-dedicate-zilei-unirii-principatelor-romane-la-muzeul-golesti\\\/#article\",\"isPartOf\":{\"@id\":\"https:\\\/\\\/muzeulgolesti.ro\\\/ro\\\/stiri\\\/activitati-dedicate-zilei-unirii-principatelor-romane-la-muzeul-golesti\\\/\"},\"author\":{\"name\":\"Camelia C\u0103lin\",\"@id\":\"https:\\\/\\\/muzeulgolesti.ro\\\/ro\\\/#\\\/schema\\\/person\\\/10f7278cf5f9da102e4cf1f75f098e5c\"},\"headline\":\"Activit\u0103\u021bi dedicate Zilei Unirii Principatelor Rom\u00e2ne la Muzeul Gole\u0219ti\",\"datePublished\":\"2025-01-23T13:47:10+00:00\",\"dateModified\":\"2025-01-23T16:33:19+00:00\",\"mainEntityOfPage\":{\"@id\":\"https:\\\/\\\/muzeulgolesti.ro\\\/ro\\\/stiri\\\/activitati-dedicate-zilei-unirii-principatelor-romane-la-muzeul-golesti\\\/\"},\"wordCount\":871,\"publisher\":{\"@id\":\"https:\\\/\\\/muzeulgolesti.ro\\\/ro\\\/#organization\"},\"image\":{\"@id\":\"https:\\\/\\\/muzeulgolesti.ro\\\/ro\\\/stiri\\\/activitati-dedicate-zilei-unirii-principatelor-romane-la-muzeul-golesti\\\/#primaryimage\"},\"thumbnailUrl\":\"https:\\\/\\\/muzeulgolesti.ro\\\/wp-content\\\/uploads\\\/2025\\\/01\\\/coperta-2.jpg\",\"articleSection\":[\"Stiri\"],\"inLanguage\":\"ro-RO\"},{\"@type\":\"WebPage\",\"@id\":\"https:\\\/\\\/muzeulgolesti.ro\\\/ro\\\/stiri\\\/activitati-dedicate-zilei-unirii-principatelor-romane-la-muzeul-golesti\\\/\",\"url\":\"https:\\\/\\\/muzeulgolesti.ro\\\/ro\\\/stiri\\\/activitati-dedicate-zilei-unirii-principatelor-romane-la-muzeul-golesti\\\/\",\"name\":\"Activit\u0103\u021bi dedicate Zilei Unirii Principatelor Rom\u00e2ne la Muzeul Gole\u0219ti\",\"isPartOf\":{\"@id\":\"https:\\\/\\\/muzeulgolesti.ro\\\/ro\\\/#website\"},\"primaryImageOfPage\":{\"@id\":\"https:\\\/\\\/muzeulgolesti.ro\\\/ro\\\/stiri\\\/activitati-dedicate-zilei-unirii-principatelor-romane-la-muzeul-golesti\\\/#primaryimage\"},\"image\":{\"@id\":\"https:\\\/\\\/muzeulgolesti.ro\\\/ro\\\/stiri\\\/activitati-dedicate-zilei-unirii-principatelor-romane-la-muzeul-golesti\\\/#primaryimage\"},\"thumbnailUrl\":\"https:\\\/\\\/muzeulgolesti.ro\\\/wp-content\\\/uploads\\\/2025\\\/01\\\/coperta-2.jpg\",\"datePublished\":\"2025-01-23T13:47:10+00:00\",\"dateModified\":\"2025-01-23T16:33:19+00:00\",\"description\":\"Activit\u0103\u021bi dedicate Zilei Unirii Principatelor Rom\u00e2ne la Muzeul Gole\u0219ti\",\"breadcrumb\":{\"@id\":\"https:\\\/\\\/muzeulgolesti.ro\\\/ro\\\/stiri\\\/activitati-dedicate-zilei-unirii-principatelor-romane-la-muzeul-golesti\\\/#breadcrumb\"},\"inLanguage\":\"ro-RO\",\"potentialAction\":[{\"@type\":\"ReadAction\",\"target\":[\"https:\\\/\\\/muzeulgolesti.ro\\\/ro\\\/stiri\\\/activitati-dedicate-zilei-unirii-principatelor-romane-la-muzeul-golesti\\\/\"]}]},{\"@type\":\"ImageObject\",\"inLanguage\":\"ro-RO\",\"@id\":\"https:\\\/\\\/muzeulgolesti.ro\\\/ro\\\/stiri\\\/activitati-dedicate-zilei-unirii-principatelor-romane-la-muzeul-golesti\\\/#primaryimage\",\"url\":\"https:\\\/\\\/muzeulgolesti.ro\\\/wp-content\\\/uploads\\\/2025\\\/01\\\/coperta-2.jpg\",\"contentUrl\":\"https:\\\/\\\/muzeulgolesti.ro\\\/wp-content\\\/uploads\\\/2025\\\/01\\\/coperta-2.jpg\",\"width\":900,\"height\":508},{\"@type\":\"BreadcrumbList\",\"@id\":\"https:\\\/\\\/muzeulgolesti.ro\\\/ro\\\/stiri\\\/activitati-dedicate-zilei-unirii-principatelor-romane-la-muzeul-golesti\\\/#breadcrumb\",\"itemListElement\":[{\"@type\":\"ListItem\",\"position\":1,\"name\":\"Prima pagin\u0103\",\"item\":\"https:\\\/\\\/muzeulgolesti.ro\\\/ro\\\/\"},{\"@type\":\"ListItem\",\"position\":2,\"name\":\"Activit\u0103\u021bi dedicate Zilei Unirii Principatelor Rom\u00e2ne la Muzeul Gole\u0219ti\"}]},{\"@type\":\"WebSite\",\"@id\":\"https:\\\/\\\/muzeulgolesti.ro\\\/ro\\\/#website\",\"url\":\"https:\\\/\\\/muzeulgolesti.ro\\\/ro\\\/\",\"name\":\"Muzeul Vititculturii si Pomiculturii Golesti\",\"description\":\"Cultura, Etnografie, Istorie - Muzeul Vititculturii si Pomiculturii Golesti\",\"publisher\":{\"@id\":\"https:\\\/\\\/muzeulgolesti.ro\\\/ro\\\/#organization\"},\"potentialAction\":[{\"@type\":\"SearchAction\",\"target\":{\"@type\":\"EntryPoint\",\"urlTemplate\":\"https:\\\/\\\/muzeulgolesti.ro\\\/ro\\\/?s={search_term_string}\"},\"query-input\":{\"@type\":\"PropertyValueSpecification\",\"valueRequired\":true,\"valueName\":\"search_term_string\"}}],\"inLanguage\":\"ro-RO\"},{\"@type\":\"Organization\",\"@id\":\"https:\\\/\\\/muzeulgolesti.ro\\\/ro\\\/#organization\",\"name\":\"Muzeul Vititculturii si Pomiculturii Golesti\",\"url\":\"https:\\\/\\\/muzeulgolesti.ro\\\/ro\\\/\",\"logo\":{\"@type\":\"ImageObject\",\"inLanguage\":\"ro-RO\",\"@id\":\"https:\\\/\\\/muzeulgolesti.ro\\\/ro\\\/#\\\/schema\\\/logo\\\/image\\\/\",\"url\":\"https:\\\/\\\/muzeulgolesti.ro\\\/wp-content\\\/uploads\\\/2022\\\/11\\\/SiglaMuzeu.jpg\",\"contentUrl\":\"https:\\\/\\\/muzeulgolesti.ro\\\/wp-content\\\/uploads\\\/2022\\\/11\\\/SiglaMuzeu.jpg\",\"width\":86,\"height\":50,\"caption\":\"Muzeul Vititculturii si Pomiculturii Golesti\"},\"image\":{\"@id\":\"https:\\\/\\\/muzeulgolesti.ro\\\/ro\\\/#\\\/schema\\\/logo\\\/image\\\/\"},\"sameAs\":[\"https:\\\/\\\/web.facebook.com\\\/www.muzeulgolesti.ro\"]},{\"@type\":\"Person\",\"@id\":\"https:\\\/\\\/muzeulgolesti.ro\\\/ro\\\/#\\\/schema\\\/person\\\/10f7278cf5f9da102e4cf1f75f098e5c\",\"name\":\"Camelia C\u0103lin\",\"url\":\"https:\\\/\\\/muzeulgolesti.ro\\\/ro\\\/author\\\/camelia\\\/\"}]}<\/script>\n<!-- \/ Yoast SEO plugin. -->","yoast_head_json":{"title":"Activit\u0103\u021bi dedicate Zilei Unirii Principatelor Rom\u00e2ne la Muzeul Gole\u0219ti","description":"[:ro]Activit\u0103\u021bi dedicate Zilei Unirii Principatelor Rom\u00e2ne la Muzeul Gole\u0219ti[:en]Activities dedicated to the Day of the Union of the Romanian Principalities at the Gole\u0219ti Museum[:]","robots":{"index":"index","follow":"follow","max-snippet":"max-snippet:-1","max-image-preview":"max-image-preview:large","max-video-preview":"max-video-preview:-1"},"canonical":"https:\/\/muzeulgolesti.ro\/ro\/stiri\/activitati-dedicate-zilei-unirii-principatelor-romane-la-muzeul-golesti\/","og_locale":"ro_RO","og_type":"article","og_title":"[:ro]Activit\u0103\u021bi dedicate Zilei Unirii Principatelor Rom\u00e2ne la Muzeul Gole\u0219ti[:en]Activities dedicated to the Day of the Union of the Romanian Principalities at the Gole\u0219ti Museum[:] - Muzeul Viticulturii si Pomiculturii Golesti","og_description":"[:ro]Activit\u0103\u021bi dedicate Zilei Unirii Principatelor Rom\u00e2ne la Muzeul Gole\u0219ti[:en]Activities dedicated to the Day of the Union of the Romanian Principalities at the Gole\u0219ti Museum[:]","og_url":"https:\/\/muzeulgolesti.ro\/ro\/stiri\/activitati-dedicate-zilei-unirii-principatelor-romane-la-muzeul-golesti\/","og_site_name":"Muzeul Viticulturii si Pomiculturii Golesti","article_publisher":"https:\/\/web.facebook.com\/www.muzeulgolesti.ro","article_published_time":"2025-01-23T13:47:10+00:00","article_modified_time":"2025-01-23T16:33:19+00:00","og_image":[{"width":900,"height":508,"url":"https:\/\/muzeulgolesti.ro\/wp-content\/uploads\/2025\/01\/coperta-2.jpg","type":"image\/jpeg"}],"author":"Camelia C\u0103lin","twitter_card":"summary_large_image","twitter_misc":{"Scris de":"Camelia C\u0103lin","Timp estimat pentru citire":"3 minute"},"schema":{"@context":"https:\/\/schema.org","@graph":[{"@type":"Article","@id":"https:\/\/muzeulgolesti.ro\/ro\/stiri\/activitati-dedicate-zilei-unirii-principatelor-romane-la-muzeul-golesti\/#article","isPartOf":{"@id":"https:\/\/muzeulgolesti.ro\/ro\/stiri\/activitati-dedicate-zilei-unirii-principatelor-romane-la-muzeul-golesti\/"},"author":{"name":"Camelia C\u0103lin","@id":"https:\/\/muzeulgolesti.ro\/ro\/#\/schema\/person\/10f7278cf5f9da102e4cf1f75f098e5c"},"headline":"Activit\u0103\u021bi dedicate Zilei Unirii Principatelor Rom\u00e2ne la Muzeul Gole\u0219ti","datePublished":"2025-01-23T13:47:10+00:00","dateModified":"2025-01-23T16:33:19+00:00","mainEntityOfPage":{"@id":"https:\/\/muzeulgolesti.ro\/ro\/stiri\/activitati-dedicate-zilei-unirii-principatelor-romane-la-muzeul-golesti\/"},"wordCount":871,"publisher":{"@id":"https:\/\/muzeulgolesti.ro\/ro\/#organization"},"image":{"@id":"https:\/\/muzeulgolesti.ro\/ro\/stiri\/activitati-dedicate-zilei-unirii-principatelor-romane-la-muzeul-golesti\/#primaryimage"},"thumbnailUrl":"https:\/\/muzeulgolesti.ro\/wp-content\/uploads\/2025\/01\/coperta-2.jpg","articleSection":["Stiri"],"inLanguage":"ro-RO"},{"@type":"WebPage","@id":"https:\/\/muzeulgolesti.ro\/ro\/stiri\/activitati-dedicate-zilei-unirii-principatelor-romane-la-muzeul-golesti\/","url":"https:\/\/muzeulgolesti.ro\/ro\/stiri\/activitati-dedicate-zilei-unirii-principatelor-romane-la-muzeul-golesti\/","name":"Activit\u0103\u021bi dedicate Zilei Unirii Principatelor Rom\u00e2ne la Muzeul Gole\u0219ti","isPartOf":{"@id":"https:\/\/muzeulgolesti.ro\/ro\/#website"},"primaryImageOfPage":{"@id":"https:\/\/muzeulgolesti.ro\/ro\/stiri\/activitati-dedicate-zilei-unirii-principatelor-romane-la-muzeul-golesti\/#primaryimage"},"image":{"@id":"https:\/\/muzeulgolesti.ro\/ro\/stiri\/activitati-dedicate-zilei-unirii-principatelor-romane-la-muzeul-golesti\/#primaryimage"},"thumbnailUrl":"https:\/\/muzeulgolesti.ro\/wp-content\/uploads\/2025\/01\/coperta-2.jpg","datePublished":"2025-01-23T13:47:10+00:00","dateModified":"2025-01-23T16:33:19+00:00","description":"Activit\u0103\u021bi dedicate Zilei Unirii Principatelor Rom\u00e2ne la Muzeul Gole\u0219ti","breadcrumb":{"@id":"https:\/\/muzeulgolesti.ro\/ro\/stiri\/activitati-dedicate-zilei-unirii-principatelor-romane-la-muzeul-golesti\/#breadcrumb"},"inLanguage":"ro-RO","potentialAction":[{"@type":"ReadAction","target":["https:\/\/muzeulgolesti.ro\/ro\/stiri\/activitati-dedicate-zilei-unirii-principatelor-romane-la-muzeul-golesti\/"]}]},{"@type":"ImageObject","inLanguage":"ro-RO","@id":"https:\/\/muzeulgolesti.ro\/ro\/stiri\/activitati-dedicate-zilei-unirii-principatelor-romane-la-muzeul-golesti\/#primaryimage","url":"https:\/\/muzeulgolesti.ro\/wp-content\/uploads\/2025\/01\/coperta-2.jpg","contentUrl":"https:\/\/muzeulgolesti.ro\/wp-content\/uploads\/2025\/01\/coperta-2.jpg","width":900,"height":508},{"@type":"BreadcrumbList","@id":"https:\/\/muzeulgolesti.ro\/ro\/stiri\/activitati-dedicate-zilei-unirii-principatelor-romane-la-muzeul-golesti\/#breadcrumb","itemListElement":[{"@type":"ListItem","position":1,"name":"Prima pagin\u0103","item":"https:\/\/muzeulgolesti.ro\/ro\/"},{"@type":"ListItem","position":2,"name":"Activit\u0103\u021bi dedicate Zilei Unirii Principatelor Rom\u00e2ne la Muzeul Gole\u0219ti"}]},{"@type":"WebSite","@id":"https:\/\/muzeulgolesti.ro\/ro\/#website","url":"https:\/\/muzeulgolesti.ro\/ro\/","name":"Muzeul Vititculturii si Pomiculturii Golesti","description":"Cultura, Etnografie, Istorie - Muzeul Vititculturii si Pomiculturii Golesti","publisher":{"@id":"https:\/\/muzeulgolesti.ro\/ro\/#organization"},"potentialAction":[{"@type":"SearchAction","target":{"@type":"EntryPoint","urlTemplate":"https:\/\/muzeulgolesti.ro\/ro\/?s={search_term_string}"},"query-input":{"@type":"PropertyValueSpecification","valueRequired":true,"valueName":"search_term_string"}}],"inLanguage":"ro-RO"},{"@type":"Organization","@id":"https:\/\/muzeulgolesti.ro\/ro\/#organization","name":"Muzeul Vititculturii si Pomiculturii Golesti","url":"https:\/\/muzeulgolesti.ro\/ro\/","logo":{"@type":"ImageObject","inLanguage":"ro-RO","@id":"https:\/\/muzeulgolesti.ro\/ro\/#\/schema\/logo\/image\/","url":"https:\/\/muzeulgolesti.ro\/wp-content\/uploads\/2022\/11\/SiglaMuzeu.jpg","contentUrl":"https:\/\/muzeulgolesti.ro\/wp-content\/uploads\/2022\/11\/SiglaMuzeu.jpg","width":86,"height":50,"caption":"Muzeul Vititculturii si Pomiculturii Golesti"},"image":{"@id":"https:\/\/muzeulgolesti.ro\/ro\/#\/schema\/logo\/image\/"},"sameAs":["https:\/\/web.facebook.com\/www.muzeulgolesti.ro"]},{"@type":"Person","@id":"https:\/\/muzeulgolesti.ro\/ro\/#\/schema\/person\/10f7278cf5f9da102e4cf1f75f098e5c","name":"Camelia C\u0103lin","url":"https:\/\/muzeulgolesti.ro\/ro\/author\/camelia\/"}]}},"_links":{"self":[{"href":"https:\/\/muzeulgolesti.ro\/ro\/wp-json\/wp\/v2\/posts\/6948","targetHints":{"allow":["GET"]}}],"collection":[{"href":"https:\/\/muzeulgolesti.ro\/ro\/wp-json\/wp\/v2\/posts"}],"about":[{"href":"https:\/\/muzeulgolesti.ro\/ro\/wp-json\/wp\/v2\/types\/post"}],"author":[{"embeddable":true,"href":"https:\/\/muzeulgolesti.ro\/ro\/wp-json\/wp\/v2\/users\/5"}],"replies":[{"embeddable":true,"href":"https:\/\/muzeulgolesti.ro\/ro\/wp-json\/wp\/v2\/comments?post=6948"}],"version-history":[{"count":4,"href":"https:\/\/muzeulgolesti.ro\/ro\/wp-json\/wp\/v2\/posts\/6948\/revisions"}],"predecessor-version":[{"id":6957,"href":"https:\/\/muzeulgolesti.ro\/ro\/wp-json\/wp\/v2\/posts\/6948\/revisions\/6957"}],"wp:featuredmedia":[{"embeddable":true,"href":"https:\/\/muzeulgolesti.ro\/ro\/wp-json\/wp\/v2\/media\/6953"}],"wp:attachment":[{"href":"https:\/\/muzeulgolesti.ro\/ro\/wp-json\/wp\/v2\/media?parent=6948"}],"wp:term":[{"taxonomy":"category","embeddable":true,"href":"https:\/\/muzeulgolesti.ro\/ro\/wp-json\/wp\/v2\/categories?post=6948"},{"taxonomy":"post_tag","embeddable":true,"href":"https:\/\/muzeulgolesti.ro\/ro\/wp-json\/wp\/v2\/tags?post=6948"}],"curies":[{"name":"wp","href":"https:\/\/api.w.org\/{rel}","templated":true}]}}