{"id":7314,"date":"2025-06-16T12:21:58","date_gmt":"2025-06-16T12:21:58","guid":{"rendered":"https:\/\/muzeulgolesti.ro\/ro\/?p=7314"},"modified":"2025-06-16T12:29:18","modified_gmt":"2025-06-16T12:29:18","slug":"programul-vacanta-de-vara-la-tara-debuteaza-cu-tabara-de-toaca","status":"publish","type":"post","link":"https:\/\/muzeulgolesti.ro\/ro\/stiri\/programul-vacanta-de-vara-la-tara-debuteaza-cu-tabara-de-toaca\/","title":{"rendered":"Programul \u201eVacan\u021ba de var\u0103..la \u021bar\u0103!\u201d debuteaz\u0103 cu Tab\u0103ra de toac\u0103"},"content":{"rendered":"<p><img decoding=\"async\" class=\"aligncenter size-medium wp-image-7315\" src=\"https:\/\/muzeulgolesti.ro\/wp-content\/uploads\/2025\/06\/Tabara-de-toaca-2025-1-288x360.jpg\" alt=\"\" width=\"288\" height=\"360\" srcset=\"https:\/\/muzeulgolesti.ro\/wp-content\/uploads\/2025\/06\/Tabara-de-toaca-2025-1-200x250.jpg 200w, https:\/\/muzeulgolesti.ro\/wp-content\/uploads\/2025\/06\/Tabara-de-toaca-2025-1-288x360.jpg 288w, https:\/\/muzeulgolesti.ro\/wp-content\/uploads\/2025\/06\/Tabara-de-toaca-2025-1-400x500.jpg 400w, https:\/\/muzeulgolesti.ro\/wp-content\/uploads\/2025\/06\/Tabara-de-toaca-2025-1-600x750.jpg 600w, https:\/\/muzeulgolesti.ro\/wp-content\/uploads\/2025\/06\/Tabara-de-toaca-2025-1-768x960.jpg 768w, https:\/\/muzeulgolesti.ro\/wp-content\/uploads\/2025\/06\/Tabara-de-toaca-2025-1-800x1000.jpg 800w, https:\/\/muzeulgolesti.ro\/wp-content\/uploads\/2025\/06\/Tabara-de-toaca-2025-1-1040x1300.jpg 1040w, https:\/\/muzeulgolesti.ro\/wp-content\/uploads\/2025\/06\/Tabara-de-toaca-2025-1-1200x1500.jpg 1200w, https:\/\/muzeulgolesti.ro\/wp-content\/uploads\/2025\/06\/Tabara-de-toaca-2025-1-1228x1536.jpg 1228w, https:\/\/muzeulgolesti.ro\/wp-content\/uploads\/2025\/06\/Tabara-de-toaca-2025-1.jpg 1350w\" sizes=\"(max-width: 288px) 100vw, 288px\" \/><\/p>\n<p>Luni, 30 iunie 2025, va \u00eencepe la Muzeul Gole\u0219ti, cu binecuv\u00e2ntarea IPS Calinic \u0219i cu implicarea Biroului de Catehizare si Activit\u0103\u021bi cu Tineretul, al Arhiepiscopiei Arge\u0219ului \u0219i Muscelului, <em>Tab\u0103ra de Toac\u0103<\/em>, sub \u00eendrumarea Preotului Octavian Duminic\u0103, de la Parohia Sf\u00e2ntul Nicolae \u0219i Sf\u00e2ntul Nectarie \u2013 Pite\u0219ti.<\/p>\n<p>P\u0103rintele Octavian Duminic\u0103, n\u0103scut la 18 iunie 1975, \u00een Pite\u0219ti, absolvent al Seminarului Teologic Sf. Neagoe Basarab \u0219i al Facult\u0103\u021bii de Teologie din Pite\u0219ti, a desf\u0103\u0219urat de-a lungul anilor numeroase activit\u0103\u021bi catehetice \u00een cadrul Protoeriei Pite\u0219ti. Dintre acestea amintim:<\/p>\n<p>&#8211;<em>Hristos \u00eemp\u0103rt\u0103\u0219it copiilor<\/em><\/p>\n<p>-Concursul na\u021bional de miniproiecte de educa\u021bie social- filantropic\u0103 <em>Copilul \u00eenva\u021b\u0103 iubirea lui Hristos<\/em><\/p>\n<p>-Spectacolul concurs <em>Bucuria de a fi cre\u0219tin<\/em><\/p>\n<p><em>-Festivalul Interna\u021bional de Muzic\u0103 Bizantin\u0103- Pite\u0219ti <\/em>etc.<\/p>\n<p>Acest proiect, desf\u0103\u0219urat la Muzeul Gole\u0219ti \u0219i aflat la a doua edi\u021bie, const\u0103 \u00een \u00eemp\u0103rt\u0103\u0219irea tainei ritmului str\u0103vechi de toac\u0103, copiilor din jude\u021bul Arge\u0219.<\/p>\n<p>V\u0103 a\u0219tept\u0103m cu drag la <em>Tab\u0103ra de Toac\u0103<\/em>, \u00eentre <strong>30 iunie \u0219i 4 iulie 2025<\/strong>!<\/p>\n<p>Coordonator: Muzeograf Nicoleta Popa Grigore.<\/p>\n","protected":false},"excerpt":{"rendered":"<p>Luni, 30 iunie 2025, va \u00eencepe la Muzeul Gole\u0219ti, cu binecuv\u00e2ntarea IPS Calinic \u0219i cu implicarea Biroului de Catehizare si Activit\u0103\u021bi cu Tineretul, al Arhiepiscopiei Arge\u0219ului \u0219i Muscelului, Tab\u0103ra de  [&#8230;]<\/p>\n","protected":false},"author":5,"featured_media":7316,"comment_status":"closed","ping_status":"closed","sticky":false,"template":"","format":"standard","meta":{"footnotes":""},"categories":[54],"tags":[],"class_list":["post-7314","post","type-post","status-publish","format-standard","has-post-thumbnail","hentry","category-stiri"],"yoast_head":"<!-- This site is optimized with the Yoast SEO plugin v27.5 - https:\/\/yoast.com\/product\/yoast-seo-wordpress\/ -->\n<title>Programul \u201eVacan\u021ba de var\u0103..la \u021bar\u0103!\u201d debuteaz\u0103 cu Tab\u0103ra de toac\u0103<\/title>\n<meta name=\"description\" content=\"Programul \u201eVacan\u021ba de var\u0103..la \u021bar\u0103!\u201d debuteaz\u0103 cu Tab\u0103ra de toac\u0103\" \/>\n<meta name=\"robots\" content=\"index, follow, max-snippet:-1, max-image-preview:large, max-video-preview:-1\" \/>\n<link rel=\"canonical\" href=\"https:\/\/muzeulgolesti.ro\/ro\/stiri\/programul-vacanta-de-vara-la-tara-debuteaza-cu-tabara-de-toaca\/\" \/>\n<meta property=\"og:locale\" content=\"ro_RO\" \/>\n<meta property=\"og:locale:alternate\" content=\"en_UK\" \/>\n<meta property=\"og:type\" content=\"article\" \/>\n<meta property=\"og:title\" content=\"Programul \u201eVacan\u021ba de var\u0103..la \u021bar\u0103!\u201d debuteaz\u0103 cu Tab\u0103ra de toac\u0103\" \/>\n<meta property=\"og:description\" content=\"Programul \u201eVacan\u021ba de var\u0103..la \u021bar\u0103!\u201d debuteaz\u0103 cu Tab\u0103ra de toac\u0103\" \/>\n<meta property=\"og:url\" content=\"https:\/\/muzeulgolesti.ro\/ro\/stiri\/programul-vacanta-de-vara-la-tara-debuteaza-cu-tabara-de-toaca\/\" \/>\n<meta property=\"og:site_name\" content=\"Muzeul Viticulturii si Pomiculturii Golesti\" \/>\n<meta property=\"article:publisher\" content=\"https:\/\/web.facebook.com\/www.muzeulgolesti.ro\" \/>\n<meta property=\"article:published_time\" content=\"2025-06-16T12:21:58+00:00\" \/>\n<meta property=\"article:modified_time\" content=\"2025-06-16T12:29:18+00:00\" \/>\n<meta property=\"og:image\" content=\"https:\/\/muzeulgolesti.ro\/wp-content\/uploads\/2025\/06\/Untitled.jpg\" \/>\n\t<meta property=\"og:image:width\" content=\"900\" \/>\n\t<meta property=\"og:image:height\" content=\"508\" \/>\n\t<meta property=\"og:image:type\" content=\"image\/jpeg\" \/>\n<meta name=\"author\" content=\"Camelia C\u0103lin\" \/>\n<meta name=\"twitter:card\" content=\"summary_large_image\" \/>\n<meta name=\"twitter:label1\" content=\"Scris de\" \/>\n\t<meta name=\"twitter:data1\" content=\"Camelia C\u0103lin\" \/>\n\t<meta name=\"twitter:label2\" content=\"Timp estimat pentru citire\" \/>\n\t<meta name=\"twitter:data2\" content=\"2 minute\" \/>\n<script type=\"application\/ld+json\" class=\"yoast-schema-graph\">{\"@context\":\"https:\\\/\\\/schema.org\",\"@graph\":[{\"@type\":\"Article\",\"@id\":\"https:\\\/\\\/muzeulgolesti.ro\\\/en\\\/stiri\\\/programul-vacanta-de-vara-la-tara-debuteaza-cu-tabara-de-toaca\\\/#article\",\"isPartOf\":{\"@id\":\"https:\\\/\\\/muzeulgolesti.ro\\\/en\\\/stiri\\\/programul-vacanta-de-vara-la-tara-debuteaza-cu-tabara-de-toaca\\\/\"},\"author\":{\"name\":\"Camelia C\u0103lin\",\"@id\":\"https:\\\/\\\/muzeulgolesti.ro\\\/ro\\\/#\\\/schema\\\/person\\\/10f7278cf5f9da102e4cf1f75f098e5c\"},\"headline\":\"Programul \u201eVacan\u021ba de var\u0103..la \u021bar\u0103!\u201d debuteaz\u0103 cu Tab\u0103ra de toac\u0103\",\"datePublished\":\"2025-06-16T12:21:58+00:00\",\"dateModified\":\"2025-06-16T12:29:18+00:00\",\"mainEntityOfPage\":{\"@id\":\"https:\\\/\\\/muzeulgolesti.ro\\\/en\\\/stiri\\\/programul-vacanta-de-vara-la-tara-debuteaza-cu-tabara-de-toaca\\\/\"},\"wordCount\":396,\"publisher\":{\"@id\":\"https:\\\/\\\/muzeulgolesti.ro\\\/ro\\\/#organization\"},\"image\":{\"@id\":\"https:\\\/\\\/muzeulgolesti.ro\\\/en\\\/stiri\\\/programul-vacanta-de-vara-la-tara-debuteaza-cu-tabara-de-toaca\\\/#primaryimage\"},\"thumbnailUrl\":\"https:\\\/\\\/muzeulgolesti.ro\\\/wp-content\\\/uploads\\\/2025\\\/06\\\/Untitled.jpg\",\"articleSection\":[\"Stiri\"],\"inLanguage\":\"ro-RO\"},{\"@type\":\"WebPage\",\"@id\":\"https:\\\/\\\/muzeulgolesti.ro\\\/en\\\/stiri\\\/programul-vacanta-de-vara-la-tara-debuteaza-cu-tabara-de-toaca\\\/\",\"url\":\"https:\\\/\\\/muzeulgolesti.ro\\\/en\\\/stiri\\\/programul-vacanta-de-vara-la-tara-debuteaza-cu-tabara-de-toaca\\\/\",\"name\":\"Programul \u201eVacan\u021ba de var\u0103..la \u021bar\u0103!\u201d debuteaz\u0103 cu Tab\u0103ra de toac\u0103\",\"isPartOf\":{\"@id\":\"https:\\\/\\\/muzeulgolesti.ro\\\/ro\\\/#website\"},\"primaryImageOfPage\":{\"@id\":\"https:\\\/\\\/muzeulgolesti.ro\\\/en\\\/stiri\\\/programul-vacanta-de-vara-la-tara-debuteaza-cu-tabara-de-toaca\\\/#primaryimage\"},\"image\":{\"@id\":\"https:\\\/\\\/muzeulgolesti.ro\\\/en\\\/stiri\\\/programul-vacanta-de-vara-la-tara-debuteaza-cu-tabara-de-toaca\\\/#primaryimage\"},\"thumbnailUrl\":\"https:\\\/\\\/muzeulgolesti.ro\\\/wp-content\\\/uploads\\\/2025\\\/06\\\/Untitled.jpg\",\"datePublished\":\"2025-06-16T12:21:58+00:00\",\"dateModified\":\"2025-06-16T12:29:18+00:00\",\"description\":\"Programul \u201eVacan\u021ba de var\u0103..la \u021bar\u0103!\u201d debuteaz\u0103 cu Tab\u0103ra de toac\u0103\",\"breadcrumb\":{\"@id\":\"https:\\\/\\\/muzeulgolesti.ro\\\/en\\\/stiri\\\/programul-vacanta-de-vara-la-tara-debuteaza-cu-tabara-de-toaca\\\/#breadcrumb\"},\"inLanguage\":\"ro-RO\",\"potentialAction\":[{\"@type\":\"ReadAction\",\"target\":[\"https:\\\/\\\/muzeulgolesti.ro\\\/en\\\/stiri\\\/programul-vacanta-de-vara-la-tara-debuteaza-cu-tabara-de-toaca\\\/\"]}]},{\"@type\":\"ImageObject\",\"inLanguage\":\"ro-RO\",\"@id\":\"https:\\\/\\\/muzeulgolesti.ro\\\/en\\\/stiri\\\/programul-vacanta-de-vara-la-tara-debuteaza-cu-tabara-de-toaca\\\/#primaryimage\",\"url\":\"https:\\\/\\\/muzeulgolesti.ro\\\/wp-content\\\/uploads\\\/2025\\\/06\\\/Untitled.jpg\",\"contentUrl\":\"https:\\\/\\\/muzeulgolesti.ro\\\/wp-content\\\/uploads\\\/2025\\\/06\\\/Untitled.jpg\",\"width\":900,\"height\":508},{\"@type\":\"BreadcrumbList\",\"@id\":\"https:\\\/\\\/muzeulgolesti.ro\\\/en\\\/stiri\\\/programul-vacanta-de-vara-la-tara-debuteaza-cu-tabara-de-toaca\\\/#breadcrumb\",\"itemListElement\":[{\"@type\":\"ListItem\",\"position\":1,\"name\":\"Prima pagin\u0103\",\"item\":\"https:\\\/\\\/muzeulgolesti.ro\\\/ro\\\/\"},{\"@type\":\"ListItem\",\"position\":2,\"name\":\"The &#8222;Summer Vacation..in the Country!&#8221; program debuts with the semantron workshop\"}]},{\"@type\":\"WebSite\",\"@id\":\"https:\\\/\\\/muzeulgolesti.ro\\\/ro\\\/#website\",\"url\":\"https:\\\/\\\/muzeulgolesti.ro\\\/ro\\\/\",\"name\":\"Muzeul Vititculturii si Pomiculturii Golesti\",\"description\":\"Cultura, Etnografie, Istorie - Muzeul Vititculturii si Pomiculturii Golesti\",\"publisher\":{\"@id\":\"https:\\\/\\\/muzeulgolesti.ro\\\/ro\\\/#organization\"},\"potentialAction\":[{\"@type\":\"SearchAction\",\"target\":{\"@type\":\"EntryPoint\",\"urlTemplate\":\"https:\\\/\\\/muzeulgolesti.ro\\\/ro\\\/?s={search_term_string}\"},\"query-input\":{\"@type\":\"PropertyValueSpecification\",\"valueRequired\":true,\"valueName\":\"search_term_string\"}}],\"inLanguage\":\"ro-RO\"},{\"@type\":\"Organization\",\"@id\":\"https:\\\/\\\/muzeulgolesti.ro\\\/ro\\\/#organization\",\"name\":\"Muzeul Vititculturii si Pomiculturii Golesti\",\"url\":\"https:\\\/\\\/muzeulgolesti.ro\\\/ro\\\/\",\"logo\":{\"@type\":\"ImageObject\",\"inLanguage\":\"ro-RO\",\"@id\":\"https:\\\/\\\/muzeulgolesti.ro\\\/ro\\\/#\\\/schema\\\/logo\\\/image\\\/\",\"url\":\"https:\\\/\\\/muzeulgolesti.ro\\\/wp-content\\\/uploads\\\/2022\\\/11\\\/SiglaMuzeu.jpg\",\"contentUrl\":\"https:\\\/\\\/muzeulgolesti.ro\\\/wp-content\\\/uploads\\\/2022\\\/11\\\/SiglaMuzeu.jpg\",\"width\":86,\"height\":50,\"caption\":\"Muzeul Vititculturii si Pomiculturii Golesti\"},\"image\":{\"@id\":\"https:\\\/\\\/muzeulgolesti.ro\\\/ro\\\/#\\\/schema\\\/logo\\\/image\\\/\"},\"sameAs\":[\"https:\\\/\\\/web.facebook.com\\\/www.muzeulgolesti.ro\"]},{\"@type\":\"Person\",\"@id\":\"https:\\\/\\\/muzeulgolesti.ro\\\/ro\\\/#\\\/schema\\\/person\\\/10f7278cf5f9da102e4cf1f75f098e5c\",\"name\":\"Camelia C\u0103lin\",\"url\":\"https:\\\/\\\/muzeulgolesti.ro\\\/ro\\\/author\\\/camelia\\\/\"}]}<\/script>\n<!-- \/ Yoast SEO plugin. -->","yoast_head_json":{"title":"Programul \u201eVacan\u021ba de var\u0103..la \u021bar\u0103!\u201d debuteaz\u0103 cu Tab\u0103ra de toac\u0103","description":"[:ro]Programul \u201eVacan\u021ba de var\u0103..la \u021bar\u0103!\u201d debuteaz\u0103 cu Tab\u0103ra de toac\u0103[:en]The \"Summer Vacation..in the Country!\" program debuts with the semantron workshop[:]","robots":{"index":"index","follow":"follow","max-snippet":"max-snippet:-1","max-image-preview":"max-image-preview:large","max-video-preview":"max-video-preview:-1"},"canonical":"https:\/\/muzeulgolesti.ro\/ro\/stiri\/programul-vacanta-de-vara-la-tara-debuteaza-cu-tabara-de-toaca\/","og_locale":"ro_RO","og_type":"article","og_title":"[:ro]Programul \u201eVacan\u021ba de var\u0103..la \u021bar\u0103!\u201d debuteaz\u0103 cu Tab\u0103ra de toac\u0103[:en]The \"Summer Vacation..in the Country!\" program debuts with the semantron workshop[:] - Muzeul Viticulturii si Pomiculturii Golesti","og_description":"[:ro]Programul \u201eVacan\u021ba de var\u0103..la \u021bar\u0103!\u201d debuteaz\u0103 cu Tab\u0103ra de toac\u0103[:en]The \"Summer Vacation..in the Country!\" program debuts with the semantron workshop[:]","og_url":"https:\/\/muzeulgolesti.ro\/ro\/stiri\/programul-vacanta-de-vara-la-tara-debuteaza-cu-tabara-de-toaca\/","og_site_name":"Muzeul Viticulturii si Pomiculturii Golesti","article_publisher":"https:\/\/web.facebook.com\/www.muzeulgolesti.ro","article_published_time":"2025-06-16T12:21:58+00:00","article_modified_time":"2025-06-16T12:29:18+00:00","og_image":[{"width":900,"height":508,"url":"https:\/\/muzeulgolesti.ro\/wp-content\/uploads\/2025\/06\/Untitled.jpg","type":"image\/jpeg"}],"author":"Camelia C\u0103lin","twitter_card":"summary_large_image","twitter_misc":{"Scris de":"Camelia C\u0103lin","Timp estimat pentru citire":"2 minute"},"schema":{"@context":"https:\/\/schema.org","@graph":[{"@type":"Article","@id":"https:\/\/muzeulgolesti.ro\/en\/stiri\/programul-vacanta-de-vara-la-tara-debuteaza-cu-tabara-de-toaca\/#article","isPartOf":{"@id":"https:\/\/muzeulgolesti.ro\/en\/stiri\/programul-vacanta-de-vara-la-tara-debuteaza-cu-tabara-de-toaca\/"},"author":{"name":"Camelia C\u0103lin","@id":"https:\/\/muzeulgolesti.ro\/ro\/#\/schema\/person\/10f7278cf5f9da102e4cf1f75f098e5c"},"headline":"Programul \u201eVacan\u021ba de var\u0103..la \u021bar\u0103!\u201d debuteaz\u0103 cu Tab\u0103ra de toac\u0103","datePublished":"2025-06-16T12:21:58+00:00","dateModified":"2025-06-16T12:29:18+00:00","mainEntityOfPage":{"@id":"https:\/\/muzeulgolesti.ro\/en\/stiri\/programul-vacanta-de-vara-la-tara-debuteaza-cu-tabara-de-toaca\/"},"wordCount":396,"publisher":{"@id":"https:\/\/muzeulgolesti.ro\/ro\/#organization"},"image":{"@id":"https:\/\/muzeulgolesti.ro\/en\/stiri\/programul-vacanta-de-vara-la-tara-debuteaza-cu-tabara-de-toaca\/#primaryimage"},"thumbnailUrl":"https:\/\/muzeulgolesti.ro\/wp-content\/uploads\/2025\/06\/Untitled.jpg","articleSection":["Stiri"],"inLanguage":"ro-RO"},{"@type":"WebPage","@id":"https:\/\/muzeulgolesti.ro\/en\/stiri\/programul-vacanta-de-vara-la-tara-debuteaza-cu-tabara-de-toaca\/","url":"https:\/\/muzeulgolesti.ro\/en\/stiri\/programul-vacanta-de-vara-la-tara-debuteaza-cu-tabara-de-toaca\/","name":"Programul \u201eVacan\u021ba de var\u0103..la \u021bar\u0103!\u201d debuteaz\u0103 cu Tab\u0103ra de toac\u0103","isPartOf":{"@id":"https:\/\/muzeulgolesti.ro\/ro\/#website"},"primaryImageOfPage":{"@id":"https:\/\/muzeulgolesti.ro\/en\/stiri\/programul-vacanta-de-vara-la-tara-debuteaza-cu-tabara-de-toaca\/#primaryimage"},"image":{"@id":"https:\/\/muzeulgolesti.ro\/en\/stiri\/programul-vacanta-de-vara-la-tara-debuteaza-cu-tabara-de-toaca\/#primaryimage"},"thumbnailUrl":"https:\/\/muzeulgolesti.ro\/wp-content\/uploads\/2025\/06\/Untitled.jpg","datePublished":"2025-06-16T12:21:58+00:00","dateModified":"2025-06-16T12:29:18+00:00","description":"Programul \u201eVacan\u021ba de var\u0103..la \u021bar\u0103!\u201d debuteaz\u0103 cu Tab\u0103ra de toac\u0103","breadcrumb":{"@id":"https:\/\/muzeulgolesti.ro\/en\/stiri\/programul-vacanta-de-vara-la-tara-debuteaza-cu-tabara-de-toaca\/#breadcrumb"},"inLanguage":"ro-RO","potentialAction":[{"@type":"ReadAction","target":["https:\/\/muzeulgolesti.ro\/en\/stiri\/programul-vacanta-de-vara-la-tara-debuteaza-cu-tabara-de-toaca\/"]}]},{"@type":"ImageObject","inLanguage":"ro-RO","@id":"https:\/\/muzeulgolesti.ro\/en\/stiri\/programul-vacanta-de-vara-la-tara-debuteaza-cu-tabara-de-toaca\/#primaryimage","url":"https:\/\/muzeulgolesti.ro\/wp-content\/uploads\/2025\/06\/Untitled.jpg","contentUrl":"https:\/\/muzeulgolesti.ro\/wp-content\/uploads\/2025\/06\/Untitled.jpg","width":900,"height":508},{"@type":"BreadcrumbList","@id":"https:\/\/muzeulgolesti.ro\/en\/stiri\/programul-vacanta-de-vara-la-tara-debuteaza-cu-tabara-de-toaca\/#breadcrumb","itemListElement":[{"@type":"ListItem","position":1,"name":"Prima pagin\u0103","item":"https:\/\/muzeulgolesti.ro\/ro\/"},{"@type":"ListItem","position":2,"name":"The &#8222;Summer Vacation..in the Country!&#8221; program debuts with the semantron workshop"}]},{"@type":"WebSite","@id":"https:\/\/muzeulgolesti.ro\/ro\/#website","url":"https:\/\/muzeulgolesti.ro\/ro\/","name":"Muzeul Vititculturii si Pomiculturii Golesti","description":"Cultura, Etnografie, Istorie - Muzeul Vititculturii si Pomiculturii Golesti","publisher":{"@id":"https:\/\/muzeulgolesti.ro\/ro\/#organization"},"potentialAction":[{"@type":"SearchAction","target":{"@type":"EntryPoint","urlTemplate":"https:\/\/muzeulgolesti.ro\/ro\/?s={search_term_string}"},"query-input":{"@type":"PropertyValueSpecification","valueRequired":true,"valueName":"search_term_string"}}],"inLanguage":"ro-RO"},{"@type":"Organization","@id":"https:\/\/muzeulgolesti.ro\/ro\/#organization","name":"Muzeul Vititculturii si Pomiculturii Golesti","url":"https:\/\/muzeulgolesti.ro\/ro\/","logo":{"@type":"ImageObject","inLanguage":"ro-RO","@id":"https:\/\/muzeulgolesti.ro\/ro\/#\/schema\/logo\/image\/","url":"https:\/\/muzeulgolesti.ro\/wp-content\/uploads\/2022\/11\/SiglaMuzeu.jpg","contentUrl":"https:\/\/muzeulgolesti.ro\/wp-content\/uploads\/2022\/11\/SiglaMuzeu.jpg","width":86,"height":50,"caption":"Muzeul Vititculturii si Pomiculturii Golesti"},"image":{"@id":"https:\/\/muzeulgolesti.ro\/ro\/#\/schema\/logo\/image\/"},"sameAs":["https:\/\/web.facebook.com\/www.muzeulgolesti.ro"]},{"@type":"Person","@id":"https:\/\/muzeulgolesti.ro\/ro\/#\/schema\/person\/10f7278cf5f9da102e4cf1f75f098e5c","name":"Camelia C\u0103lin","url":"https:\/\/muzeulgolesti.ro\/ro\/author\/camelia\/"}]}},"_links":{"self":[{"href":"https:\/\/muzeulgolesti.ro\/ro\/wp-json\/wp\/v2\/posts\/7314","targetHints":{"allow":["GET"]}}],"collection":[{"href":"https:\/\/muzeulgolesti.ro\/ro\/wp-json\/wp\/v2\/posts"}],"about":[{"href":"https:\/\/muzeulgolesti.ro\/ro\/wp-json\/wp\/v2\/types\/post"}],"author":[{"embeddable":true,"href":"https:\/\/muzeulgolesti.ro\/ro\/wp-json\/wp\/v2\/users\/5"}],"replies":[{"embeddable":true,"href":"https:\/\/muzeulgolesti.ro\/ro\/wp-json\/wp\/v2\/comments?post=7314"}],"version-history":[{"count":6,"href":"https:\/\/muzeulgolesti.ro\/ro\/wp-json\/wp\/v2\/posts\/7314\/revisions"}],"predecessor-version":[{"id":7322,"href":"https:\/\/muzeulgolesti.ro\/ro\/wp-json\/wp\/v2\/posts\/7314\/revisions\/7322"}],"wp:featuredmedia":[{"embeddable":true,"href":"https:\/\/muzeulgolesti.ro\/ro\/wp-json\/wp\/v2\/media\/7316"}],"wp:attachment":[{"href":"https:\/\/muzeulgolesti.ro\/ro\/wp-json\/wp\/v2\/media?parent=7314"}],"wp:term":[{"taxonomy":"category","embeddable":true,"href":"https:\/\/muzeulgolesti.ro\/ro\/wp-json\/wp\/v2\/categories?post=7314"},{"taxonomy":"post_tag","embeddable":true,"href":"https:\/\/muzeulgolesti.ro\/ro\/wp-json\/wp\/v2\/tags?post=7314"}],"curies":[{"name":"wp","href":"https:\/\/api.w.org\/{rel}","templated":true}]}}