{"id":7559,"date":"2025-12-11T20:20:01","date_gmt":"2025-12-11T20:20:01","guid":{"rendered":"https:\/\/muzeulgolesti.ro\/ro\/?p=7559"},"modified":"2025-12-11T20:31:39","modified_gmt":"2025-12-11T20:31:39","slug":"expozitie-veste-minunata-miniaturi-medievale-de-manuscris","status":"publish","type":"post","link":"https:\/\/muzeulgolesti.ro\/ro\/evenimente\/expozitie-veste-minunata-miniaturi-medievale-de-manuscris\/","title":{"rendered":"Expozi\u021bie: \u201eVeste minunat\u0103. Miniaturi medievale de manuscris\u201d"},"content":{"rendered":"<p><img decoding=\"async\" class=\"aligncenter size-medium wp-image-7560\" src=\"https:\/\/muzeulgolesti.ro\/wp-content\/uploads\/2025\/12\/WhatsApp-Image-2025-12-11-at-12.48.47-254x360.jpeg\" alt=\"\" width=\"254\" height=\"360\" srcset=\"https:\/\/muzeulgolesti.ro\/wp-content\/uploads\/2025\/12\/WhatsApp-Image-2025-12-11-at-12.48.47-200x283.jpeg 200w, https:\/\/muzeulgolesti.ro\/wp-content\/uploads\/2025\/12\/WhatsApp-Image-2025-12-11-at-12.48.47-254x360.jpeg 254w, https:\/\/muzeulgolesti.ro\/wp-content\/uploads\/2025\/12\/WhatsApp-Image-2025-12-11-at-12.48.47-400x566.jpeg 400w, https:\/\/muzeulgolesti.ro\/wp-content\/uploads\/2025\/12\/WhatsApp-Image-2025-12-11-at-12.48.47-600x849.jpeg 600w, https:\/\/muzeulgolesti.ro\/wp-content\/uploads\/2025\/12\/WhatsApp-Image-2025-12-11-at-12.48.47-768x1086.jpeg 768w, https:\/\/muzeulgolesti.ro\/wp-content\/uploads\/2025\/12\/WhatsApp-Image-2025-12-11-at-12.48.47-800x1132.jpeg 800w, https:\/\/muzeulgolesti.ro\/wp-content\/uploads\/2025\/12\/WhatsApp-Image-2025-12-11-at-12.48.47-919x1300.jpeg 919w, https:\/\/muzeulgolesti.ro\/wp-content\/uploads\/2025\/12\/WhatsApp-Image-2025-12-11-at-12.48.47-1086x1536.jpeg 1086w, https:\/\/muzeulgolesti.ro\/wp-content\/uploads\/2025\/12\/WhatsApp-Image-2025-12-11-at-12.48.47.jpeg 1131w\" sizes=\"(max-width: 254px) 100vw, 254px\" \/><\/p>\n<p>\u00cen a\u0219teptarea \u201eCr\u0103ciunului la Conac\u201d, Universitatea Politehnic\u0103 Bucure\u0219ti-Centrul Universitar Pite\u0219ti \u0219i Muzeul Gole\u0219ti v\u0103 invit\u0103 vineri, 19 decembrie 2025, ora 12.00, la vernisajul expozi\u021biei \u201eVeste minunat\u0103. Miniaturi medievale de manuscris\u201d. Expozi\u021bia reune\u0219te lucr\u0103ri ale d-nei lector univ. dr. Teodora Necula \u0219i al unui numeros, talentat \u0219i ambi\u021bios colectiv de studen\u021bi \u0219i masteranzi ai Sec\u021biei de Art\u0103 Sacr\u0103 de la Facultatea de Teologie, Litere, Istorie \u0219i Arte din Pite\u0219ti.\u00a0 Miniaturile care vor fi expuse la Muzeul Gole\u0219ti nareaz\u0103 cea mai frumoas\u0103 poveste biblic\u0103, cele trei teme fundamentale fiind: Na\u0219terea Domnului, Cei Trei Magi, Fuga \u00een Egipt. Este anotimpul bucuriei \u0219i al speran\u021bei, al Na\u0219terii ca promisiune de salvare a oamenilor.<\/p>\n<p>Invitatul special al acestui vernisaj este Directorul de Departament, prof. univ. dr. pr. Nicolae Br\u00eenzea.<\/p>\n<p>Miniaturile de manuscris reprezint\u0103 una dintre cele mai rafinate forme de art\u0103 ale Evului Mediu, fiind rezultatul unei sinteze dintre tehnica picturii, erudi\u021bia scribilor, nevoile religioase \u0219i culturale ale epocii. Ele apar \u00eenc\u0103 din Antichitatea t\u00e2rzie \u0219i se dezvolt\u0103 spectaculos \u00een secolele VII\u2013XVI, at\u00e2t \u00een Occident, c\u00e2t \u0219i \u00een spa\u021biul bizantin, cu caracteristici distincte pentru fiecare zon\u0103. \u00cen esen\u021b\u0103, miniatura nu este doar o imagine de mici dimensiuni, ci o form\u0103 de iluminare a manuscrisului, un mod de a da str\u0103lucire textului sacru sau literar, de a-l face inteligibil, memorabil \u0219i demn de venerare.<\/p>\n<p><img decoding=\"async\" class=\"aligncenter size-medium wp-image-7562\" src=\"https:\/\/muzeulgolesti.ro\/wp-content\/uploads\/2025\/12\/WhatsApp-Image-2025-12-11-at-12.49.13-1-270x360.jpeg\" alt=\"\" width=\"270\" height=\"360\" srcset=\"https:\/\/muzeulgolesti.ro\/wp-content\/uploads\/2025\/12\/WhatsApp-Image-2025-12-11-at-12.49.13-1-200x267.jpeg 200w, https:\/\/muzeulgolesti.ro\/wp-content\/uploads\/2025\/12\/WhatsApp-Image-2025-12-11-at-12.49.13-1-270x360.jpeg 270w, https:\/\/muzeulgolesti.ro\/wp-content\/uploads\/2025\/12\/WhatsApp-Image-2025-12-11-at-12.49.13-1-400x533.jpeg 400w, https:\/\/muzeulgolesti.ro\/wp-content\/uploads\/2025\/12\/WhatsApp-Image-2025-12-11-at-12.49.13-1-600x800.jpeg 600w, https:\/\/muzeulgolesti.ro\/wp-content\/uploads\/2025\/12\/WhatsApp-Image-2025-12-11-at-12.49.13-1-768x1024.jpeg 768w, https:\/\/muzeulgolesti.ro\/wp-content\/uploads\/2025\/12\/WhatsApp-Image-2025-12-11-at-12.49.13-1-800x1067.jpeg 800w, https:\/\/muzeulgolesti.ro\/wp-content\/uploads\/2025\/12\/WhatsApp-Image-2025-12-11-at-12.49.13-1-975x1300.jpeg 975w, https:\/\/muzeulgolesti.ro\/wp-content\/uploads\/2025\/12\/WhatsApp-Image-2025-12-11-at-12.49.13-1-1152x1536.jpeg 1152w, https:\/\/muzeulgolesti.ro\/wp-content\/uploads\/2025\/12\/WhatsApp-Image-2025-12-11-at-12.49.13-1-1200x1600.jpeg 1200w, https:\/\/muzeulgolesti.ro\/wp-content\/uploads\/2025\/12\/WhatsApp-Image-2025-12-11-at-12.49.13-1.jpeg 1536w\" sizes=\"(max-width: 270px) 100vw, 270px\" \/><\/p>\n<p>Procesul de realizare a miniaturilor era lent \u0219i laborios. Manuscrisul era copiat pe pergament, un suport ob\u021binut prin prelucrarea pielii de vi\u021bel sau oaie, care era cur\u0103\u021bat\u0103, \u00eentins\u0103, netezit\u0103 \u0219i t\u0103iat\u0103 \u00een coli uniforme. Se trasau apoi liniile de ghidaj \u0219i l\u0103sa spa\u021bii libere pentru ini\u021biale, frontispicii \u0219i scenele pictate. Miniaturistul desena mai \u00eent\u00e2i compozi\u021bia cu linii fine, dup\u0103 care aplica aurul, considerat un simbol al luminii divine. Aurirea se f\u0103cea pe un strat special de grund, peste care se lipseau foi\u021be extrem de sub\u021biri. Abia dup\u0103 aplicare aurului se ad\u0103ugau straturile de culoare, preparate din pigmen\u021bi minerali sau vegetali amesteca\u021bi cu diver\u0219i lian\u021bi, cel mai adesea acuarele pe baz\u0103 de gum\u0103 arabic\u0103 sau gume vegetale. Culorile erau a\u0219ezate \u00een straturi progresive, de la tonurile de baz\u0103 la detaliile finale, contururi \u0219i accente luminoase.<\/p>\n<p><img decoding=\"async\" class=\"aligncenter size-medium wp-image-7564\" src=\"https:\/\/muzeulgolesti.ro\/wp-content\/uploads\/2025\/12\/WhatsApp-Image-2025-12-11-at-12.49.46-2-270x360.jpeg\" alt=\"\" width=\"270\" height=\"360\" srcset=\"https:\/\/muzeulgolesti.ro\/wp-content\/uploads\/2025\/12\/WhatsApp-Image-2025-12-11-at-12.49.46-2-200x267.jpeg 200w, https:\/\/muzeulgolesti.ro\/wp-content\/uploads\/2025\/12\/WhatsApp-Image-2025-12-11-at-12.49.46-2-270x360.jpeg 270w, https:\/\/muzeulgolesti.ro\/wp-content\/uploads\/2025\/12\/WhatsApp-Image-2025-12-11-at-12.49.46-2-400x533.jpeg 400w, https:\/\/muzeulgolesti.ro\/wp-content\/uploads\/2025\/12\/WhatsApp-Image-2025-12-11-at-12.49.46-2-600x800.jpeg 600w, https:\/\/muzeulgolesti.ro\/wp-content\/uploads\/2025\/12\/WhatsApp-Image-2025-12-11-at-12.49.46-2-768x1024.jpeg 768w, https:\/\/muzeulgolesti.ro\/wp-content\/uploads\/2025\/12\/WhatsApp-Image-2025-12-11-at-12.49.46-2-800x1067.jpeg 800w, https:\/\/muzeulgolesti.ro\/wp-content\/uploads\/2025\/12\/WhatsApp-Image-2025-12-11-at-12.49.46-2-975x1300.jpeg 975w, https:\/\/muzeulgolesti.ro\/wp-content\/uploads\/2025\/12\/WhatsApp-Image-2025-12-11-at-12.49.46-2-1152x1536.jpeg 1152w, https:\/\/muzeulgolesti.ro\/wp-content\/uploads\/2025\/12\/WhatsApp-Image-2025-12-11-at-12.49.46-2.jpeg 1200w\" sizes=\"(max-width: 270px) 100vw, 270px\" \/><\/p>\n<p>\u00cen Occident, miniaturile au urmat evolu\u021bia stilurilor artistice \u2013 de la sobrietatea carolingian\u0103 \u0219i monumentalitatea ottonian\u0103, la dinamismul gotic \u0219i rafinamentul renascentist. \u00cen spa\u021biul bizantin \u0219i \u00een cel est-european influen\u021bat de acesta, tradi\u021bia era mai constant\u0103: fe\u021be modelate \u00een tonuri calde, drapaje riguroase, culori saturate \u0219i un interes deosebit pentru scenele sacre, pentru portretele votive \u0219i pentru decorul geometric sau vegetal. \u021a\u0103rile Rom\u00e2ne, aflate la intersec\u021bia lumilor bizantin\u0103, slav\u0103 \u0219i occidental\u0103, au dezvoltat propriile \u0219coli de miniatur\u0103, \u00een special \u00een mediul monastic. Moldova se remarc\u0103 \u00een mod deosebit, unde tradi\u021bia bizantin\u0103 a fost reinterpretat\u0103 \u0219i adaptat\u0103 sensibilit\u0103\u021bii locale.<\/p>\n<p><img decoding=\"async\" class=\"aligncenter size-medium wp-image-7563\" src=\"https:\/\/muzeulgolesti.ro\/wp-content\/uploads\/2025\/12\/WhatsApp-Image-2025-12-11-at-12.49.12-3-270x360.jpeg\" alt=\"\" width=\"270\" height=\"360\" srcset=\"https:\/\/muzeulgolesti.ro\/wp-content\/uploads\/2025\/12\/WhatsApp-Image-2025-12-11-at-12.49.12-3-200x267.jpeg 200w, https:\/\/muzeulgolesti.ro\/wp-content\/uploads\/2025\/12\/WhatsApp-Image-2025-12-11-at-12.49.12-3-270x360.jpeg 270w, https:\/\/muzeulgolesti.ro\/wp-content\/uploads\/2025\/12\/WhatsApp-Image-2025-12-11-at-12.49.12-3-400x533.jpeg 400w, https:\/\/muzeulgolesti.ro\/wp-content\/uploads\/2025\/12\/WhatsApp-Image-2025-12-11-at-12.49.12-3-600x800.jpeg 600w, https:\/\/muzeulgolesti.ro\/wp-content\/uploads\/2025\/12\/WhatsApp-Image-2025-12-11-at-12.49.12-3-768x1024.jpeg 768w, https:\/\/muzeulgolesti.ro\/wp-content\/uploads\/2025\/12\/WhatsApp-Image-2025-12-11-at-12.49.12-3-800x1067.jpeg 800w, https:\/\/muzeulgolesti.ro\/wp-content\/uploads\/2025\/12\/WhatsApp-Image-2025-12-11-at-12.49.12-3-975x1300.jpeg 975w, https:\/\/muzeulgolesti.ro\/wp-content\/uploads\/2025\/12\/WhatsApp-Image-2025-12-11-at-12.49.12-3-1152x1536.jpeg 1152w, https:\/\/muzeulgolesti.ro\/wp-content\/uploads\/2025\/12\/WhatsApp-Image-2025-12-11-at-12.49.12-3-1200x1600.jpeg 1200w, https:\/\/muzeulgolesti.ro\/wp-content\/uploads\/2025\/12\/WhatsApp-Image-2025-12-11-at-12.49.12-3.jpeg 1536w\" sizes=\"(max-width: 270px) 100vw, 270px\" \/><\/p>\n<p>Miniaturile de manuscris nu sunt doar obiecte de art\u0103, ci \u0219i documente vii ale spiritualit\u0103\u021bii \u0219i identit\u0103\u021bii culturale. Ele conserv\u0103 stiluri, tipare iconografice, costume, simboluri politice \u0219i religioase, iar tehnica lor dezv\u0103luie nivelul cunoa\u0219terii artistice din atelierele medievale. Studiul lor r\u0103m\u00e2ne o direc\u021bie esen\u021bial\u0103 \u00een istoria artei rom\u00e2ne\u0219ti \u0219i europene, \u00eentruc\u00e2t aceste imagini concentrate, fie ele portrete votive sau pagini ornate cu aur, continu\u0103 s\u0103 ne vorbeasc\u0103 despre o lume care a pus imaginea \u00een slujba textului \u0219i textul \u00een slujba credin\u021bei.<\/p>\n<p>Pentru studen\u021bii care ast\u0103zi se preg\u0103tesc s\u0103 devin\u0103 restauratori, realizarea unor reproduceri dup\u0103 miniaturile medievale reprezint\u0103 descoperirea \u0219i \u00eenv\u0103\u021barea tehnicilor vechi, familiarizarea cu materialele \u0219i instrumentele de lucru, cu diferitele tipuri de suporturi de scris, dar, mai presus de toate, este un efort creativ \u0219i un exerci\u021biu spiritual. V\u0103 invit\u0103m \u0219i noi, al\u0103turi de dna lector univ. dr. Teodora Necula \u0219i studen\u021bii sec\u021biilor de Art\u0103 Sacr\u0103 \u0219i Resaturare Icoan\u0103, s\u0103 descoperi\u021bi o expozi\u021bie unicat, care ne aduce mai aproape bucuria Na\u0219terii Domnului.<\/p>\n<p>Studen\u021bii, masteranzii \u0219i absolven\u021bii care expun \u00een cadrul acestei expozi\u021bii:<\/p>\n<p>Anul 1 Licen\u021b\u0103: Popa Valentin, Maria Hulea, Liviu Rapi\u021beanu;<\/p>\n<p>Anul 2 Licen\u021b\u0103: Maica Anastasia, Popa Nicoleta Janina, Ciobanu (Ghimpeteanu) Mirela, Laura Chire\u021bu (Jecu), Boldoi Elisabeta, Soare Cristina, Sima (Vasile-Stoica) Georgiana, Palade Bianca, Popescu Francesca, Pistol Ion;<\/p>\n<p>Anul 3 Licen\u021b\u0103: P\u00eervu Octavian, Alex Jigman, Ciobanu Robert, Ruse Emanuela;<\/p>\n<p>Anul 1 Master: Popa Andrei Valentin, Stoica Adriana Mihaela, Georgescu Petre R\u0103zvan, Popescu Adriana, Bo\u021boghin\u0103 Valentina, Ion Stelian, Voicu Gabriela, Stanoiu Catalin Marin, Marinic\u0103 Gheorghe Marius, Vasile Paula, Roxana Pitz , \u2060Ro\u0219cule\u021b \u0218tefania;<\/p>\n<p>Anul 2 Master: Sinca Ovidiu, Ilie Ana-Maria, T\u0103n\u0103sescu Mihai, Roman Iulica Lumini\u021ba, Marcu Lucica Ana-Maria, Popa (St\u0103nescu) \u0218tefania Mihaela, Manole C\u0103t\u0103lin;<\/p>\n<p>Absolven\u021bi: Dobri\u0219an Gabriel, Ion Oan\u021b\u0103, Laura Chierciu, Balanoiu Mirela, Viezuianu Dana, Pupaza Maria, Vasilescu Alexandra, C\u0103limoceanu Maria Antonia.<\/p>\n","protected":false},"excerpt":{"rendered":"<p>\u00cen a\u0219teptarea \u201eCr\u0103ciunului la Conac\u201d, Universitatea Politehnic\u0103 Bucure\u0219ti-Centrul Universitar Pite\u0219ti \u0219i Muzeul Gole\u0219ti v\u0103 invit\u0103 vineri, 19 decembrie 2025, ora 12.00, la vernisajul expozi\u021biei \u201eVeste minunat\u0103. Miniaturi medievale de manuscris\u201d.  [&#8230;]<\/p>\n","protected":false},"author":5,"featured_media":7561,"comment_status":"closed","ping_status":"closed","sticky":false,"template":"","format":"standard","meta":{"footnotes":""},"categories":[1],"tags":[],"class_list":["post-7559","post","type-post","status-publish","format-standard","has-post-thumbnail","hentry","category-evenimente"],"yoast_head":"<!-- This site is optimized with the Yoast SEO plugin v27.5 - https:\/\/yoast.com\/product\/yoast-seo-wordpress\/ -->\n<title>Expozi\u021bie: \u201eVeste minunat\u0103. Miniaturi medievale de manuscris\u201d<\/title>\n<meta name=\"description\" content=\"Expozi\u021bie: \u201eVeste minunat\u0103. Miniaturi medievale de manuscris\u201d\" \/>\n<meta name=\"robots\" content=\"index, follow, max-snippet:-1, max-image-preview:large, max-video-preview:-1\" \/>\n<link rel=\"canonical\" href=\"https:\/\/muzeulgolesti.ro\/ro\/evenimente\/expozitie-veste-minunata-miniaturi-medievale-de-manuscris\/\" \/>\n<meta property=\"og:locale\" content=\"ro_RO\" \/>\n<meta property=\"og:locale:alternate\" content=\"en_UK\" \/>\n<meta property=\"og:type\" content=\"article\" \/>\n<meta property=\"og:title\" content=\"Expozi\u021bie: \u201eVeste minunat\u0103. Miniaturi medievale de manuscris\u201d\" \/>\n<meta property=\"og:description\" content=\"Expozi\u021bie: \u201eVeste minunat\u0103. Miniaturi medievale de manuscris\u201d\" \/>\n<meta property=\"og:url\" content=\"https:\/\/muzeulgolesti.ro\/ro\/evenimente\/expozitie-veste-minunata-miniaturi-medievale-de-manuscris\/\" \/>\n<meta property=\"og:site_name\" content=\"Muzeul Viticulturii si Pomiculturii Golesti\" \/>\n<meta property=\"article:publisher\" content=\"https:\/\/web.facebook.com\/www.muzeulgolesti.ro\" \/>\n<meta property=\"article:published_time\" content=\"2025-12-11T20:20:01+00:00\" \/>\n<meta property=\"article:modified_time\" content=\"2025-12-11T20:31:39+00:00\" \/>\n<meta property=\"og:image\" content=\"https:\/\/muzeulgolesti.ro\/wp-content\/uploads\/2025\/12\/coperta.jpg\" \/>\n\t<meta property=\"og:image:width\" content=\"900\" \/>\n\t<meta property=\"og:image:height\" content=\"508\" \/>\n\t<meta property=\"og:image:type\" content=\"image\/jpeg\" \/>\n<meta name=\"author\" content=\"Camelia C\u0103lin\" \/>\n<meta name=\"twitter:card\" content=\"summary_large_image\" \/>\n<meta name=\"twitter:label1\" content=\"Scris de\" \/>\n\t<meta name=\"twitter:data1\" content=\"Camelia C\u0103lin\" \/>\n\t<meta name=\"twitter:label2\" content=\"Timp estimat pentru citire\" \/>\n\t<meta name=\"twitter:data2\" content=\"6 minute\" \/>\n<script type=\"application\/ld+json\" class=\"yoast-schema-graph\">{\"@context\":\"https:\\\/\\\/schema.org\",\"@graph\":[{\"@type\":\"Article\",\"@id\":\"https:\\\/\\\/muzeulgolesti.ro\\\/en\\\/evenimente\\\/expozitie-veste-minunata-miniaturi-medievale-de-manuscris\\\/#article\",\"isPartOf\":{\"@id\":\"https:\\\/\\\/muzeulgolesti.ro\\\/en\\\/evenimente\\\/expozitie-veste-minunata-miniaturi-medievale-de-manuscris\\\/\"},\"author\":{\"name\":\"Camelia C\u0103lin\",\"@id\":\"https:\\\/\\\/muzeulgolesti.ro\\\/ro\\\/#\\\/schema\\\/person\\\/10f7278cf5f9da102e4cf1f75f098e5c\"},\"headline\":\"Expozi\u021bie: \u201eVeste minunat\u0103. Miniaturi medievale de manuscris\u201d\",\"datePublished\":\"2025-12-11T20:20:01+00:00\",\"dateModified\":\"2025-12-11T20:31:39+00:00\",\"mainEntityOfPage\":{\"@id\":\"https:\\\/\\\/muzeulgolesti.ro\\\/en\\\/evenimente\\\/expozitie-veste-minunata-miniaturi-medievale-de-manuscris\\\/\"},\"wordCount\":1663,\"publisher\":{\"@id\":\"https:\\\/\\\/muzeulgolesti.ro\\\/ro\\\/#organization\"},\"image\":{\"@id\":\"https:\\\/\\\/muzeulgolesti.ro\\\/en\\\/evenimente\\\/expozitie-veste-minunata-miniaturi-medievale-de-manuscris\\\/#primaryimage\"},\"thumbnailUrl\":\"https:\\\/\\\/muzeulgolesti.ro\\\/wp-content\\\/uploads\\\/2025\\\/12\\\/coperta.jpg\",\"articleSection\":[\"Evenimente\"],\"inLanguage\":\"ro-RO\"},{\"@type\":\"WebPage\",\"@id\":\"https:\\\/\\\/muzeulgolesti.ro\\\/en\\\/evenimente\\\/expozitie-veste-minunata-miniaturi-medievale-de-manuscris\\\/\",\"url\":\"https:\\\/\\\/muzeulgolesti.ro\\\/en\\\/evenimente\\\/expozitie-veste-minunata-miniaturi-medievale-de-manuscris\\\/\",\"name\":\"Expozi\u021bie: \u201eVeste minunat\u0103. Miniaturi medievale de manuscris\u201d\",\"isPartOf\":{\"@id\":\"https:\\\/\\\/muzeulgolesti.ro\\\/ro\\\/#website\"},\"primaryImageOfPage\":{\"@id\":\"https:\\\/\\\/muzeulgolesti.ro\\\/en\\\/evenimente\\\/expozitie-veste-minunata-miniaturi-medievale-de-manuscris\\\/#primaryimage\"},\"image\":{\"@id\":\"https:\\\/\\\/muzeulgolesti.ro\\\/en\\\/evenimente\\\/expozitie-veste-minunata-miniaturi-medievale-de-manuscris\\\/#primaryimage\"},\"thumbnailUrl\":\"https:\\\/\\\/muzeulgolesti.ro\\\/wp-content\\\/uploads\\\/2025\\\/12\\\/coperta.jpg\",\"datePublished\":\"2025-12-11T20:20:01+00:00\",\"dateModified\":\"2025-12-11T20:31:39+00:00\",\"description\":\"Expozi\u021bie: \u201eVeste minunat\u0103. Miniaturi medievale de manuscris\u201d\",\"breadcrumb\":{\"@id\":\"https:\\\/\\\/muzeulgolesti.ro\\\/en\\\/evenimente\\\/expozitie-veste-minunata-miniaturi-medievale-de-manuscris\\\/#breadcrumb\"},\"inLanguage\":\"ro-RO\",\"potentialAction\":[{\"@type\":\"ReadAction\",\"target\":[\"https:\\\/\\\/muzeulgolesti.ro\\\/en\\\/evenimente\\\/expozitie-veste-minunata-miniaturi-medievale-de-manuscris\\\/\"]}]},{\"@type\":\"ImageObject\",\"inLanguage\":\"ro-RO\",\"@id\":\"https:\\\/\\\/muzeulgolesti.ro\\\/en\\\/evenimente\\\/expozitie-veste-minunata-miniaturi-medievale-de-manuscris\\\/#primaryimage\",\"url\":\"https:\\\/\\\/muzeulgolesti.ro\\\/wp-content\\\/uploads\\\/2025\\\/12\\\/coperta.jpg\",\"contentUrl\":\"https:\\\/\\\/muzeulgolesti.ro\\\/wp-content\\\/uploads\\\/2025\\\/12\\\/coperta.jpg\",\"width\":900,\"height\":508},{\"@type\":\"BreadcrumbList\",\"@id\":\"https:\\\/\\\/muzeulgolesti.ro\\\/en\\\/evenimente\\\/expozitie-veste-minunata-miniaturi-medievale-de-manuscris\\\/#breadcrumb\",\"itemListElement\":[{\"@type\":\"ListItem\",\"position\":1,\"name\":\"Prima pagin\u0103\",\"item\":\"https:\\\/\\\/muzeulgolesti.ro\\\/ro\\\/\"},{\"@type\":\"ListItem\",\"position\":2,\"name\":\"Exhibition \u201cGood Tidings. Medieval Manuscript Miniatures\u201d\"}]},{\"@type\":\"WebSite\",\"@id\":\"https:\\\/\\\/muzeulgolesti.ro\\\/ro\\\/#website\",\"url\":\"https:\\\/\\\/muzeulgolesti.ro\\\/ro\\\/\",\"name\":\"Muzeul Vititculturii si Pomiculturii Golesti\",\"description\":\"Cultura, Etnografie, Istorie - Muzeul Vititculturii si Pomiculturii Golesti\",\"publisher\":{\"@id\":\"https:\\\/\\\/muzeulgolesti.ro\\\/ro\\\/#organization\"},\"potentialAction\":[{\"@type\":\"SearchAction\",\"target\":{\"@type\":\"EntryPoint\",\"urlTemplate\":\"https:\\\/\\\/muzeulgolesti.ro\\\/ro\\\/?s={search_term_string}\"},\"query-input\":{\"@type\":\"PropertyValueSpecification\",\"valueRequired\":true,\"valueName\":\"search_term_string\"}}],\"inLanguage\":\"ro-RO\"},{\"@type\":\"Organization\",\"@id\":\"https:\\\/\\\/muzeulgolesti.ro\\\/ro\\\/#organization\",\"name\":\"Muzeul Vititculturii si Pomiculturii Golesti\",\"url\":\"https:\\\/\\\/muzeulgolesti.ro\\\/ro\\\/\",\"logo\":{\"@type\":\"ImageObject\",\"inLanguage\":\"ro-RO\",\"@id\":\"https:\\\/\\\/muzeulgolesti.ro\\\/ro\\\/#\\\/schema\\\/logo\\\/image\\\/\",\"url\":\"https:\\\/\\\/muzeulgolesti.ro\\\/wp-content\\\/uploads\\\/2022\\\/11\\\/SiglaMuzeu.jpg\",\"contentUrl\":\"https:\\\/\\\/muzeulgolesti.ro\\\/wp-content\\\/uploads\\\/2022\\\/11\\\/SiglaMuzeu.jpg\",\"width\":86,\"height\":50,\"caption\":\"Muzeul Vititculturii si Pomiculturii Golesti\"},\"image\":{\"@id\":\"https:\\\/\\\/muzeulgolesti.ro\\\/ro\\\/#\\\/schema\\\/logo\\\/image\\\/\"},\"sameAs\":[\"https:\\\/\\\/web.facebook.com\\\/www.muzeulgolesti.ro\"]},{\"@type\":\"Person\",\"@id\":\"https:\\\/\\\/muzeulgolesti.ro\\\/ro\\\/#\\\/schema\\\/person\\\/10f7278cf5f9da102e4cf1f75f098e5c\",\"name\":\"Camelia C\u0103lin\",\"url\":\"https:\\\/\\\/muzeulgolesti.ro\\\/ro\\\/author\\\/camelia\\\/\"}]}<\/script>\n<!-- \/ Yoast SEO plugin. -->","yoast_head_json":{"title":"Expozi\u021bie: \u201eVeste minunat\u0103. Miniaturi medievale de manuscris\u201d","description":"[:ro]Expozi\u021bie: \u201eVeste minunat\u0103. Miniaturi medievale de manuscris\u201d[:en]Exhibition \u201cGood Tidings. Medieval Manuscript Miniatures\u201d[:]","robots":{"index":"index","follow":"follow","max-snippet":"max-snippet:-1","max-image-preview":"max-image-preview:large","max-video-preview":"max-video-preview:-1"},"canonical":"https:\/\/muzeulgolesti.ro\/ro\/evenimente\/expozitie-veste-minunata-miniaturi-medievale-de-manuscris\/","og_locale":"ro_RO","og_type":"article","og_title":"[:ro]Expozi\u021bie: \u201eVeste minunat\u0103. Miniaturi medievale de manuscris\u201d[:en]Exhibition \u201cGood Tidings. Medieval Manuscript Miniatures\u201d[:] - Muzeul Viticulturii si Pomiculturii Golesti","og_description":"[:ro]Expozi\u021bie: \u201eVeste minunat\u0103. Miniaturi medievale de manuscris\u201d[:en]Exhibition \u201cGood Tidings. Medieval Manuscript Miniatures\u201d[:]","og_url":"https:\/\/muzeulgolesti.ro\/ro\/evenimente\/expozitie-veste-minunata-miniaturi-medievale-de-manuscris\/","og_site_name":"Muzeul Viticulturii si Pomiculturii Golesti","article_publisher":"https:\/\/web.facebook.com\/www.muzeulgolesti.ro","article_published_time":"2025-12-11T20:20:01+00:00","article_modified_time":"2025-12-11T20:31:39+00:00","og_image":[{"width":900,"height":508,"url":"https:\/\/muzeulgolesti.ro\/wp-content\/uploads\/2025\/12\/coperta.jpg","type":"image\/jpeg"}],"author":"Camelia C\u0103lin","twitter_card":"summary_large_image","twitter_misc":{"Scris de":"Camelia C\u0103lin","Timp estimat pentru citire":"6 minute"},"schema":{"@context":"https:\/\/schema.org","@graph":[{"@type":"Article","@id":"https:\/\/muzeulgolesti.ro\/en\/evenimente\/expozitie-veste-minunata-miniaturi-medievale-de-manuscris\/#article","isPartOf":{"@id":"https:\/\/muzeulgolesti.ro\/en\/evenimente\/expozitie-veste-minunata-miniaturi-medievale-de-manuscris\/"},"author":{"name":"Camelia C\u0103lin","@id":"https:\/\/muzeulgolesti.ro\/ro\/#\/schema\/person\/10f7278cf5f9da102e4cf1f75f098e5c"},"headline":"Expozi\u021bie: \u201eVeste minunat\u0103. Miniaturi medievale de manuscris\u201d","datePublished":"2025-12-11T20:20:01+00:00","dateModified":"2025-12-11T20:31:39+00:00","mainEntityOfPage":{"@id":"https:\/\/muzeulgolesti.ro\/en\/evenimente\/expozitie-veste-minunata-miniaturi-medievale-de-manuscris\/"},"wordCount":1663,"publisher":{"@id":"https:\/\/muzeulgolesti.ro\/ro\/#organization"},"image":{"@id":"https:\/\/muzeulgolesti.ro\/en\/evenimente\/expozitie-veste-minunata-miniaturi-medievale-de-manuscris\/#primaryimage"},"thumbnailUrl":"https:\/\/muzeulgolesti.ro\/wp-content\/uploads\/2025\/12\/coperta.jpg","articleSection":["Evenimente"],"inLanguage":"ro-RO"},{"@type":"WebPage","@id":"https:\/\/muzeulgolesti.ro\/en\/evenimente\/expozitie-veste-minunata-miniaturi-medievale-de-manuscris\/","url":"https:\/\/muzeulgolesti.ro\/en\/evenimente\/expozitie-veste-minunata-miniaturi-medievale-de-manuscris\/","name":"Expozi\u021bie: \u201eVeste minunat\u0103. Miniaturi medievale de manuscris\u201d","isPartOf":{"@id":"https:\/\/muzeulgolesti.ro\/ro\/#website"},"primaryImageOfPage":{"@id":"https:\/\/muzeulgolesti.ro\/en\/evenimente\/expozitie-veste-minunata-miniaturi-medievale-de-manuscris\/#primaryimage"},"image":{"@id":"https:\/\/muzeulgolesti.ro\/en\/evenimente\/expozitie-veste-minunata-miniaturi-medievale-de-manuscris\/#primaryimage"},"thumbnailUrl":"https:\/\/muzeulgolesti.ro\/wp-content\/uploads\/2025\/12\/coperta.jpg","datePublished":"2025-12-11T20:20:01+00:00","dateModified":"2025-12-11T20:31:39+00:00","description":"Expozi\u021bie: \u201eVeste minunat\u0103. Miniaturi medievale de manuscris\u201d","breadcrumb":{"@id":"https:\/\/muzeulgolesti.ro\/en\/evenimente\/expozitie-veste-minunata-miniaturi-medievale-de-manuscris\/#breadcrumb"},"inLanguage":"ro-RO","potentialAction":[{"@type":"ReadAction","target":["https:\/\/muzeulgolesti.ro\/en\/evenimente\/expozitie-veste-minunata-miniaturi-medievale-de-manuscris\/"]}]},{"@type":"ImageObject","inLanguage":"ro-RO","@id":"https:\/\/muzeulgolesti.ro\/en\/evenimente\/expozitie-veste-minunata-miniaturi-medievale-de-manuscris\/#primaryimage","url":"https:\/\/muzeulgolesti.ro\/wp-content\/uploads\/2025\/12\/coperta.jpg","contentUrl":"https:\/\/muzeulgolesti.ro\/wp-content\/uploads\/2025\/12\/coperta.jpg","width":900,"height":508},{"@type":"BreadcrumbList","@id":"https:\/\/muzeulgolesti.ro\/en\/evenimente\/expozitie-veste-minunata-miniaturi-medievale-de-manuscris\/#breadcrumb","itemListElement":[{"@type":"ListItem","position":1,"name":"Prima pagin\u0103","item":"https:\/\/muzeulgolesti.ro\/ro\/"},{"@type":"ListItem","position":2,"name":"Exhibition \u201cGood Tidings. Medieval Manuscript Miniatures\u201d"}]},{"@type":"WebSite","@id":"https:\/\/muzeulgolesti.ro\/ro\/#website","url":"https:\/\/muzeulgolesti.ro\/ro\/","name":"Muzeul Vititculturii si Pomiculturii Golesti","description":"Cultura, Etnografie, Istorie - Muzeul Vititculturii si Pomiculturii Golesti","publisher":{"@id":"https:\/\/muzeulgolesti.ro\/ro\/#organization"},"potentialAction":[{"@type":"SearchAction","target":{"@type":"EntryPoint","urlTemplate":"https:\/\/muzeulgolesti.ro\/ro\/?s={search_term_string}"},"query-input":{"@type":"PropertyValueSpecification","valueRequired":true,"valueName":"search_term_string"}}],"inLanguage":"ro-RO"},{"@type":"Organization","@id":"https:\/\/muzeulgolesti.ro\/ro\/#organization","name":"Muzeul Vititculturii si Pomiculturii Golesti","url":"https:\/\/muzeulgolesti.ro\/ro\/","logo":{"@type":"ImageObject","inLanguage":"ro-RO","@id":"https:\/\/muzeulgolesti.ro\/ro\/#\/schema\/logo\/image\/","url":"https:\/\/muzeulgolesti.ro\/wp-content\/uploads\/2022\/11\/SiglaMuzeu.jpg","contentUrl":"https:\/\/muzeulgolesti.ro\/wp-content\/uploads\/2022\/11\/SiglaMuzeu.jpg","width":86,"height":50,"caption":"Muzeul Vititculturii si Pomiculturii Golesti"},"image":{"@id":"https:\/\/muzeulgolesti.ro\/ro\/#\/schema\/logo\/image\/"},"sameAs":["https:\/\/web.facebook.com\/www.muzeulgolesti.ro"]},{"@type":"Person","@id":"https:\/\/muzeulgolesti.ro\/ro\/#\/schema\/person\/10f7278cf5f9da102e4cf1f75f098e5c","name":"Camelia C\u0103lin","url":"https:\/\/muzeulgolesti.ro\/ro\/author\/camelia\/"}]}},"_links":{"self":[{"href":"https:\/\/muzeulgolesti.ro\/ro\/wp-json\/wp\/v2\/posts\/7559","targetHints":{"allow":["GET"]}}],"collection":[{"href":"https:\/\/muzeulgolesti.ro\/ro\/wp-json\/wp\/v2\/posts"}],"about":[{"href":"https:\/\/muzeulgolesti.ro\/ro\/wp-json\/wp\/v2\/types\/post"}],"author":[{"embeddable":true,"href":"https:\/\/muzeulgolesti.ro\/ro\/wp-json\/wp\/v2\/users\/5"}],"replies":[{"embeddable":true,"href":"https:\/\/muzeulgolesti.ro\/ro\/wp-json\/wp\/v2\/comments?post=7559"}],"version-history":[{"count":4,"href":"https:\/\/muzeulgolesti.ro\/ro\/wp-json\/wp\/v2\/posts\/7559\/revisions"}],"predecessor-version":[{"id":7568,"href":"https:\/\/muzeulgolesti.ro\/ro\/wp-json\/wp\/v2\/posts\/7559\/revisions\/7568"}],"wp:featuredmedia":[{"embeddable":true,"href":"https:\/\/muzeulgolesti.ro\/ro\/wp-json\/wp\/v2\/media\/7561"}],"wp:attachment":[{"href":"https:\/\/muzeulgolesti.ro\/ro\/wp-json\/wp\/v2\/media?parent=7559"}],"wp:term":[{"taxonomy":"category","embeddable":true,"href":"https:\/\/muzeulgolesti.ro\/ro\/wp-json\/wp\/v2\/categories?post=7559"},{"taxonomy":"post_tag","embeddable":true,"href":"https:\/\/muzeulgolesti.ro\/ro\/wp-json\/wp\/v2\/tags?post=7559"}],"curies":[{"name":"wp","href":"https:\/\/api.w.org\/{rel}","templated":true}]}}