{"id":7746,"date":"2026-03-05T06:50:44","date_gmt":"2026-03-05T06:50:44","guid":{"rendered":"https:\/\/muzeulgolesti.ro\/ro\/?p=7746"},"modified":"2026-03-05T09:54:45","modified_gmt":"2026-03-05T09:54:45","slug":"expozitie-de-pictura-perspective-feminine","status":"publish","type":"post","link":"https:\/\/muzeulgolesti.ro\/ro\/evenimente\/expozitie-de-pictura-perspective-feminine\/","title":{"rendered":"Expozi\u021bie de pictur\u0103: \u201ePerspective feminine\u201d"},"content":{"rendered":"<p><img decoding=\"async\" class=\"aligncenter wp-image-7747\" src=\"https:\/\/muzeulgolesti.ro\/wp-content\/uploads\/2026\/03\/WhatsApp-Image-2026-03-03-at-12.08.52-255x360.jpeg\" alt=\"\" width=\"316\" height=\"446\" srcset=\"https:\/\/muzeulgolesti.ro\/wp-content\/uploads\/2026\/03\/WhatsApp-Image-2026-03-03-at-12.08.52-200x283.jpeg 200w, https:\/\/muzeulgolesti.ro\/wp-content\/uploads\/2026\/03\/WhatsApp-Image-2026-03-03-at-12.08.52-255x360.jpeg 255w, https:\/\/muzeulgolesti.ro\/wp-content\/uploads\/2026\/03\/WhatsApp-Image-2026-03-03-at-12.08.52-400x566.jpeg 400w, https:\/\/muzeulgolesti.ro\/wp-content\/uploads\/2026\/03\/WhatsApp-Image-2026-03-03-at-12.08.52-600x849.jpeg 600w, https:\/\/muzeulgolesti.ro\/wp-content\/uploads\/2026\/03\/WhatsApp-Image-2026-03-03-at-12.08.52-768x1086.jpeg 768w, https:\/\/muzeulgolesti.ro\/wp-content\/uploads\/2026\/03\/WhatsApp-Image-2026-03-03-at-12.08.52-800x1131.jpeg 800w, https:\/\/muzeulgolesti.ro\/wp-content\/uploads\/2026\/03\/WhatsApp-Image-2026-03-03-at-12.08.52-919x1300.jpeg 919w, https:\/\/muzeulgolesti.ro\/wp-content\/uploads\/2026\/03\/WhatsApp-Image-2026-03-03-at-12.08.52-1086x1536.jpeg 1086w, https:\/\/muzeulgolesti.ro\/wp-content\/uploads\/2026\/03\/WhatsApp-Image-2026-03-03-at-12.08.52-1200x1697.jpeg 1200w, https:\/\/muzeulgolesti.ro\/wp-content\/uploads\/2026\/03\/WhatsApp-Image-2026-03-03-at-12.08.52.jpeg 1448w\" sizes=\"(max-width: 316px) 100vw, 316px\" \/><\/p>\n<p>\u00cen perioada 6 martie &#8211; 21 aprilie 2026, Muzeul Gole\u0219ti \u00een parteneriat cu Muzeul Municipal Curtea de Arge\u0219 redevine scena unei expozi\u021bii <em>Perspective feminine<\/em> dedicat\u0103 Zilei Interna\u021bionale a Femeii.<\/p>\n<p>Prin expozitia <em>Perspective feminine<\/em>, se aduce un omagiu femeii, amintindu-ne rolul preponderant al acesteia \u00een centrul societ\u0103tii de ast\u0103zi. Prin lucr\u0103rile lor, artistele transmit cele mai sincere sentimente, care puncteaz\u0103 esen\u021be \u0219i tr\u0103iri ale acestora, \u00een diferite ipostaze sau momente importante ale vie\u021bii de zi cu zi.<\/p>\n<p>Astfel, pictori\u021bele contemporane nu doar c\u0103 \u00eembog\u0103\u021besc peisajul artistic rom\u00e2nesc, ci \u0219i provoac\u0103 publicul la reflec\u021bie \u0219i dialog.<\/p>\n<p>Expozi\u021bia propune, de asemenea, o reflec\u021bie asupra rolului vizitatorului. Acesta nu este restr\u00e2ns la pozi\u021bia de observator pasiv, ci este invitat la reflec\u021bie \u0219i dialog,\u00a0 s\u0103 treac\u0103 dintr-o zon\u0103 \u00een alta, s\u0103 conecteze fragmentele \u0219i s\u0103 confrunte imaginile \u00eentre ele.<\/p>\n<p>\u00cen cadrul expozi\u021biei temporare ve\u021bi putea admira lucr\u0103ri realizate de artistele plastice: Ada Gugonea, Elena-Teodora Necula, Eugenia Predic\u0103, Georgeta Gherghinoiu, Ioana-Teodora Schmiedigen-Du\u021b\u0103, Malvine Mocenco \u0219i Ruxandra Socaciu.<\/p>\n<p>Lucr\u0103rile sunt realizate \u00een tehnicile: acuarel\u0103, foi\u021b\u0103 de aur cu bolus pe h\u00e2rtie de bumbac, pictur\u0103 \u00een ulei \u0219i acrilic pe p\u00e2nz\u0103 pe p\u00e2nz\u0103.<\/p>\n<p>\u00cen concluzie, influen\u021ba pictori\u021belor \u00een arta rom\u00e2neasc\u0103 contemporan\u0103 este incontestabil\u0103, at\u00e2t prin diversitatea stilurilor, c\u00e2t \u0219i prin for\u021ba mesajelor transmise. Ele nu doar c\u0103 aduc o perspectiv\u0103 proasp\u0103t\u0103 \u0219i autentic\u0103, dar \u0219i contribuie la redefinirea rolului artei \u00een societate. Prin curajul de a aborda teme sensibile \u0219i prin originalitatea expresiei artistice, aceste femei devin repere ale creativit\u0103\u021bii \u0219i ale schimb\u0103rii, demonstr\u00e2nd c\u0103 arta contemporan\u0103 rom\u00e2neasc\u0103 nu poate fi conceput\u0103 f\u0103r\u0103 aportul lor esen\u021bial.<\/p>\n<p>Muzeul Gole\u0219ti \u00ee\u0219i reafirm\u0103 astfel angajamentul de a sus\u021bine \u0219i promova arta, oferind vizitatorilor o experien\u021b\u0103 cultural\u0103 de neuitat.<\/p>\n<p>&nbsp;<\/p>\n<p>Text: dr. Cristina Bo\u021boghina, \u0219ef-sec\u021bie Istorie \u0219i Pedagogie<\/p>\n<p>&nbsp;<\/p>\n","protected":false},"excerpt":{"rendered":"<p>\u00cen perioada 6 martie &#8211; 21 aprilie 2026, Muzeul Gole\u0219ti \u00een parteneriat cu Muzeul Municipal Curtea de Arge\u0219 redevine scena unei expozi\u021bii Perspective feminine dedicat\u0103 Zilei Interna\u021bionale a Femeii. Prin  [&#8230;]<\/p>\n","protected":false},"author":5,"featured_media":7748,"comment_status":"closed","ping_status":"closed","sticky":false,"template":"","format":"standard","meta":{"footnotes":""},"categories":[1],"tags":[],"class_list":["post-7746","post","type-post","status-publish","format-standard","has-post-thumbnail","hentry","category-evenimente"],"yoast_head":"<!-- This site is optimized with the Yoast SEO plugin v27.5 - https:\/\/yoast.com\/product\/yoast-seo-wordpress\/ -->\n<title>Expozi\u021bie de pictur\u0103: \u201ePerspective feminine\u201d<\/title>\n<meta name=\"description\" content=\"Expozi\u021bie de pictur\u0103: \u201ePerspective feminine\u201d\" \/>\n<meta name=\"robots\" content=\"index, follow, max-snippet:-1, max-image-preview:large, max-video-preview:-1\" \/>\n<link rel=\"canonical\" href=\"https:\/\/muzeulgolesti.ro\/ro\/evenimente\/expozitie-de-pictura-perspective-feminine\/\" \/>\n<meta property=\"og:locale\" content=\"ro_RO\" \/>\n<meta property=\"og:locale:alternate\" content=\"en_UK\" \/>\n<meta property=\"og:type\" content=\"article\" \/>\n<meta property=\"og:title\" content=\"Expozi\u021bie de pictur\u0103: \u201ePerspective feminine\u201d\" \/>\n<meta property=\"og:description\" content=\"Expozi\u021bie de pictur\u0103: \u201ePerspective feminine\u201d\" \/>\n<meta property=\"og:url\" content=\"https:\/\/muzeulgolesti.ro\/ro\/evenimente\/expozitie-de-pictura-perspective-feminine\/\" \/>\n<meta property=\"og:site_name\" content=\"Muzeul Viticulturii si Pomiculturii Golesti\" \/>\n<meta property=\"article:publisher\" content=\"https:\/\/web.facebook.com\/www.muzeulgolesti.ro\" \/>\n<meta property=\"article:published_time\" content=\"2026-03-05T06:50:44+00:00\" \/>\n<meta property=\"article:modified_time\" content=\"2026-03-05T09:54:45+00:00\" \/>\n<meta property=\"og:image\" content=\"https:\/\/muzeulgolesti.ro\/wp-content\/uploads\/2026\/03\/coperta.jpg\" \/>\n\t<meta property=\"og:image:width\" content=\"900\" \/>\n\t<meta property=\"og:image:height\" content=\"508\" \/>\n\t<meta property=\"og:image:type\" content=\"image\/jpeg\" \/>\n<meta name=\"author\" content=\"Camelia C\u0103lin\" \/>\n<meta name=\"twitter:card\" content=\"summary_large_image\" \/>\n<meta name=\"twitter:label1\" content=\"Scris de\" \/>\n\t<meta name=\"twitter:data1\" content=\"Camelia C\u0103lin\" \/>\n\t<meta name=\"twitter:label2\" content=\"Timp estimat pentru citire\" \/>\n\t<meta name=\"twitter:data2\" content=\"1 minut\" \/>\n<script type=\"application\/ld+json\" class=\"yoast-schema-graph\">{\"@context\":\"https:\\\/\\\/schema.org\",\"@graph\":[{\"@type\":\"Article\",\"@id\":\"https:\\\/\\\/muzeulgolesti.ro\\\/en\\\/evenimente\\\/expozitie-de-pictura-perspective-feminine\\\/#article\",\"isPartOf\":{\"@id\":\"https:\\\/\\\/muzeulgolesti.ro\\\/en\\\/evenimente\\\/expozitie-de-pictura-perspective-feminine\\\/\"},\"author\":{\"name\":\"Camelia C\u0103lin\",\"@id\":\"https:\\\/\\\/muzeulgolesti.ro\\\/ro\\\/#\\\/schema\\\/person\\\/10f7278cf5f9da102e4cf1f75f098e5c\"},\"headline\":\"Expozi\u021bie de pictur\u0103: \u201ePerspective feminine\u201d\",\"datePublished\":\"2026-03-05T06:50:44+00:00\",\"dateModified\":\"2026-03-05T09:54:45+00:00\",\"mainEntityOfPage\":{\"@id\":\"https:\\\/\\\/muzeulgolesti.ro\\\/en\\\/evenimente\\\/expozitie-de-pictura-perspective-feminine\\\/\"},\"wordCount\":652,\"publisher\":{\"@id\":\"https:\\\/\\\/muzeulgolesti.ro\\\/ro\\\/#organization\"},\"image\":{\"@id\":\"https:\\\/\\\/muzeulgolesti.ro\\\/en\\\/evenimente\\\/expozitie-de-pictura-perspective-feminine\\\/#primaryimage\"},\"thumbnailUrl\":\"https:\\\/\\\/muzeulgolesti.ro\\\/wp-content\\\/uploads\\\/2026\\\/03\\\/coperta.jpg\",\"articleSection\":[\"Evenimente\"],\"inLanguage\":\"ro-RO\"},{\"@type\":\"WebPage\",\"@id\":\"https:\\\/\\\/muzeulgolesti.ro\\\/en\\\/evenimente\\\/expozitie-de-pictura-perspective-feminine\\\/\",\"url\":\"https:\\\/\\\/muzeulgolesti.ro\\\/en\\\/evenimente\\\/expozitie-de-pictura-perspective-feminine\\\/\",\"name\":\"Expozi\u021bie de pictur\u0103: \u201ePerspective feminine\u201d\",\"isPartOf\":{\"@id\":\"https:\\\/\\\/muzeulgolesti.ro\\\/ro\\\/#website\"},\"primaryImageOfPage\":{\"@id\":\"https:\\\/\\\/muzeulgolesti.ro\\\/en\\\/evenimente\\\/expozitie-de-pictura-perspective-feminine\\\/#primaryimage\"},\"image\":{\"@id\":\"https:\\\/\\\/muzeulgolesti.ro\\\/en\\\/evenimente\\\/expozitie-de-pictura-perspective-feminine\\\/#primaryimage\"},\"thumbnailUrl\":\"https:\\\/\\\/muzeulgolesti.ro\\\/wp-content\\\/uploads\\\/2026\\\/03\\\/coperta.jpg\",\"datePublished\":\"2026-03-05T06:50:44+00:00\",\"dateModified\":\"2026-03-05T09:54:45+00:00\",\"description\":\"Expozi\u021bie de pictur\u0103: \u201ePerspective feminine\u201d\",\"breadcrumb\":{\"@id\":\"https:\\\/\\\/muzeulgolesti.ro\\\/en\\\/evenimente\\\/expozitie-de-pictura-perspective-feminine\\\/#breadcrumb\"},\"inLanguage\":\"ro-RO\",\"potentialAction\":[{\"@type\":\"ReadAction\",\"target\":[\"https:\\\/\\\/muzeulgolesti.ro\\\/en\\\/evenimente\\\/expozitie-de-pictura-perspective-feminine\\\/\"]}]},{\"@type\":\"ImageObject\",\"inLanguage\":\"ro-RO\",\"@id\":\"https:\\\/\\\/muzeulgolesti.ro\\\/en\\\/evenimente\\\/expozitie-de-pictura-perspective-feminine\\\/#primaryimage\",\"url\":\"https:\\\/\\\/muzeulgolesti.ro\\\/wp-content\\\/uploads\\\/2026\\\/03\\\/coperta.jpg\",\"contentUrl\":\"https:\\\/\\\/muzeulgolesti.ro\\\/wp-content\\\/uploads\\\/2026\\\/03\\\/coperta.jpg\",\"width\":900,\"height\":508},{\"@type\":\"BreadcrumbList\",\"@id\":\"https:\\\/\\\/muzeulgolesti.ro\\\/en\\\/evenimente\\\/expozitie-de-pictura-perspective-feminine\\\/#breadcrumb\",\"itemListElement\":[{\"@type\":\"ListItem\",\"position\":1,\"name\":\"Prima pagin\u0103\",\"item\":\"https:\\\/\\\/muzeulgolesti.ro\\\/ro\\\/\"},{\"@type\":\"ListItem\",\"position\":2,\"name\":\"Painting Exhibition: &#8220;Feminine Perspectives&#8221;\"}]},{\"@type\":\"WebSite\",\"@id\":\"https:\\\/\\\/muzeulgolesti.ro\\\/ro\\\/#website\",\"url\":\"https:\\\/\\\/muzeulgolesti.ro\\\/ro\\\/\",\"name\":\"Muzeul Vititculturii si Pomiculturii Golesti\",\"description\":\"Cultura, Etnografie, Istorie - Muzeul Vititculturii si Pomiculturii Golesti\",\"publisher\":{\"@id\":\"https:\\\/\\\/muzeulgolesti.ro\\\/ro\\\/#organization\"},\"potentialAction\":[{\"@type\":\"SearchAction\",\"target\":{\"@type\":\"EntryPoint\",\"urlTemplate\":\"https:\\\/\\\/muzeulgolesti.ro\\\/ro\\\/?s={search_term_string}\"},\"query-input\":{\"@type\":\"PropertyValueSpecification\",\"valueRequired\":true,\"valueName\":\"search_term_string\"}}],\"inLanguage\":\"ro-RO\"},{\"@type\":\"Organization\",\"@id\":\"https:\\\/\\\/muzeulgolesti.ro\\\/ro\\\/#organization\",\"name\":\"Muzeul Vititculturii si Pomiculturii Golesti\",\"url\":\"https:\\\/\\\/muzeulgolesti.ro\\\/ro\\\/\",\"logo\":{\"@type\":\"ImageObject\",\"inLanguage\":\"ro-RO\",\"@id\":\"https:\\\/\\\/muzeulgolesti.ro\\\/ro\\\/#\\\/schema\\\/logo\\\/image\\\/\",\"url\":\"https:\\\/\\\/muzeulgolesti.ro\\\/wp-content\\\/uploads\\\/2022\\\/11\\\/SiglaMuzeu.jpg\",\"contentUrl\":\"https:\\\/\\\/muzeulgolesti.ro\\\/wp-content\\\/uploads\\\/2022\\\/11\\\/SiglaMuzeu.jpg\",\"width\":86,\"height\":50,\"caption\":\"Muzeul Vititculturii si Pomiculturii Golesti\"},\"image\":{\"@id\":\"https:\\\/\\\/muzeulgolesti.ro\\\/ro\\\/#\\\/schema\\\/logo\\\/image\\\/\"},\"sameAs\":[\"https:\\\/\\\/web.facebook.com\\\/www.muzeulgolesti.ro\"]},{\"@type\":\"Person\",\"@id\":\"https:\\\/\\\/muzeulgolesti.ro\\\/ro\\\/#\\\/schema\\\/person\\\/10f7278cf5f9da102e4cf1f75f098e5c\",\"name\":\"Camelia C\u0103lin\",\"url\":\"https:\\\/\\\/muzeulgolesti.ro\\\/ro\\\/author\\\/camelia\\\/\"}]}<\/script>\n<!-- \/ Yoast SEO plugin. -->","yoast_head_json":{"title":"Expozi\u021bie de pictur\u0103: \u201ePerspective feminine\u201d","description":"[:ro]Expozi\u021bie de pictur\u0103: \u201ePerspective feminine\u201d[:en]Painting Exhibition: \"Feminine Perspectives\"[:]","robots":{"index":"index","follow":"follow","max-snippet":"max-snippet:-1","max-image-preview":"max-image-preview:large","max-video-preview":"max-video-preview:-1"},"canonical":"https:\/\/muzeulgolesti.ro\/ro\/evenimente\/expozitie-de-pictura-perspective-feminine\/","og_locale":"ro_RO","og_type":"article","og_title":"[:ro]Expozi\u021bie de pictur\u0103: \u201ePerspective feminine\u201d[:en]Painting Exhibition: \"Feminine Perspectives\"[:] - Muzeul Viticulturii si Pomiculturii Golesti","og_description":"[:ro]Expozi\u021bie de pictur\u0103: \u201ePerspective feminine\u201d[:en]Painting Exhibition: \"Feminine Perspectives\"[:]","og_url":"https:\/\/muzeulgolesti.ro\/ro\/evenimente\/expozitie-de-pictura-perspective-feminine\/","og_site_name":"Muzeul Viticulturii si Pomiculturii Golesti","article_publisher":"https:\/\/web.facebook.com\/www.muzeulgolesti.ro","article_published_time":"2026-03-05T06:50:44+00:00","article_modified_time":"2026-03-05T09:54:45+00:00","og_image":[{"width":900,"height":508,"url":"https:\/\/muzeulgolesti.ro\/wp-content\/uploads\/2026\/03\/coperta.jpg","type":"image\/jpeg"}],"author":"Camelia C\u0103lin","twitter_card":"summary_large_image","twitter_misc":{"Scris de":"Camelia C\u0103lin","Timp estimat pentru citire":"1 minut"},"schema":{"@context":"https:\/\/schema.org","@graph":[{"@type":"Article","@id":"https:\/\/muzeulgolesti.ro\/en\/evenimente\/expozitie-de-pictura-perspective-feminine\/#article","isPartOf":{"@id":"https:\/\/muzeulgolesti.ro\/en\/evenimente\/expozitie-de-pictura-perspective-feminine\/"},"author":{"name":"Camelia C\u0103lin","@id":"https:\/\/muzeulgolesti.ro\/ro\/#\/schema\/person\/10f7278cf5f9da102e4cf1f75f098e5c"},"headline":"Expozi\u021bie de pictur\u0103: \u201ePerspective feminine\u201d","datePublished":"2026-03-05T06:50:44+00:00","dateModified":"2026-03-05T09:54:45+00:00","mainEntityOfPage":{"@id":"https:\/\/muzeulgolesti.ro\/en\/evenimente\/expozitie-de-pictura-perspective-feminine\/"},"wordCount":652,"publisher":{"@id":"https:\/\/muzeulgolesti.ro\/ro\/#organization"},"image":{"@id":"https:\/\/muzeulgolesti.ro\/en\/evenimente\/expozitie-de-pictura-perspective-feminine\/#primaryimage"},"thumbnailUrl":"https:\/\/muzeulgolesti.ro\/wp-content\/uploads\/2026\/03\/coperta.jpg","articleSection":["Evenimente"],"inLanguage":"ro-RO"},{"@type":"WebPage","@id":"https:\/\/muzeulgolesti.ro\/en\/evenimente\/expozitie-de-pictura-perspective-feminine\/","url":"https:\/\/muzeulgolesti.ro\/en\/evenimente\/expozitie-de-pictura-perspective-feminine\/","name":"Expozi\u021bie de pictur\u0103: \u201ePerspective feminine\u201d","isPartOf":{"@id":"https:\/\/muzeulgolesti.ro\/ro\/#website"},"primaryImageOfPage":{"@id":"https:\/\/muzeulgolesti.ro\/en\/evenimente\/expozitie-de-pictura-perspective-feminine\/#primaryimage"},"image":{"@id":"https:\/\/muzeulgolesti.ro\/en\/evenimente\/expozitie-de-pictura-perspective-feminine\/#primaryimage"},"thumbnailUrl":"https:\/\/muzeulgolesti.ro\/wp-content\/uploads\/2026\/03\/coperta.jpg","datePublished":"2026-03-05T06:50:44+00:00","dateModified":"2026-03-05T09:54:45+00:00","description":"Expozi\u021bie de pictur\u0103: \u201ePerspective feminine\u201d","breadcrumb":{"@id":"https:\/\/muzeulgolesti.ro\/en\/evenimente\/expozitie-de-pictura-perspective-feminine\/#breadcrumb"},"inLanguage":"ro-RO","potentialAction":[{"@type":"ReadAction","target":["https:\/\/muzeulgolesti.ro\/en\/evenimente\/expozitie-de-pictura-perspective-feminine\/"]}]},{"@type":"ImageObject","inLanguage":"ro-RO","@id":"https:\/\/muzeulgolesti.ro\/en\/evenimente\/expozitie-de-pictura-perspective-feminine\/#primaryimage","url":"https:\/\/muzeulgolesti.ro\/wp-content\/uploads\/2026\/03\/coperta.jpg","contentUrl":"https:\/\/muzeulgolesti.ro\/wp-content\/uploads\/2026\/03\/coperta.jpg","width":900,"height":508},{"@type":"BreadcrumbList","@id":"https:\/\/muzeulgolesti.ro\/en\/evenimente\/expozitie-de-pictura-perspective-feminine\/#breadcrumb","itemListElement":[{"@type":"ListItem","position":1,"name":"Prima pagin\u0103","item":"https:\/\/muzeulgolesti.ro\/ro\/"},{"@type":"ListItem","position":2,"name":"Painting Exhibition: &#8220;Feminine Perspectives&#8221;"}]},{"@type":"WebSite","@id":"https:\/\/muzeulgolesti.ro\/ro\/#website","url":"https:\/\/muzeulgolesti.ro\/ro\/","name":"Muzeul Vititculturii si Pomiculturii Golesti","description":"Cultura, Etnografie, Istorie - Muzeul Vititculturii si Pomiculturii Golesti","publisher":{"@id":"https:\/\/muzeulgolesti.ro\/ro\/#organization"},"potentialAction":[{"@type":"SearchAction","target":{"@type":"EntryPoint","urlTemplate":"https:\/\/muzeulgolesti.ro\/ro\/?s={search_term_string}"},"query-input":{"@type":"PropertyValueSpecification","valueRequired":true,"valueName":"search_term_string"}}],"inLanguage":"ro-RO"},{"@type":"Organization","@id":"https:\/\/muzeulgolesti.ro\/ro\/#organization","name":"Muzeul Vititculturii si Pomiculturii Golesti","url":"https:\/\/muzeulgolesti.ro\/ro\/","logo":{"@type":"ImageObject","inLanguage":"ro-RO","@id":"https:\/\/muzeulgolesti.ro\/ro\/#\/schema\/logo\/image\/","url":"https:\/\/muzeulgolesti.ro\/wp-content\/uploads\/2022\/11\/SiglaMuzeu.jpg","contentUrl":"https:\/\/muzeulgolesti.ro\/wp-content\/uploads\/2022\/11\/SiglaMuzeu.jpg","width":86,"height":50,"caption":"Muzeul Vititculturii si Pomiculturii Golesti"},"image":{"@id":"https:\/\/muzeulgolesti.ro\/ro\/#\/schema\/logo\/image\/"},"sameAs":["https:\/\/web.facebook.com\/www.muzeulgolesti.ro"]},{"@type":"Person","@id":"https:\/\/muzeulgolesti.ro\/ro\/#\/schema\/person\/10f7278cf5f9da102e4cf1f75f098e5c","name":"Camelia C\u0103lin","url":"https:\/\/muzeulgolesti.ro\/ro\/author\/camelia\/"}]}},"_links":{"self":[{"href":"https:\/\/muzeulgolesti.ro\/ro\/wp-json\/wp\/v2\/posts\/7746","targetHints":{"allow":["GET"]}}],"collection":[{"href":"https:\/\/muzeulgolesti.ro\/ro\/wp-json\/wp\/v2\/posts"}],"about":[{"href":"https:\/\/muzeulgolesti.ro\/ro\/wp-json\/wp\/v2\/types\/post"}],"author":[{"embeddable":true,"href":"https:\/\/muzeulgolesti.ro\/ro\/wp-json\/wp\/v2\/users\/5"}],"replies":[{"embeddable":true,"href":"https:\/\/muzeulgolesti.ro\/ro\/wp-json\/wp\/v2\/comments?post=7746"}],"version-history":[{"count":6,"href":"https:\/\/muzeulgolesti.ro\/ro\/wp-json\/wp\/v2\/posts\/7746\/revisions"}],"predecessor-version":[{"id":7761,"href":"https:\/\/muzeulgolesti.ro\/ro\/wp-json\/wp\/v2\/posts\/7746\/revisions\/7761"}],"wp:featuredmedia":[{"embeddable":true,"href":"https:\/\/muzeulgolesti.ro\/ro\/wp-json\/wp\/v2\/media\/7748"}],"wp:attachment":[{"href":"https:\/\/muzeulgolesti.ro\/ro\/wp-json\/wp\/v2\/media?parent=7746"}],"wp:term":[{"taxonomy":"category","embeddable":true,"href":"https:\/\/muzeulgolesti.ro\/ro\/wp-json\/wp\/v2\/categories?post=7746"},{"taxonomy":"post_tag","embeddable":true,"href":"https:\/\/muzeulgolesti.ro\/ro\/wp-json\/wp\/v2\/tags?post=7746"}],"curies":[{"name":"wp","href":"https:\/\/api.w.org\/{rel}","templated":true}]}}