{"id":7792,"date":"2026-03-26T12:19:03","date_gmt":"2026-03-26T12:19:03","guid":{"rendered":"https:\/\/muzeulgolesti.ro\/ro\/?p=7792"},"modified":"2026-03-26T12:20:36","modified_gmt":"2026-03-26T12:20:36","slug":"orarul-de-vara-al-muzeului-golesti","status":"publish","type":"post","link":"https:\/\/muzeulgolesti.ro\/ro\/stiri\/orarul-de-vara-al-muzeului-golesti\/","title":{"rendered":"Orarul de var\u0103 al Muzeului Gole\u0219ti"},"content":{"rendered":"<p data-pm-slice=\"1 1 []\">Dragi vizitatori,<\/p>\n<p>V\u0103 anun\u021b\u0103m c\u0103, \u00eencep\u00e2nd cu <strong>30 martie 2026<\/strong>, trecem la programul de var\u0103.<\/p>\n<p>V\u0103 a\u0219tept\u0103m zilnic, de <strong>luni p\u00e2n\u0103 duminic\u0103<\/strong>, \u00eentre orele <strong>9:00 \u0219i 18:00<\/strong> (ultima intrare va fi la ora 17:30).<\/p>\n<p>V\u0103 mul\u021bumim \u0219i v\u0103 a\u0219tept\u0103m cu drag \u00een vizit\u0103!<\/p>\n","protected":false},"excerpt":{"rendered":"<p>Dragi vizitatori, V\u0103 anun\u021b\u0103m c\u0103, \u00eencep\u00e2nd cu 30 martie 2026, trecem la programul de var\u0103. V\u0103 a\u0219tept\u0103m zilnic, de luni p\u00e2n\u0103 duminic\u0103, \u00eentre orele 9:00 \u0219i 18:00 (ultima intrare va  [&#8230;]<\/p>\n","protected":false},"author":5,"featured_media":7793,"comment_status":"closed","ping_status":"closed","sticky":false,"template":"","format":"standard","meta":{"footnotes":""},"categories":[54],"tags":[],"class_list":["post-7792","post","type-post","status-publish","format-standard","has-post-thumbnail","hentry","category-stiri"],"yoast_head":"<!-- This site is optimized with the Yoast SEO plugin v27.5 - https:\/\/yoast.com\/product\/yoast-seo-wordpress\/ -->\n<title>Orarul de var\u0103 al Muzeului Gole\u0219ti<\/title>\n<meta name=\"description\" content=\"Orarul de var\u0103 al Muzeului Gole\u0219ti\" \/>\n<meta name=\"robots\" content=\"index, follow, max-snippet:-1, max-image-preview:large, max-video-preview:-1\" \/>\n<link rel=\"canonical\" href=\"https:\/\/muzeulgolesti.ro\/ro\/stiri\/orarul-de-vara-al-muzeului-golesti\/\" \/>\n<meta property=\"og:locale\" content=\"ro_RO\" \/>\n<meta property=\"og:locale:alternate\" content=\"en_UK\" \/>\n<meta property=\"og:type\" content=\"article\" \/>\n<meta property=\"og:title\" content=\"Orarul de var\u0103 al Muzeului Gole\u0219ti\" \/>\n<meta property=\"og:description\" content=\"Orarul de var\u0103 al Muzeului Gole\u0219ti\" \/>\n<meta property=\"og:url\" content=\"https:\/\/muzeulgolesti.ro\/ro\/stiri\/orarul-de-vara-al-muzeului-golesti\/\" \/>\n<meta property=\"og:site_name\" content=\"Muzeul Viticulturii si Pomiculturii Golesti\" \/>\n<meta property=\"article:publisher\" content=\"https:\/\/web.facebook.com\/www.muzeulgolesti.ro\" \/>\n<meta property=\"article:published_time\" content=\"2026-03-26T12:19:03+00:00\" \/>\n<meta property=\"article:modified_time\" content=\"2026-03-26T12:20:36+00:00\" \/>\n<meta property=\"og:image\" content=\"https:\/\/muzeulgolesti.ro\/wp-content\/uploads\/2026\/03\/coperta-1.jpg\" \/>\n\t<meta property=\"og:image:width\" content=\"900\" \/>\n\t<meta property=\"og:image:height\" content=\"508\" \/>\n\t<meta property=\"og:image:type\" content=\"image\/jpeg\" \/>\n<meta name=\"author\" content=\"Camelia C\u0103lin\" \/>\n<meta name=\"twitter:card\" content=\"summary_large_image\" \/>\n<meta name=\"twitter:label1\" content=\"Scris de\" \/>\n\t<meta name=\"twitter:data1\" content=\"Camelia C\u0103lin\" \/>\n\t<meta name=\"twitter:label2\" content=\"Timp estimat pentru citire\" \/>\n\t<meta name=\"twitter:data2\" content=\"1 minut\" \/>\n<script type=\"application\/ld+json\" class=\"yoast-schema-graph\">{\"@context\":\"https:\\\/\\\/schema.org\",\"@graph\":[{\"@type\":\"Article\",\"@id\":\"https:\\\/\\\/muzeulgolesti.ro\\\/en\\\/stiri\\\/orarul-de-vara-al-muzeului-golesti\\\/#article\",\"isPartOf\":{\"@id\":\"https:\\\/\\\/muzeulgolesti.ro\\\/en\\\/stiri\\\/orarul-de-vara-al-muzeului-golesti\\\/\"},\"author\":{\"name\":\"Camelia C\u0103lin\",\"@id\":\"https:\\\/\\\/muzeulgolesti.ro\\\/ro\\\/#\\\/schema\\\/person\\\/10f7278cf5f9da102e4cf1f75f098e5c\"},\"headline\":\"Orarul de var\u0103 al Muzeului Gole\u0219ti\",\"datePublished\":\"2026-03-26T12:19:03+00:00\",\"dateModified\":\"2026-03-26T12:20:36+00:00\",\"mainEntityOfPage\":{\"@id\":\"https:\\\/\\\/muzeulgolesti.ro\\\/en\\\/stiri\\\/orarul-de-vara-al-muzeului-golesti\\\/\"},\"wordCount\":111,\"publisher\":{\"@id\":\"https:\\\/\\\/muzeulgolesti.ro\\\/ro\\\/#organization\"},\"image\":{\"@id\":\"https:\\\/\\\/muzeulgolesti.ro\\\/en\\\/stiri\\\/orarul-de-vara-al-muzeului-golesti\\\/#primaryimage\"},\"thumbnailUrl\":\"https:\\\/\\\/muzeulgolesti.ro\\\/wp-content\\\/uploads\\\/2026\\\/03\\\/coperta-1.jpg\",\"articleSection\":[\"Stiri\"],\"inLanguage\":\"ro-RO\"},{\"@type\":\"WebPage\",\"@id\":\"https:\\\/\\\/muzeulgolesti.ro\\\/en\\\/stiri\\\/orarul-de-vara-al-muzeului-golesti\\\/\",\"url\":\"https:\\\/\\\/muzeulgolesti.ro\\\/en\\\/stiri\\\/orarul-de-vara-al-muzeului-golesti\\\/\",\"name\":\"Orarul de var\u0103 al Muzeului Gole\u0219ti\",\"isPartOf\":{\"@id\":\"https:\\\/\\\/muzeulgolesti.ro\\\/ro\\\/#website\"},\"primaryImageOfPage\":{\"@id\":\"https:\\\/\\\/muzeulgolesti.ro\\\/en\\\/stiri\\\/orarul-de-vara-al-muzeului-golesti\\\/#primaryimage\"},\"image\":{\"@id\":\"https:\\\/\\\/muzeulgolesti.ro\\\/en\\\/stiri\\\/orarul-de-vara-al-muzeului-golesti\\\/#primaryimage\"},\"thumbnailUrl\":\"https:\\\/\\\/muzeulgolesti.ro\\\/wp-content\\\/uploads\\\/2026\\\/03\\\/coperta-1.jpg\",\"datePublished\":\"2026-03-26T12:19:03+00:00\",\"dateModified\":\"2026-03-26T12:20:36+00:00\",\"description\":\"Orarul de var\u0103 al Muzeului Gole\u0219ti\",\"breadcrumb\":{\"@id\":\"https:\\\/\\\/muzeulgolesti.ro\\\/en\\\/stiri\\\/orarul-de-vara-al-muzeului-golesti\\\/#breadcrumb\"},\"inLanguage\":\"ro-RO\",\"potentialAction\":[{\"@type\":\"ReadAction\",\"target\":[\"https:\\\/\\\/muzeulgolesti.ro\\\/en\\\/stiri\\\/orarul-de-vara-al-muzeului-golesti\\\/\"]}]},{\"@type\":\"ImageObject\",\"inLanguage\":\"ro-RO\",\"@id\":\"https:\\\/\\\/muzeulgolesti.ro\\\/en\\\/stiri\\\/orarul-de-vara-al-muzeului-golesti\\\/#primaryimage\",\"url\":\"https:\\\/\\\/muzeulgolesti.ro\\\/wp-content\\\/uploads\\\/2026\\\/03\\\/coperta-1.jpg\",\"contentUrl\":\"https:\\\/\\\/muzeulgolesti.ro\\\/wp-content\\\/uploads\\\/2026\\\/03\\\/coperta-1.jpg\",\"width\":900,\"height\":508},{\"@type\":\"BreadcrumbList\",\"@id\":\"https:\\\/\\\/muzeulgolesti.ro\\\/en\\\/stiri\\\/orarul-de-vara-al-muzeului-golesti\\\/#breadcrumb\",\"itemListElement\":[{\"@type\":\"ListItem\",\"position\":1,\"name\":\"Prima pagin\u0103\",\"item\":\"https:\\\/\\\/muzeulgolesti.ro\\\/ro\\\/\"},{\"@type\":\"ListItem\",\"position\":2,\"name\":\"Gole\u0219ti Museum Summer Schedule\"}]},{\"@type\":\"WebSite\",\"@id\":\"https:\\\/\\\/muzeulgolesti.ro\\\/ro\\\/#website\",\"url\":\"https:\\\/\\\/muzeulgolesti.ro\\\/ro\\\/\",\"name\":\"Muzeul Vititculturii si Pomiculturii Golesti\",\"description\":\"Cultura, Etnografie, Istorie - Muzeul Vititculturii si Pomiculturii Golesti\",\"publisher\":{\"@id\":\"https:\\\/\\\/muzeulgolesti.ro\\\/ro\\\/#organization\"},\"potentialAction\":[{\"@type\":\"SearchAction\",\"target\":{\"@type\":\"EntryPoint\",\"urlTemplate\":\"https:\\\/\\\/muzeulgolesti.ro\\\/ro\\\/?s={search_term_string}\"},\"query-input\":{\"@type\":\"PropertyValueSpecification\",\"valueRequired\":true,\"valueName\":\"search_term_string\"}}],\"inLanguage\":\"ro-RO\"},{\"@type\":\"Organization\",\"@id\":\"https:\\\/\\\/muzeulgolesti.ro\\\/ro\\\/#organization\",\"name\":\"Muzeul Vititculturii si Pomiculturii Golesti\",\"url\":\"https:\\\/\\\/muzeulgolesti.ro\\\/ro\\\/\",\"logo\":{\"@type\":\"ImageObject\",\"inLanguage\":\"ro-RO\",\"@id\":\"https:\\\/\\\/muzeulgolesti.ro\\\/ro\\\/#\\\/schema\\\/logo\\\/image\\\/\",\"url\":\"https:\\\/\\\/muzeulgolesti.ro\\\/wp-content\\\/uploads\\\/2022\\\/11\\\/SiglaMuzeu.jpg\",\"contentUrl\":\"https:\\\/\\\/muzeulgolesti.ro\\\/wp-content\\\/uploads\\\/2022\\\/11\\\/SiglaMuzeu.jpg\",\"width\":86,\"height\":50,\"caption\":\"Muzeul Vititculturii si Pomiculturii Golesti\"},\"image\":{\"@id\":\"https:\\\/\\\/muzeulgolesti.ro\\\/ro\\\/#\\\/schema\\\/logo\\\/image\\\/\"},\"sameAs\":[\"https:\\\/\\\/web.facebook.com\\\/www.muzeulgolesti.ro\"]},{\"@type\":\"Person\",\"@id\":\"https:\\\/\\\/muzeulgolesti.ro\\\/ro\\\/#\\\/schema\\\/person\\\/10f7278cf5f9da102e4cf1f75f098e5c\",\"name\":\"Camelia C\u0103lin\",\"url\":\"https:\\\/\\\/muzeulgolesti.ro\\\/ro\\\/author\\\/camelia\\\/\"}]}<\/script>\n<!-- \/ Yoast SEO plugin. -->","yoast_head_json":{"title":"Orarul de var\u0103 al Muzeului Gole\u0219ti","description":"[:ro]Orarul de var\u0103 al Muzeului Gole\u0219ti[:en]Gole\u0219ti Museum Summer Schedule[:]","robots":{"index":"index","follow":"follow","max-snippet":"max-snippet:-1","max-image-preview":"max-image-preview:large","max-video-preview":"max-video-preview:-1"},"canonical":"https:\/\/muzeulgolesti.ro\/ro\/stiri\/orarul-de-vara-al-muzeului-golesti\/","og_locale":"ro_RO","og_type":"article","og_title":"[:ro]Orarul de var\u0103 al Muzeului Gole\u0219ti[:en]Gole\u0219ti Museum Summer Schedule[:] - Muzeul Viticulturii si Pomiculturii Golesti","og_description":"[:ro]Orarul de var\u0103 al Muzeului Gole\u0219ti[:en]Gole\u0219ti Museum Summer Schedule[:]","og_url":"https:\/\/muzeulgolesti.ro\/ro\/stiri\/orarul-de-vara-al-muzeului-golesti\/","og_site_name":"Muzeul Viticulturii si Pomiculturii Golesti","article_publisher":"https:\/\/web.facebook.com\/www.muzeulgolesti.ro","article_published_time":"2026-03-26T12:19:03+00:00","article_modified_time":"2026-03-26T12:20:36+00:00","og_image":[{"width":900,"height":508,"url":"https:\/\/muzeulgolesti.ro\/wp-content\/uploads\/2026\/03\/coperta-1.jpg","type":"image\/jpeg"}],"author":"Camelia C\u0103lin","twitter_card":"summary_large_image","twitter_misc":{"Scris de":"Camelia C\u0103lin","Timp estimat pentru citire":"1 minut"},"schema":{"@context":"https:\/\/schema.org","@graph":[{"@type":"Article","@id":"https:\/\/muzeulgolesti.ro\/en\/stiri\/orarul-de-vara-al-muzeului-golesti\/#article","isPartOf":{"@id":"https:\/\/muzeulgolesti.ro\/en\/stiri\/orarul-de-vara-al-muzeului-golesti\/"},"author":{"name":"Camelia C\u0103lin","@id":"https:\/\/muzeulgolesti.ro\/ro\/#\/schema\/person\/10f7278cf5f9da102e4cf1f75f098e5c"},"headline":"Orarul de var\u0103 al Muzeului Gole\u0219ti","datePublished":"2026-03-26T12:19:03+00:00","dateModified":"2026-03-26T12:20:36+00:00","mainEntityOfPage":{"@id":"https:\/\/muzeulgolesti.ro\/en\/stiri\/orarul-de-vara-al-muzeului-golesti\/"},"wordCount":111,"publisher":{"@id":"https:\/\/muzeulgolesti.ro\/ro\/#organization"},"image":{"@id":"https:\/\/muzeulgolesti.ro\/en\/stiri\/orarul-de-vara-al-muzeului-golesti\/#primaryimage"},"thumbnailUrl":"https:\/\/muzeulgolesti.ro\/wp-content\/uploads\/2026\/03\/coperta-1.jpg","articleSection":["Stiri"],"inLanguage":"ro-RO"},{"@type":"WebPage","@id":"https:\/\/muzeulgolesti.ro\/en\/stiri\/orarul-de-vara-al-muzeului-golesti\/","url":"https:\/\/muzeulgolesti.ro\/en\/stiri\/orarul-de-vara-al-muzeului-golesti\/","name":"Orarul de var\u0103 al Muzeului Gole\u0219ti","isPartOf":{"@id":"https:\/\/muzeulgolesti.ro\/ro\/#website"},"primaryImageOfPage":{"@id":"https:\/\/muzeulgolesti.ro\/en\/stiri\/orarul-de-vara-al-muzeului-golesti\/#primaryimage"},"image":{"@id":"https:\/\/muzeulgolesti.ro\/en\/stiri\/orarul-de-vara-al-muzeului-golesti\/#primaryimage"},"thumbnailUrl":"https:\/\/muzeulgolesti.ro\/wp-content\/uploads\/2026\/03\/coperta-1.jpg","datePublished":"2026-03-26T12:19:03+00:00","dateModified":"2026-03-26T12:20:36+00:00","description":"Orarul de var\u0103 al Muzeului Gole\u0219ti","breadcrumb":{"@id":"https:\/\/muzeulgolesti.ro\/en\/stiri\/orarul-de-vara-al-muzeului-golesti\/#breadcrumb"},"inLanguage":"ro-RO","potentialAction":[{"@type":"ReadAction","target":["https:\/\/muzeulgolesti.ro\/en\/stiri\/orarul-de-vara-al-muzeului-golesti\/"]}]},{"@type":"ImageObject","inLanguage":"ro-RO","@id":"https:\/\/muzeulgolesti.ro\/en\/stiri\/orarul-de-vara-al-muzeului-golesti\/#primaryimage","url":"https:\/\/muzeulgolesti.ro\/wp-content\/uploads\/2026\/03\/coperta-1.jpg","contentUrl":"https:\/\/muzeulgolesti.ro\/wp-content\/uploads\/2026\/03\/coperta-1.jpg","width":900,"height":508},{"@type":"BreadcrumbList","@id":"https:\/\/muzeulgolesti.ro\/en\/stiri\/orarul-de-vara-al-muzeului-golesti\/#breadcrumb","itemListElement":[{"@type":"ListItem","position":1,"name":"Prima pagin\u0103","item":"https:\/\/muzeulgolesti.ro\/ro\/"},{"@type":"ListItem","position":2,"name":"Gole\u0219ti Museum Summer Schedule"}]},{"@type":"WebSite","@id":"https:\/\/muzeulgolesti.ro\/ro\/#website","url":"https:\/\/muzeulgolesti.ro\/ro\/","name":"Muzeul Vititculturii si Pomiculturii Golesti","description":"Cultura, Etnografie, Istorie - Muzeul Vititculturii si Pomiculturii Golesti","publisher":{"@id":"https:\/\/muzeulgolesti.ro\/ro\/#organization"},"potentialAction":[{"@type":"SearchAction","target":{"@type":"EntryPoint","urlTemplate":"https:\/\/muzeulgolesti.ro\/ro\/?s={search_term_string}"},"query-input":{"@type":"PropertyValueSpecification","valueRequired":true,"valueName":"search_term_string"}}],"inLanguage":"ro-RO"},{"@type":"Organization","@id":"https:\/\/muzeulgolesti.ro\/ro\/#organization","name":"Muzeul Vititculturii si Pomiculturii Golesti","url":"https:\/\/muzeulgolesti.ro\/ro\/","logo":{"@type":"ImageObject","inLanguage":"ro-RO","@id":"https:\/\/muzeulgolesti.ro\/ro\/#\/schema\/logo\/image\/","url":"https:\/\/muzeulgolesti.ro\/wp-content\/uploads\/2022\/11\/SiglaMuzeu.jpg","contentUrl":"https:\/\/muzeulgolesti.ro\/wp-content\/uploads\/2022\/11\/SiglaMuzeu.jpg","width":86,"height":50,"caption":"Muzeul Vititculturii si Pomiculturii Golesti"},"image":{"@id":"https:\/\/muzeulgolesti.ro\/ro\/#\/schema\/logo\/image\/"},"sameAs":["https:\/\/web.facebook.com\/www.muzeulgolesti.ro"]},{"@type":"Person","@id":"https:\/\/muzeulgolesti.ro\/ro\/#\/schema\/person\/10f7278cf5f9da102e4cf1f75f098e5c","name":"Camelia C\u0103lin","url":"https:\/\/muzeulgolesti.ro\/ro\/author\/camelia\/"}]}},"_links":{"self":[{"href":"https:\/\/muzeulgolesti.ro\/ro\/wp-json\/wp\/v2\/posts\/7792","targetHints":{"allow":["GET"]}}],"collection":[{"href":"https:\/\/muzeulgolesti.ro\/ro\/wp-json\/wp\/v2\/posts"}],"about":[{"href":"https:\/\/muzeulgolesti.ro\/ro\/wp-json\/wp\/v2\/types\/post"}],"author":[{"embeddable":true,"href":"https:\/\/muzeulgolesti.ro\/ro\/wp-json\/wp\/v2\/users\/5"}],"replies":[{"embeddable":true,"href":"https:\/\/muzeulgolesti.ro\/ro\/wp-json\/wp\/v2\/comments?post=7792"}],"version-history":[{"count":3,"href":"https:\/\/muzeulgolesti.ro\/ro\/wp-json\/wp\/v2\/posts\/7792\/revisions"}],"predecessor-version":[{"id":7796,"href":"https:\/\/muzeulgolesti.ro\/ro\/wp-json\/wp\/v2\/posts\/7792\/revisions\/7796"}],"wp:featuredmedia":[{"embeddable":true,"href":"https:\/\/muzeulgolesti.ro\/ro\/wp-json\/wp\/v2\/media\/7793"}],"wp:attachment":[{"href":"https:\/\/muzeulgolesti.ro\/ro\/wp-json\/wp\/v2\/media?parent=7792"}],"wp:term":[{"taxonomy":"category","embeddable":true,"href":"https:\/\/muzeulgolesti.ro\/ro\/wp-json\/wp\/v2\/categories?post=7792"},{"taxonomy":"post_tag","embeddable":true,"href":"https:\/\/muzeulgolesti.ro\/ro\/wp-json\/wp\/v2\/tags?post=7792"}],"curies":[{"name":"wp","href":"https:\/\/api.w.org\/{rel}","templated":true}]}}