{"id":7802,"date":"2026-04-07T11:01:44","date_gmt":"2026-04-07T11:01:44","guid":{"rendered":"https:\/\/muzeulgolesti.ro\/ro\/?p=7802"},"modified":"2026-04-07T11:05:57","modified_gmt":"2026-04-07T11:05:57","slug":"programul-muzeului-golesti-in-perioada-sarbatorilor-pascale-2","status":"publish","type":"post","link":"https:\/\/muzeulgolesti.ro\/ro\/stiri\/programul-muzeului-golesti-in-perioada-sarbatorilor-pascale-2\/","title":{"rendered":"Programul Muzeului Gole\u0219ti \u00een perioada s\u0103rb\u0103torilor pascale"},"content":{"rendered":"<p>Dragi prieteni,<\/p>\n<p>Cu ocazia Pa\u0219telui Ortodox, echipa Muzeului Gole\u0219ti\u00a0 v\u0103 transmite cele mai calde \u0219i sincere ur\u0103ri de bine! Fie ca aceast\u0103\u00a0 perioad\u0103 de s\u0103rb\u0103toare s\u0103 v\u0103 aduc\u0103 multa lini\u0219te, fericire \u0219i armonie \u00een suflet. Zilele s\u0103 v\u0103 fie pline de bucurie, iar g\u00e2ndurile voastre s\u0103 fie \u00eenso\u021bite de pace \u0219i speran\u021b\u0103.<\/p>\n<p>S\u0103 petrece\u021bi timpul \u00eempreun\u0103 cu cei dragi \u0219i s\u0103 v\u0103 bucura\u021bi de momentele frumoase pe care vi le ofer\u0103 aceast\u0103 s\u0103rb\u0103toare. Este un timp \u00een care s\u0103 ne \u00eenc\u0103rc\u0103m bateriile pentru a porni mai departe \u00een aceast\u0103 c\u0103l\u0103torie numit\u0103 via\u021b\u0103, cu inima plina de speran\u021b\u0103 \u0219i bucurie.<\/p>\n<p>Sa g\u0103si\u021bi in aceasta perioada puterea de a ierta, de a fi genero\u0219i, de a oferi dragoste celor din jur.<\/p>\n<p>V\u0103 dorim un Pa\u0219te Fericit, plin de lumin\u0103 \u0219i speran\u021b\u0103!<\/p>\n<p>Hristos a \u00eenviat!<\/p>\n<p>&nbsp;<\/p>\n<p><strong>PROGRAMUL MUZEULUI GOLE\u0218TI:<\/strong><\/p>\n<p><strong>10-13 APRILIE 2026 : <span style=\"text-decoration: underline;\">\u00ceNCHIS<\/span><\/strong><\/p>\n<p>&nbsp;<\/p>\n<p>Din data de 14 aprilie 2026, v\u0103 a\u0219tept\u0103m de luni p\u00e2n\u0103 duminic\u0103, \u00eentre orele 9.00-18.00 (programul de var\u0103 al muzeului).<\/p>\n","protected":false},"excerpt":{"rendered":"<p>Dragi prieteni, Cu ocazia Pa\u0219telui Ortodox, echipa Muzeului Gole\u0219ti\u00a0 v\u0103 transmite cele mai calde \u0219i sincere ur\u0103ri de bine! Fie ca aceast\u0103\u00a0 perioad\u0103 de s\u0103rb\u0103toare s\u0103 v\u0103 aduc\u0103 multa lini\u0219te,  [&#8230;]<\/p>\n","protected":false},"author":5,"featured_media":7192,"comment_status":"closed","ping_status":"closed","sticky":false,"template":"","format":"standard","meta":{"footnotes":""},"categories":[54],"tags":[],"class_list":["post-7802","post","type-post","status-publish","format-standard","has-post-thumbnail","hentry","category-stiri"],"yoast_head":"<!-- This site is optimized with the Yoast SEO plugin v27.5 - https:\/\/yoast.com\/product\/yoast-seo-wordpress\/ -->\n<title>Programul Muzeului Gole\u0219ti \u00een perioada s\u0103rb\u0103torilor pascale<\/title>\n<meta name=\"description\" content=\"Programul Muzeului Gole\u0219ti \u00een perioada s\u0103rb\u0103torilor pascale\" \/>\n<meta name=\"robots\" content=\"index, follow, max-snippet:-1, max-image-preview:large, max-video-preview:-1\" \/>\n<link rel=\"canonical\" href=\"https:\/\/muzeulgolesti.ro\/ro\/stiri\/programul-muzeului-golesti-in-perioada-sarbatorilor-pascale-2\/\" \/>\n<meta property=\"og:locale\" content=\"ro_RO\" \/>\n<meta property=\"og:locale:alternate\" content=\"en_UK\" \/>\n<meta property=\"og:type\" content=\"article\" \/>\n<meta property=\"og:title\" content=\"Programul Muzeului Gole\u0219ti \u00een perioada s\u0103rb\u0103torilor pascale\" \/>\n<meta property=\"og:description\" content=\"Programul Muzeului Gole\u0219ti \u00een perioada s\u0103rb\u0103torilor pascale\" \/>\n<meta property=\"og:url\" content=\"https:\/\/muzeulgolesti.ro\/ro\/stiri\/programul-muzeului-golesti-in-perioada-sarbatorilor-pascale-2\/\" \/>\n<meta property=\"og:site_name\" content=\"Muzeul Viticulturii si Pomiculturii Golesti\" \/>\n<meta property=\"article:publisher\" content=\"https:\/\/web.facebook.com\/www.muzeulgolesti.ro\" \/>\n<meta property=\"article:published_time\" content=\"2026-04-07T11:01:44+00:00\" \/>\n<meta property=\"article:modified_time\" content=\"2026-04-07T11:05:57+00:00\" \/>\n<meta property=\"og:image\" content=\"https:\/\/muzeulgolesti.ro\/wp-content\/uploads\/2025\/04\/paste-2025.jpg\" \/>\n\t<meta property=\"og:image:width\" content=\"900\" \/>\n\t<meta property=\"og:image:height\" content=\"508\" \/>\n\t<meta property=\"og:image:type\" content=\"image\/jpeg\" \/>\n<meta name=\"author\" content=\"Camelia C\u0103lin\" \/>\n<meta name=\"twitter:card\" content=\"summary_large_image\" \/>\n<meta name=\"twitter:label1\" content=\"Scris de\" \/>\n\t<meta name=\"twitter:data1\" content=\"Camelia C\u0103lin\" \/>\n\t<meta name=\"twitter:label2\" content=\"Timp estimat pentru citire\" \/>\n\t<meta name=\"twitter:data2\" content=\"1 minut\" \/>\n<script type=\"application\/ld+json\" class=\"yoast-schema-graph\">{\"@context\":\"https:\\\/\\\/schema.org\",\"@graph\":[{\"@type\":\"Article\",\"@id\":\"https:\\\/\\\/muzeulgolesti.ro\\\/en\\\/stiri\\\/programul-muzeului-golesti-in-perioada-sarbatorilor-pascale-2\\\/#article\",\"isPartOf\":{\"@id\":\"https:\\\/\\\/muzeulgolesti.ro\\\/en\\\/stiri\\\/programul-muzeului-golesti-in-perioada-sarbatorilor-pascale-2\\\/\"},\"author\":{\"name\":\"Camelia C\u0103lin\",\"@id\":\"https:\\\/\\\/muzeulgolesti.ro\\\/ro\\\/#\\\/schema\\\/person\\\/10f7278cf5f9da102e4cf1f75f098e5c\"},\"headline\":\"Programul Muzeului Gole\u0219ti \u00een perioada s\u0103rb\u0103torilor pascale\",\"datePublished\":\"2026-04-07T11:01:44+00:00\",\"dateModified\":\"2026-04-07T11:05:57+00:00\",\"mainEntityOfPage\":{\"@id\":\"https:\\\/\\\/muzeulgolesti.ro\\\/en\\\/stiri\\\/programul-muzeului-golesti-in-perioada-sarbatorilor-pascale-2\\\/\"},\"wordCount\":345,\"publisher\":{\"@id\":\"https:\\\/\\\/muzeulgolesti.ro\\\/ro\\\/#organization\"},\"image\":{\"@id\":\"https:\\\/\\\/muzeulgolesti.ro\\\/en\\\/stiri\\\/programul-muzeului-golesti-in-perioada-sarbatorilor-pascale-2\\\/#primaryimage\"},\"thumbnailUrl\":\"https:\\\/\\\/muzeulgolesti.ro\\\/wp-content\\\/uploads\\\/2025\\\/04\\\/paste-2025.jpg\",\"articleSection\":[\"Stiri\"],\"inLanguage\":\"ro-RO\"},{\"@type\":\"WebPage\",\"@id\":\"https:\\\/\\\/muzeulgolesti.ro\\\/en\\\/stiri\\\/programul-muzeului-golesti-in-perioada-sarbatorilor-pascale-2\\\/\",\"url\":\"https:\\\/\\\/muzeulgolesti.ro\\\/en\\\/stiri\\\/programul-muzeului-golesti-in-perioada-sarbatorilor-pascale-2\\\/\",\"name\":\"Programul Muzeului Gole\u0219ti \u00een perioada s\u0103rb\u0103torilor pascale\",\"isPartOf\":{\"@id\":\"https:\\\/\\\/muzeulgolesti.ro\\\/ro\\\/#website\"},\"primaryImageOfPage\":{\"@id\":\"https:\\\/\\\/muzeulgolesti.ro\\\/en\\\/stiri\\\/programul-muzeului-golesti-in-perioada-sarbatorilor-pascale-2\\\/#primaryimage\"},\"image\":{\"@id\":\"https:\\\/\\\/muzeulgolesti.ro\\\/en\\\/stiri\\\/programul-muzeului-golesti-in-perioada-sarbatorilor-pascale-2\\\/#primaryimage\"},\"thumbnailUrl\":\"https:\\\/\\\/muzeulgolesti.ro\\\/wp-content\\\/uploads\\\/2025\\\/04\\\/paste-2025.jpg\",\"datePublished\":\"2026-04-07T11:01:44+00:00\",\"dateModified\":\"2026-04-07T11:05:57+00:00\",\"description\":\"Programul Muzeului Gole\u0219ti \u00een perioada s\u0103rb\u0103torilor pascale\",\"breadcrumb\":{\"@id\":\"https:\\\/\\\/muzeulgolesti.ro\\\/en\\\/stiri\\\/programul-muzeului-golesti-in-perioada-sarbatorilor-pascale-2\\\/#breadcrumb\"},\"inLanguage\":\"ro-RO\",\"potentialAction\":[{\"@type\":\"ReadAction\",\"target\":[\"https:\\\/\\\/muzeulgolesti.ro\\\/en\\\/stiri\\\/programul-muzeului-golesti-in-perioada-sarbatorilor-pascale-2\\\/\"]}]},{\"@type\":\"ImageObject\",\"inLanguage\":\"ro-RO\",\"@id\":\"https:\\\/\\\/muzeulgolesti.ro\\\/en\\\/stiri\\\/programul-muzeului-golesti-in-perioada-sarbatorilor-pascale-2\\\/#primaryimage\",\"url\":\"https:\\\/\\\/muzeulgolesti.ro\\\/wp-content\\\/uploads\\\/2025\\\/04\\\/paste-2025.jpg\",\"contentUrl\":\"https:\\\/\\\/muzeulgolesti.ro\\\/wp-content\\\/uploads\\\/2025\\\/04\\\/paste-2025.jpg\",\"width\":900,\"height\":508},{\"@type\":\"BreadcrumbList\",\"@id\":\"https:\\\/\\\/muzeulgolesti.ro\\\/en\\\/stiri\\\/programul-muzeului-golesti-in-perioada-sarbatorilor-pascale-2\\\/#breadcrumb\",\"itemListElement\":[{\"@type\":\"ListItem\",\"position\":1,\"name\":\"Prima pagin\u0103\",\"item\":\"https:\\\/\\\/muzeulgolesti.ro\\\/ro\\\/\"},{\"@type\":\"ListItem\",\"position\":2,\"name\":\"The Golesti Museum&#8217;s schedule during the Ortodox Easter holidays\"}]},{\"@type\":\"WebSite\",\"@id\":\"https:\\\/\\\/muzeulgolesti.ro\\\/ro\\\/#website\",\"url\":\"https:\\\/\\\/muzeulgolesti.ro\\\/ro\\\/\",\"name\":\"Muzeul Vititculturii si Pomiculturii Golesti\",\"description\":\"Cultura, Etnografie, Istorie - Muzeul Vititculturii si Pomiculturii Golesti\",\"publisher\":{\"@id\":\"https:\\\/\\\/muzeulgolesti.ro\\\/ro\\\/#organization\"},\"potentialAction\":[{\"@type\":\"SearchAction\",\"target\":{\"@type\":\"EntryPoint\",\"urlTemplate\":\"https:\\\/\\\/muzeulgolesti.ro\\\/ro\\\/?s={search_term_string}\"},\"query-input\":{\"@type\":\"PropertyValueSpecification\",\"valueRequired\":true,\"valueName\":\"search_term_string\"}}],\"inLanguage\":\"ro-RO\"},{\"@type\":\"Organization\",\"@id\":\"https:\\\/\\\/muzeulgolesti.ro\\\/ro\\\/#organization\",\"name\":\"Muzeul Vititculturii si Pomiculturii Golesti\",\"url\":\"https:\\\/\\\/muzeulgolesti.ro\\\/ro\\\/\",\"logo\":{\"@type\":\"ImageObject\",\"inLanguage\":\"ro-RO\",\"@id\":\"https:\\\/\\\/muzeulgolesti.ro\\\/ro\\\/#\\\/schema\\\/logo\\\/image\\\/\",\"url\":\"https:\\\/\\\/muzeulgolesti.ro\\\/wp-content\\\/uploads\\\/2022\\\/11\\\/SiglaMuzeu.jpg\",\"contentUrl\":\"https:\\\/\\\/muzeulgolesti.ro\\\/wp-content\\\/uploads\\\/2022\\\/11\\\/SiglaMuzeu.jpg\",\"width\":86,\"height\":50,\"caption\":\"Muzeul Vititculturii si Pomiculturii Golesti\"},\"image\":{\"@id\":\"https:\\\/\\\/muzeulgolesti.ro\\\/ro\\\/#\\\/schema\\\/logo\\\/image\\\/\"},\"sameAs\":[\"https:\\\/\\\/web.facebook.com\\\/www.muzeulgolesti.ro\"]},{\"@type\":\"Person\",\"@id\":\"https:\\\/\\\/muzeulgolesti.ro\\\/ro\\\/#\\\/schema\\\/person\\\/10f7278cf5f9da102e4cf1f75f098e5c\",\"name\":\"Camelia C\u0103lin\",\"url\":\"https:\\\/\\\/muzeulgolesti.ro\\\/ro\\\/author\\\/camelia\\\/\"}]}<\/script>\n<!-- \/ Yoast SEO plugin. -->","yoast_head_json":{"title":"Programul Muzeului Gole\u0219ti \u00een perioada s\u0103rb\u0103torilor pascale","description":"[:ro]Programul Muzeului Gole\u0219ti \u00een perioada s\u0103rb\u0103torilor pascale[:en]The Golesti Museum's schedule during the Ortodox Easter holidays[:]","robots":{"index":"index","follow":"follow","max-snippet":"max-snippet:-1","max-image-preview":"max-image-preview:large","max-video-preview":"max-video-preview:-1"},"canonical":"https:\/\/muzeulgolesti.ro\/ro\/stiri\/programul-muzeului-golesti-in-perioada-sarbatorilor-pascale-2\/","og_locale":"ro_RO","og_type":"article","og_title":"[:ro]Programul Muzeului Gole\u0219ti \u00een perioada s\u0103rb\u0103torilor pascale[:en]The Golesti Museum's schedule during the Ortodox Easter holidays[:] - Muzeul Viticulturii si Pomiculturii Golesti","og_description":"[:ro]Programul Muzeului Gole\u0219ti \u00een perioada s\u0103rb\u0103torilor pascale[:en]The Golesti Museum's schedule during the Ortodox Easter holidays[:]","og_url":"https:\/\/muzeulgolesti.ro\/ro\/stiri\/programul-muzeului-golesti-in-perioada-sarbatorilor-pascale-2\/","og_site_name":"Muzeul Viticulturii si Pomiculturii Golesti","article_publisher":"https:\/\/web.facebook.com\/www.muzeulgolesti.ro","article_published_time":"2026-04-07T11:01:44+00:00","article_modified_time":"2026-04-07T11:05:57+00:00","og_image":[{"width":900,"height":508,"url":"https:\/\/muzeulgolesti.ro\/wp-content\/uploads\/2025\/04\/paste-2025.jpg","type":"image\/jpeg"}],"author":"Camelia C\u0103lin","twitter_card":"summary_large_image","twitter_misc":{"Scris de":"Camelia C\u0103lin","Timp estimat pentru citire":"1 minut"},"schema":{"@context":"https:\/\/schema.org","@graph":[{"@type":"Article","@id":"https:\/\/muzeulgolesti.ro\/en\/stiri\/programul-muzeului-golesti-in-perioada-sarbatorilor-pascale-2\/#article","isPartOf":{"@id":"https:\/\/muzeulgolesti.ro\/en\/stiri\/programul-muzeului-golesti-in-perioada-sarbatorilor-pascale-2\/"},"author":{"name":"Camelia C\u0103lin","@id":"https:\/\/muzeulgolesti.ro\/ro\/#\/schema\/person\/10f7278cf5f9da102e4cf1f75f098e5c"},"headline":"Programul Muzeului Gole\u0219ti \u00een perioada s\u0103rb\u0103torilor pascale","datePublished":"2026-04-07T11:01:44+00:00","dateModified":"2026-04-07T11:05:57+00:00","mainEntityOfPage":{"@id":"https:\/\/muzeulgolesti.ro\/en\/stiri\/programul-muzeului-golesti-in-perioada-sarbatorilor-pascale-2\/"},"wordCount":345,"publisher":{"@id":"https:\/\/muzeulgolesti.ro\/ro\/#organization"},"image":{"@id":"https:\/\/muzeulgolesti.ro\/en\/stiri\/programul-muzeului-golesti-in-perioada-sarbatorilor-pascale-2\/#primaryimage"},"thumbnailUrl":"https:\/\/muzeulgolesti.ro\/wp-content\/uploads\/2025\/04\/paste-2025.jpg","articleSection":["Stiri"],"inLanguage":"ro-RO"},{"@type":"WebPage","@id":"https:\/\/muzeulgolesti.ro\/en\/stiri\/programul-muzeului-golesti-in-perioada-sarbatorilor-pascale-2\/","url":"https:\/\/muzeulgolesti.ro\/en\/stiri\/programul-muzeului-golesti-in-perioada-sarbatorilor-pascale-2\/","name":"Programul Muzeului Gole\u0219ti \u00een perioada s\u0103rb\u0103torilor pascale","isPartOf":{"@id":"https:\/\/muzeulgolesti.ro\/ro\/#website"},"primaryImageOfPage":{"@id":"https:\/\/muzeulgolesti.ro\/en\/stiri\/programul-muzeului-golesti-in-perioada-sarbatorilor-pascale-2\/#primaryimage"},"image":{"@id":"https:\/\/muzeulgolesti.ro\/en\/stiri\/programul-muzeului-golesti-in-perioada-sarbatorilor-pascale-2\/#primaryimage"},"thumbnailUrl":"https:\/\/muzeulgolesti.ro\/wp-content\/uploads\/2025\/04\/paste-2025.jpg","datePublished":"2026-04-07T11:01:44+00:00","dateModified":"2026-04-07T11:05:57+00:00","description":"Programul Muzeului Gole\u0219ti \u00een perioada s\u0103rb\u0103torilor pascale","breadcrumb":{"@id":"https:\/\/muzeulgolesti.ro\/en\/stiri\/programul-muzeului-golesti-in-perioada-sarbatorilor-pascale-2\/#breadcrumb"},"inLanguage":"ro-RO","potentialAction":[{"@type":"ReadAction","target":["https:\/\/muzeulgolesti.ro\/en\/stiri\/programul-muzeului-golesti-in-perioada-sarbatorilor-pascale-2\/"]}]},{"@type":"ImageObject","inLanguage":"ro-RO","@id":"https:\/\/muzeulgolesti.ro\/en\/stiri\/programul-muzeului-golesti-in-perioada-sarbatorilor-pascale-2\/#primaryimage","url":"https:\/\/muzeulgolesti.ro\/wp-content\/uploads\/2025\/04\/paste-2025.jpg","contentUrl":"https:\/\/muzeulgolesti.ro\/wp-content\/uploads\/2025\/04\/paste-2025.jpg","width":900,"height":508},{"@type":"BreadcrumbList","@id":"https:\/\/muzeulgolesti.ro\/en\/stiri\/programul-muzeului-golesti-in-perioada-sarbatorilor-pascale-2\/#breadcrumb","itemListElement":[{"@type":"ListItem","position":1,"name":"Prima pagin\u0103","item":"https:\/\/muzeulgolesti.ro\/ro\/"},{"@type":"ListItem","position":2,"name":"The Golesti Museum&#8217;s schedule during the Ortodox Easter holidays"}]},{"@type":"WebSite","@id":"https:\/\/muzeulgolesti.ro\/ro\/#website","url":"https:\/\/muzeulgolesti.ro\/ro\/","name":"Muzeul Vititculturii si Pomiculturii Golesti","description":"Cultura, Etnografie, Istorie - Muzeul Vititculturii si Pomiculturii Golesti","publisher":{"@id":"https:\/\/muzeulgolesti.ro\/ro\/#organization"},"potentialAction":[{"@type":"SearchAction","target":{"@type":"EntryPoint","urlTemplate":"https:\/\/muzeulgolesti.ro\/ro\/?s={search_term_string}"},"query-input":{"@type":"PropertyValueSpecification","valueRequired":true,"valueName":"search_term_string"}}],"inLanguage":"ro-RO"},{"@type":"Organization","@id":"https:\/\/muzeulgolesti.ro\/ro\/#organization","name":"Muzeul Vititculturii si Pomiculturii Golesti","url":"https:\/\/muzeulgolesti.ro\/ro\/","logo":{"@type":"ImageObject","inLanguage":"ro-RO","@id":"https:\/\/muzeulgolesti.ro\/ro\/#\/schema\/logo\/image\/","url":"https:\/\/muzeulgolesti.ro\/wp-content\/uploads\/2022\/11\/SiglaMuzeu.jpg","contentUrl":"https:\/\/muzeulgolesti.ro\/wp-content\/uploads\/2022\/11\/SiglaMuzeu.jpg","width":86,"height":50,"caption":"Muzeul Vititculturii si Pomiculturii Golesti"},"image":{"@id":"https:\/\/muzeulgolesti.ro\/ro\/#\/schema\/logo\/image\/"},"sameAs":["https:\/\/web.facebook.com\/www.muzeulgolesti.ro"]},{"@type":"Person","@id":"https:\/\/muzeulgolesti.ro\/ro\/#\/schema\/person\/10f7278cf5f9da102e4cf1f75f098e5c","name":"Camelia C\u0103lin","url":"https:\/\/muzeulgolesti.ro\/ro\/author\/camelia\/"}]}},"_links":{"self":[{"href":"https:\/\/muzeulgolesti.ro\/ro\/wp-json\/wp\/v2\/posts\/7802","targetHints":{"allow":["GET"]}}],"collection":[{"href":"https:\/\/muzeulgolesti.ro\/ro\/wp-json\/wp\/v2\/posts"}],"about":[{"href":"https:\/\/muzeulgolesti.ro\/ro\/wp-json\/wp\/v2\/types\/post"}],"author":[{"embeddable":true,"href":"https:\/\/muzeulgolesti.ro\/ro\/wp-json\/wp\/v2\/users\/5"}],"replies":[{"embeddable":true,"href":"https:\/\/muzeulgolesti.ro\/ro\/wp-json\/wp\/v2\/comments?post=7802"}],"version-history":[{"count":4,"href":"https:\/\/muzeulgolesti.ro\/ro\/wp-json\/wp\/v2\/posts\/7802\/revisions"}],"predecessor-version":[{"id":7806,"href":"https:\/\/muzeulgolesti.ro\/ro\/wp-json\/wp\/v2\/posts\/7802\/revisions\/7806"}],"wp:featuredmedia":[{"embeddable":true,"href":"https:\/\/muzeulgolesti.ro\/ro\/wp-json\/wp\/v2\/media\/7192"}],"wp:attachment":[{"href":"https:\/\/muzeulgolesti.ro\/ro\/wp-json\/wp\/v2\/media?parent=7802"}],"wp:term":[{"taxonomy":"category","embeddable":true,"href":"https:\/\/muzeulgolesti.ro\/ro\/wp-json\/wp\/v2\/categories?post=7802"},{"taxonomy":"post_tag","embeddable":true,"href":"https:\/\/muzeulgolesti.ro\/ro\/wp-json\/wp\/v2\/tags?post=7802"}],"curies":[{"name":"wp","href":"https:\/\/api.w.org\/{rel}","templated":true}]}}