{"id":7828,"date":"2026-04-29T09:58:12","date_gmt":"2026-04-29T09:58:12","guid":{"rendered":"https:\/\/muzeulgolesti.ro\/ro\/?p=7828"},"modified":"2026-04-29T10:01:22","modified_gmt":"2026-04-29T10:01:22","slug":"expozitie-brindusa-bontea-si-radu-florea-manuscrise-solare","status":"publish","type":"post","link":"https:\/\/muzeulgolesti.ro\/ro\/evenimente\/expozitie-brindusa-bontea-si-radu-florea-manuscrise-solare\/","title":{"rendered":"Expozi\u021bie Br\u00eendu\u0219a Bontea \u015fi Radu Florea, \u201eManuscrise solare\u201d"},"content":{"rendered":"<p><img decoding=\"async\" class=\"aligncenter  wp-image-7830\" src=\"https:\/\/muzeulgolesti.ro\/wp-content\/uploads\/2026\/04\/IMG-20260416-WA0004-255x360.jpg\" alt=\"\" width=\"302\" height=\"426\" srcset=\"https:\/\/muzeulgolesti.ro\/wp-content\/uploads\/2026\/04\/IMG-20260416-WA0004-200x283.jpg 200w, https:\/\/muzeulgolesti.ro\/wp-content\/uploads\/2026\/04\/IMG-20260416-WA0004-255x360.jpg 255w, https:\/\/muzeulgolesti.ro\/wp-content\/uploads\/2026\/04\/IMG-20260416-WA0004-400x566.jpg 400w, https:\/\/muzeulgolesti.ro\/wp-content\/uploads\/2026\/04\/IMG-20260416-WA0004-600x849.jpg 600w, https:\/\/muzeulgolesti.ro\/wp-content\/uploads\/2026\/04\/IMG-20260416-WA0004-768x1086.jpg 768w, https:\/\/muzeulgolesti.ro\/wp-content\/uploads\/2026\/04\/IMG-20260416-WA0004-800x1131.jpg 800w, https:\/\/muzeulgolesti.ro\/wp-content\/uploads\/2026\/04\/IMG-20260416-WA0004-919x1300.jpg 919w, https:\/\/muzeulgolesti.ro\/wp-content\/uploads\/2026\/04\/IMG-20260416-WA0004-1086x1536.jpg 1086w, https:\/\/muzeulgolesti.ro\/wp-content\/uploads\/2026\/04\/IMG-20260416-WA0004-1200x1697.jpg 1200w, https:\/\/muzeulgolesti.ro\/wp-content\/uploads\/2026\/04\/IMG-20260416-WA0004-1448x2048.jpg 1448w, https:\/\/muzeulgolesti.ro\/wp-content\/uploads\/2026\/04\/IMG-20260416-WA0004.jpg 1810w\" sizes=\"(max-width: 302px) 100vw, 302px\" \/><\/p>\n<p>Joi, 9 mai 2026, va fi deschis\u0103 \u00een Sala de Art\u0103 Contemporan\u0103 a Muzeului Gole\u0219ti expozi\u021bia de pictur\u0103 intitulat\u0103 <em>Manuscrise solare<\/em>, apar\u021bin\u00e2nd cuplului de arti\u0219ti Br\u00eendu\u0219a Bontea \u015fi Radu Florea.<\/p>\n<p>Br\u00eendu\u015fa Bontea s-a n\u0103scut pe data de 14 februarie 1973, \u00een ora\u0219ul Bac\u0103u. \u00cen anul 1991 a absolvit Liceul Calistrat Hoga\u015f din Piatra Neam\u0163, iar \u00een 1998 Universitatea de Arte- Bucure\u015fti, Facultatea de Arte Plastice, Sec\u0163ia- Grafic\u0103, clasa Profesorilor Nistor Coita \u015fi Nicolae Alexi. Este membr\u0103 a Uniunii Arti\u0219tilor Plastici, Filiala Bucure\u0219ti, din 1998 \u015fi membr\u0103 VISARTA din 2013. A avut 7 expozi\u0163ii personale \u015fi peste 30 de expozi\u021bii colective.<\/p>\n<p>Radu Florea s-a n\u0103scut la 3 ianuarie 1973, \u00een ora\u0219ul Caracal. \u00cen anul 1991 a absolvit Liceu de Art\u0103 Nicolae Tonitza din Bucure\u015fti, iar \u00een anul 1998 Universitatea de Arte- Bucure\u0219ti, Facultatea de Arte Plastice, Sec\u021bia \u2013 Pictur\u0103, Clasa Profesorului Florin Mitroi. A avut 6 expozi\u021bii personale \u015fi peste 30 de expozi\u021bii colective.<\/p>\n<p>\u201cExpozi\u021bia Manuscrise Solare propune o incursiune vizual\u0103 \u00een care spa\u021biul sacru dialogheaz\u0103 subtil cu spa\u021biul profan \u0219i interogheaz\u0103 cromatic prezen\u021ba misticului. \u00cen universul plastic al Br\u00e2ndu\u0219ei Bontea, figura angelica devine nucleul unei poetici a luminii. \u00cengerii sunt veritabile \u201emanuscrise solare\u201d, \u00een care corporalitatea se tope\u0219te \u00een ,,scriitur\u0103\u201d \u0219i iradiere. Prin tu\u0219e fr\u00e2nte \u0219i laviuri diafane, aceste entit\u0103\u021bi par surprinse \u00eentr-un proces de dizolvare, supuse unei \u0219tergeri deliberate care le transform\u0103 \u00een grafisme fragile. Un alt filon esen\u021bial al demersului s\u0103u \u00eel constituie reprezentarea crucilor de leg\u0103m\u00e2nt din zona Gorjului. Intens colorate \u0219i \u00eenc\u0103rcate de semnele tradi\u021biei oltene\u0219ti, acestea sunt integrate \u00een structura vie a naturii, plasate pe trunchiuri sau \u00een ramuri de copaci \u0219i func\u021bioneaz\u0103 ca \u201elocuin\u021be ale sufletului\u201d \u00een intervalul de trecere al celor 40 de zile. \u00cen contrapunct, Radu Florea vine cu o abordare diferit\u0103 a sacrului. El invit\u0103 privitorul la o lectur\u0103 a absen\u021bei, acolo unde trecerea \u00eengerului devine mai real\u0103 dec\u00e2t prezen\u021ba sa fizic\u0103. Prezent\u00e2nd spa\u021bii laice \u00een proces avansat de degradare sau mai bine zis fragmente ale acestor spa\u021bii \u0219i folosind o palet\u0103 cromatic\u0103 restr\u00e2ns\u0103, dar atent modulat\u0103, contribuie la instaurarea unei tensiuni \u00eentre materialitate \u0219i lumin\u0103, \u00eentre consisten\u021b\u0103 \u0219i evanescen\u021b\u0103.\u201d (Text critic de Gabriela T\u0103nase).<\/p>\n<p>Expozi\u021bia <em>Manuscrise solare<\/em> va r\u0103m\u00e2ne pe simezele S\u0103lii de Art\u0103 Contemporan\u0103 a Muzeului Gole\u015fti p\u00e2n\u0103 pe data de 9 iulie 2026.<\/p>\n<p>Vernisajul\u00a0 va avea loc s\u00e2mb\u0103t\u0103, 9 mai 2026, de la ora 13:00.<\/p>\n<p>V\u0103 a\u0219tept\u0103m cu drag!<\/p>\n<p>Curator: Muzeograf Nicoleta Popa Grigore.<\/p>\n<p>&nbsp;<\/p>\n","protected":false},"excerpt":{"rendered":"<p>Joi, 9 mai 2026, va fi deschis\u0103 \u00een Sala de Art\u0103 Contemporan\u0103 a Muzeului Gole\u0219ti expozi\u021bia de pictur\u0103 intitulat\u0103 Manuscrise solare, apar\u021bin\u00e2nd cuplului de arti\u0219ti Br\u00eendu\u0219a Bontea \u015fi Radu Florea.  [&#8230;]<\/p>\n","protected":false},"author":5,"featured_media":7829,"comment_status":"closed","ping_status":"closed","sticky":false,"template":"","format":"standard","meta":{"footnotes":""},"categories":[1],"tags":[],"class_list":["post-7828","post","type-post","status-publish","format-standard","has-post-thumbnail","hentry","category-evenimente"],"yoast_head":"<!-- This site is optimized with the Yoast SEO plugin v27.5 - https:\/\/yoast.com\/product\/yoast-seo-wordpress\/ -->\n<title>Expozi\u021bie Br\u00eendu\u0219a Bontea \u015fi Radu Florea, \u201eManuscrise solare\u201d<\/title>\n<meta name=\"description\" content=\"Expozi\u021bie Br\u00eendu\u0219a Bontea \u015fi Radu Florea, \u201eManuscrise solare\u201d\" \/>\n<meta name=\"robots\" content=\"index, follow, max-snippet:-1, max-image-preview:large, max-video-preview:-1\" \/>\n<link rel=\"canonical\" href=\"https:\/\/muzeulgolesti.ro\/ro\/evenimente\/expozitie-brindusa-bontea-si-radu-florea-manuscrise-solare\/\" \/>\n<meta property=\"og:locale\" content=\"ro_RO\" \/>\n<meta property=\"og:locale:alternate\" content=\"en_UK\" \/>\n<meta property=\"og:type\" content=\"article\" \/>\n<meta property=\"og:title\" content=\"Expozi\u021bie Br\u00eendu\u0219a Bontea \u015fi Radu Florea, \u201eManuscrise solare\u201d\" \/>\n<meta property=\"og:description\" content=\"Expozi\u021bie Br\u00eendu\u0219a Bontea \u015fi Radu Florea, \u201eManuscrise solare\u201d\" \/>\n<meta property=\"og:url\" content=\"https:\/\/muzeulgolesti.ro\/ro\/evenimente\/expozitie-brindusa-bontea-si-radu-florea-manuscrise-solare\/\" \/>\n<meta property=\"og:site_name\" content=\"Muzeul Viticulturii si Pomiculturii Golesti\" \/>\n<meta property=\"article:publisher\" content=\"https:\/\/web.facebook.com\/www.muzeulgolesti.ro\" \/>\n<meta property=\"article:published_time\" content=\"2026-04-29T09:58:12+00:00\" \/>\n<meta property=\"article:modified_time\" content=\"2026-04-29T10:01:22+00:00\" \/>\n<meta property=\"og:image\" content=\"https:\/\/muzeulgolesti.ro\/wp-content\/uploads\/2026\/04\/coperta.jpg\" \/>\n\t<meta property=\"og:image:width\" content=\"900\" \/>\n\t<meta property=\"og:image:height\" content=\"508\" \/>\n\t<meta property=\"og:image:type\" content=\"image\/jpeg\" \/>\n<meta name=\"author\" content=\"Camelia C\u0103lin\" \/>\n<meta name=\"twitter:card\" content=\"summary_large_image\" \/>\n<meta name=\"twitter:label1\" content=\"Scris de\" \/>\n\t<meta name=\"twitter:data1\" content=\"Camelia C\u0103lin\" \/>\n\t<meta name=\"twitter:label2\" content=\"Timp estimat pentru citire\" \/>\n\t<meta name=\"twitter:data2\" content=\"3 minute\" \/>\n<script type=\"application\/ld+json\" class=\"yoast-schema-graph\">{\"@context\":\"https:\\\/\\\/schema.org\",\"@graph\":[{\"@type\":\"Article\",\"@id\":\"https:\\\/\\\/muzeulgolesti.ro\\\/en\\\/evenimente\\\/expozitie-brindusa-bontea-si-radu-florea-manuscrise-solare\\\/#article\",\"isPartOf\":{\"@id\":\"https:\\\/\\\/muzeulgolesti.ro\\\/en\\\/evenimente\\\/expozitie-brindusa-bontea-si-radu-florea-manuscrise-solare\\\/\"},\"author\":{\"name\":\"Camelia C\u0103lin\",\"@id\":\"https:\\\/\\\/muzeulgolesti.ro\\\/ro\\\/#\\\/schema\\\/person\\\/10f7278cf5f9da102e4cf1f75f098e5c\"},\"headline\":\"Expozi\u021bie Br\u00eendu\u0219a Bontea \u015fi Radu Florea, \u201eManuscrise solare\u201d\",\"datePublished\":\"2026-04-29T09:58:12+00:00\",\"dateModified\":\"2026-04-29T10:01:22+00:00\",\"mainEntityOfPage\":{\"@id\":\"https:\\\/\\\/muzeulgolesti.ro\\\/en\\\/evenimente\\\/expozitie-brindusa-bontea-si-radu-florea-manuscrise-solare\\\/\"},\"wordCount\":881,\"publisher\":{\"@id\":\"https:\\\/\\\/muzeulgolesti.ro\\\/ro\\\/#organization\"},\"image\":{\"@id\":\"https:\\\/\\\/muzeulgolesti.ro\\\/en\\\/evenimente\\\/expozitie-brindusa-bontea-si-radu-florea-manuscrise-solare\\\/#primaryimage\"},\"thumbnailUrl\":\"https:\\\/\\\/muzeulgolesti.ro\\\/wp-content\\\/uploads\\\/2026\\\/04\\\/coperta.jpg\",\"articleSection\":[\"Evenimente\"],\"inLanguage\":\"ro-RO\"},{\"@type\":\"WebPage\",\"@id\":\"https:\\\/\\\/muzeulgolesti.ro\\\/en\\\/evenimente\\\/expozitie-brindusa-bontea-si-radu-florea-manuscrise-solare\\\/\",\"url\":\"https:\\\/\\\/muzeulgolesti.ro\\\/en\\\/evenimente\\\/expozitie-brindusa-bontea-si-radu-florea-manuscrise-solare\\\/\",\"name\":\"Expozi\u021bie Br\u00eendu\u0219a Bontea \u015fi Radu Florea, \u201eManuscrise solare\u201d\",\"isPartOf\":{\"@id\":\"https:\\\/\\\/muzeulgolesti.ro\\\/ro\\\/#website\"},\"primaryImageOfPage\":{\"@id\":\"https:\\\/\\\/muzeulgolesti.ro\\\/en\\\/evenimente\\\/expozitie-brindusa-bontea-si-radu-florea-manuscrise-solare\\\/#primaryimage\"},\"image\":{\"@id\":\"https:\\\/\\\/muzeulgolesti.ro\\\/en\\\/evenimente\\\/expozitie-brindusa-bontea-si-radu-florea-manuscrise-solare\\\/#primaryimage\"},\"thumbnailUrl\":\"https:\\\/\\\/muzeulgolesti.ro\\\/wp-content\\\/uploads\\\/2026\\\/04\\\/coperta.jpg\",\"datePublished\":\"2026-04-29T09:58:12+00:00\",\"dateModified\":\"2026-04-29T10:01:22+00:00\",\"description\":\"Expozi\u021bie Br\u00eendu\u0219a Bontea \u015fi Radu Florea, \u201eManuscrise solare\u201d\",\"breadcrumb\":{\"@id\":\"https:\\\/\\\/muzeulgolesti.ro\\\/en\\\/evenimente\\\/expozitie-brindusa-bontea-si-radu-florea-manuscrise-solare\\\/#breadcrumb\"},\"inLanguage\":\"ro-RO\",\"potentialAction\":[{\"@type\":\"ReadAction\",\"target\":[\"https:\\\/\\\/muzeulgolesti.ro\\\/en\\\/evenimente\\\/expozitie-brindusa-bontea-si-radu-florea-manuscrise-solare\\\/\"]}]},{\"@type\":\"ImageObject\",\"inLanguage\":\"ro-RO\",\"@id\":\"https:\\\/\\\/muzeulgolesti.ro\\\/en\\\/evenimente\\\/expozitie-brindusa-bontea-si-radu-florea-manuscrise-solare\\\/#primaryimage\",\"url\":\"https:\\\/\\\/muzeulgolesti.ro\\\/wp-content\\\/uploads\\\/2026\\\/04\\\/coperta.jpg\",\"contentUrl\":\"https:\\\/\\\/muzeulgolesti.ro\\\/wp-content\\\/uploads\\\/2026\\\/04\\\/coperta.jpg\",\"width\":900,\"height\":508},{\"@type\":\"BreadcrumbList\",\"@id\":\"https:\\\/\\\/muzeulgolesti.ro\\\/en\\\/evenimente\\\/expozitie-brindusa-bontea-si-radu-florea-manuscrise-solare\\\/#breadcrumb\",\"itemListElement\":[{\"@type\":\"ListItem\",\"position\":1,\"name\":\"Prima pagin\u0103\",\"item\":\"https:\\\/\\\/muzeulgolesti.ro\\\/ro\\\/\"},{\"@type\":\"ListItem\",\"position\":2,\"name\":\"Exhibition by Br\u00eendu\u0219a Bontea and Radu Florea, \u201eSolar Manuscripts\u201d\"}]},{\"@type\":\"WebSite\",\"@id\":\"https:\\\/\\\/muzeulgolesti.ro\\\/ro\\\/#website\",\"url\":\"https:\\\/\\\/muzeulgolesti.ro\\\/ro\\\/\",\"name\":\"Muzeul Vititculturii si Pomiculturii Golesti\",\"description\":\"Cultura, Etnografie, Istorie - Muzeul Vititculturii si Pomiculturii Golesti\",\"publisher\":{\"@id\":\"https:\\\/\\\/muzeulgolesti.ro\\\/ro\\\/#organization\"},\"potentialAction\":[{\"@type\":\"SearchAction\",\"target\":{\"@type\":\"EntryPoint\",\"urlTemplate\":\"https:\\\/\\\/muzeulgolesti.ro\\\/ro\\\/?s={search_term_string}\"},\"query-input\":{\"@type\":\"PropertyValueSpecification\",\"valueRequired\":true,\"valueName\":\"search_term_string\"}}],\"inLanguage\":\"ro-RO\"},{\"@type\":\"Organization\",\"@id\":\"https:\\\/\\\/muzeulgolesti.ro\\\/ro\\\/#organization\",\"name\":\"Muzeul Vititculturii si Pomiculturii Golesti\",\"url\":\"https:\\\/\\\/muzeulgolesti.ro\\\/ro\\\/\",\"logo\":{\"@type\":\"ImageObject\",\"inLanguage\":\"ro-RO\",\"@id\":\"https:\\\/\\\/muzeulgolesti.ro\\\/ro\\\/#\\\/schema\\\/logo\\\/image\\\/\",\"url\":\"https:\\\/\\\/muzeulgolesti.ro\\\/wp-content\\\/uploads\\\/2022\\\/11\\\/SiglaMuzeu.jpg\",\"contentUrl\":\"https:\\\/\\\/muzeulgolesti.ro\\\/wp-content\\\/uploads\\\/2022\\\/11\\\/SiglaMuzeu.jpg\",\"width\":86,\"height\":50,\"caption\":\"Muzeul Vititculturii si Pomiculturii Golesti\"},\"image\":{\"@id\":\"https:\\\/\\\/muzeulgolesti.ro\\\/ro\\\/#\\\/schema\\\/logo\\\/image\\\/\"},\"sameAs\":[\"https:\\\/\\\/web.facebook.com\\\/www.muzeulgolesti.ro\"]},{\"@type\":\"Person\",\"@id\":\"https:\\\/\\\/muzeulgolesti.ro\\\/ro\\\/#\\\/schema\\\/person\\\/10f7278cf5f9da102e4cf1f75f098e5c\",\"name\":\"Camelia C\u0103lin\",\"url\":\"https:\\\/\\\/muzeulgolesti.ro\\\/ro\\\/author\\\/camelia\\\/\"}]}<\/script>\n<!-- \/ Yoast SEO plugin. -->","yoast_head_json":{"title":"Expozi\u021bie Br\u00eendu\u0219a Bontea \u015fi Radu Florea, \u201eManuscrise solare\u201d","description":"[:ro]Expozi\u021bie Br\u00eendu\u0219a Bontea \u015fi Radu Florea, \u201eManuscrise solare\u201d[:en]Exhibition by Br\u00eendu\u0219a Bontea and Radu Florea, \u201eSolar Manuscripts\u201d[:]","robots":{"index":"index","follow":"follow","max-snippet":"max-snippet:-1","max-image-preview":"max-image-preview:large","max-video-preview":"max-video-preview:-1"},"canonical":"https:\/\/muzeulgolesti.ro\/ro\/evenimente\/expozitie-brindusa-bontea-si-radu-florea-manuscrise-solare\/","og_locale":"ro_RO","og_type":"article","og_title":"[:ro]Expozi\u021bie Br\u00eendu\u0219a Bontea \u015fi Radu Florea, \u201eManuscrise solare\u201d[:en]Exhibition by Br\u00eendu\u0219a Bontea and Radu Florea, \u201eSolar Manuscripts\u201d[:] - Muzeul Viticulturii si Pomiculturii Golesti","og_description":"[:ro]Expozi\u021bie Br\u00eendu\u0219a Bontea \u015fi Radu Florea, \u201eManuscrise solare\u201d[:en]Exhibition by Br\u00eendu\u0219a Bontea and Radu Florea, \u201eSolar Manuscripts\u201d[:]","og_url":"https:\/\/muzeulgolesti.ro\/ro\/evenimente\/expozitie-brindusa-bontea-si-radu-florea-manuscrise-solare\/","og_site_name":"Muzeul Viticulturii si Pomiculturii Golesti","article_publisher":"https:\/\/web.facebook.com\/www.muzeulgolesti.ro","article_published_time":"2026-04-29T09:58:12+00:00","article_modified_time":"2026-04-29T10:01:22+00:00","og_image":[{"width":900,"height":508,"url":"https:\/\/muzeulgolesti.ro\/wp-content\/uploads\/2026\/04\/coperta.jpg","type":"image\/jpeg"}],"author":"Camelia C\u0103lin","twitter_card":"summary_large_image","twitter_misc":{"Scris de":"Camelia C\u0103lin","Timp estimat pentru citire":"3 minute"},"schema":{"@context":"https:\/\/schema.org","@graph":[{"@type":"Article","@id":"https:\/\/muzeulgolesti.ro\/en\/evenimente\/expozitie-brindusa-bontea-si-radu-florea-manuscrise-solare\/#article","isPartOf":{"@id":"https:\/\/muzeulgolesti.ro\/en\/evenimente\/expozitie-brindusa-bontea-si-radu-florea-manuscrise-solare\/"},"author":{"name":"Camelia C\u0103lin","@id":"https:\/\/muzeulgolesti.ro\/ro\/#\/schema\/person\/10f7278cf5f9da102e4cf1f75f098e5c"},"headline":"Expozi\u021bie Br\u00eendu\u0219a Bontea \u015fi Radu Florea, \u201eManuscrise solare\u201d","datePublished":"2026-04-29T09:58:12+00:00","dateModified":"2026-04-29T10:01:22+00:00","mainEntityOfPage":{"@id":"https:\/\/muzeulgolesti.ro\/en\/evenimente\/expozitie-brindusa-bontea-si-radu-florea-manuscrise-solare\/"},"wordCount":881,"publisher":{"@id":"https:\/\/muzeulgolesti.ro\/ro\/#organization"},"image":{"@id":"https:\/\/muzeulgolesti.ro\/en\/evenimente\/expozitie-brindusa-bontea-si-radu-florea-manuscrise-solare\/#primaryimage"},"thumbnailUrl":"https:\/\/muzeulgolesti.ro\/wp-content\/uploads\/2026\/04\/coperta.jpg","articleSection":["Evenimente"],"inLanguage":"ro-RO"},{"@type":"WebPage","@id":"https:\/\/muzeulgolesti.ro\/en\/evenimente\/expozitie-brindusa-bontea-si-radu-florea-manuscrise-solare\/","url":"https:\/\/muzeulgolesti.ro\/en\/evenimente\/expozitie-brindusa-bontea-si-radu-florea-manuscrise-solare\/","name":"Expozi\u021bie Br\u00eendu\u0219a Bontea \u015fi Radu Florea, \u201eManuscrise solare\u201d","isPartOf":{"@id":"https:\/\/muzeulgolesti.ro\/ro\/#website"},"primaryImageOfPage":{"@id":"https:\/\/muzeulgolesti.ro\/en\/evenimente\/expozitie-brindusa-bontea-si-radu-florea-manuscrise-solare\/#primaryimage"},"image":{"@id":"https:\/\/muzeulgolesti.ro\/en\/evenimente\/expozitie-brindusa-bontea-si-radu-florea-manuscrise-solare\/#primaryimage"},"thumbnailUrl":"https:\/\/muzeulgolesti.ro\/wp-content\/uploads\/2026\/04\/coperta.jpg","datePublished":"2026-04-29T09:58:12+00:00","dateModified":"2026-04-29T10:01:22+00:00","description":"Expozi\u021bie Br\u00eendu\u0219a Bontea \u015fi Radu Florea, \u201eManuscrise solare\u201d","breadcrumb":{"@id":"https:\/\/muzeulgolesti.ro\/en\/evenimente\/expozitie-brindusa-bontea-si-radu-florea-manuscrise-solare\/#breadcrumb"},"inLanguage":"ro-RO","potentialAction":[{"@type":"ReadAction","target":["https:\/\/muzeulgolesti.ro\/en\/evenimente\/expozitie-brindusa-bontea-si-radu-florea-manuscrise-solare\/"]}]},{"@type":"ImageObject","inLanguage":"ro-RO","@id":"https:\/\/muzeulgolesti.ro\/en\/evenimente\/expozitie-brindusa-bontea-si-radu-florea-manuscrise-solare\/#primaryimage","url":"https:\/\/muzeulgolesti.ro\/wp-content\/uploads\/2026\/04\/coperta.jpg","contentUrl":"https:\/\/muzeulgolesti.ro\/wp-content\/uploads\/2026\/04\/coperta.jpg","width":900,"height":508},{"@type":"BreadcrumbList","@id":"https:\/\/muzeulgolesti.ro\/en\/evenimente\/expozitie-brindusa-bontea-si-radu-florea-manuscrise-solare\/#breadcrumb","itemListElement":[{"@type":"ListItem","position":1,"name":"Prima pagin\u0103","item":"https:\/\/muzeulgolesti.ro\/ro\/"},{"@type":"ListItem","position":2,"name":"Exhibition by Br\u00eendu\u0219a Bontea and Radu Florea, \u201eSolar Manuscripts\u201d"}]},{"@type":"WebSite","@id":"https:\/\/muzeulgolesti.ro\/ro\/#website","url":"https:\/\/muzeulgolesti.ro\/ro\/","name":"Muzeul Vititculturii si Pomiculturii Golesti","description":"Cultura, Etnografie, Istorie - Muzeul Vititculturii si Pomiculturii Golesti","publisher":{"@id":"https:\/\/muzeulgolesti.ro\/ro\/#organization"},"potentialAction":[{"@type":"SearchAction","target":{"@type":"EntryPoint","urlTemplate":"https:\/\/muzeulgolesti.ro\/ro\/?s={search_term_string}"},"query-input":{"@type":"PropertyValueSpecification","valueRequired":true,"valueName":"search_term_string"}}],"inLanguage":"ro-RO"},{"@type":"Organization","@id":"https:\/\/muzeulgolesti.ro\/ro\/#organization","name":"Muzeul Vititculturii si Pomiculturii Golesti","url":"https:\/\/muzeulgolesti.ro\/ro\/","logo":{"@type":"ImageObject","inLanguage":"ro-RO","@id":"https:\/\/muzeulgolesti.ro\/ro\/#\/schema\/logo\/image\/","url":"https:\/\/muzeulgolesti.ro\/wp-content\/uploads\/2022\/11\/SiglaMuzeu.jpg","contentUrl":"https:\/\/muzeulgolesti.ro\/wp-content\/uploads\/2022\/11\/SiglaMuzeu.jpg","width":86,"height":50,"caption":"Muzeul Vititculturii si Pomiculturii Golesti"},"image":{"@id":"https:\/\/muzeulgolesti.ro\/ro\/#\/schema\/logo\/image\/"},"sameAs":["https:\/\/web.facebook.com\/www.muzeulgolesti.ro"]},{"@type":"Person","@id":"https:\/\/muzeulgolesti.ro\/ro\/#\/schema\/person\/10f7278cf5f9da102e4cf1f75f098e5c","name":"Camelia C\u0103lin","url":"https:\/\/muzeulgolesti.ro\/ro\/author\/camelia\/"}]}},"_links":{"self":[{"href":"https:\/\/muzeulgolesti.ro\/ro\/wp-json\/wp\/v2\/posts\/7828","targetHints":{"allow":["GET"]}}],"collection":[{"href":"https:\/\/muzeulgolesti.ro\/ro\/wp-json\/wp\/v2\/posts"}],"about":[{"href":"https:\/\/muzeulgolesti.ro\/ro\/wp-json\/wp\/v2\/types\/post"}],"author":[{"embeddable":true,"href":"https:\/\/muzeulgolesti.ro\/ro\/wp-json\/wp\/v2\/users\/5"}],"replies":[{"embeddable":true,"href":"https:\/\/muzeulgolesti.ro\/ro\/wp-json\/wp\/v2\/comments?post=7828"}],"version-history":[{"count":3,"href":"https:\/\/muzeulgolesti.ro\/ro\/wp-json\/wp\/v2\/posts\/7828\/revisions"}],"predecessor-version":[{"id":7833,"href":"https:\/\/muzeulgolesti.ro\/ro\/wp-json\/wp\/v2\/posts\/7828\/revisions\/7833"}],"wp:featuredmedia":[{"embeddable":true,"href":"https:\/\/muzeulgolesti.ro\/ro\/wp-json\/wp\/v2\/media\/7829"}],"wp:attachment":[{"href":"https:\/\/muzeulgolesti.ro\/ro\/wp-json\/wp\/v2\/media?parent=7828"}],"wp:term":[{"taxonomy":"category","embeddable":true,"href":"https:\/\/muzeulgolesti.ro\/ro\/wp-json\/wp\/v2\/categories?post=7828"},{"taxonomy":"post_tag","embeddable":true,"href":"https:\/\/muzeulgolesti.ro\/ro\/wp-json\/wp\/v2\/tags?post=7828"}],"curies":[{"name":"wp","href":"https:\/\/api.w.org\/{rel}","templated":true}]}}