{"id":7835,"date":"2026-04-29T11:59:54","date_gmt":"2026-04-29T11:59:54","guid":{"rendered":"https:\/\/muzeulgolesti.ro\/ro\/?p=7835"},"modified":"2026-04-29T12:03:53","modified_gmt":"2026-04-29T12:03:53","slug":"conferinta-nationala-salvgardarea-patromoniului-cultural-imaterial-metode-si-perspective","status":"publish","type":"post","link":"https:\/\/muzeulgolesti.ro\/ro\/evenimente\/conferinta-nationala-salvgardarea-patromoniului-cultural-imaterial-metode-si-perspective\/","title":{"rendered":"Conferin\u021ba Na\u021bional\u0103: SALVGARDAREA PATROMONIULUI CULTURAL IMATERIAL &#8211; METODE \u0218I PERSPECTIVE"},"content":{"rendered":"<p><img decoding=\"async\" class=\"aligncenter wp-image-7836\" src=\"https:\/\/muzeulgolesti.ro\/wp-content\/uploads\/2026\/04\/Afis-Caludiu-1a.png\" alt=\"\" width=\"298\" height=\"421\" srcset=\"https:\/\/muzeulgolesti.ro\/wp-content\/uploads\/2026\/04\/Afis-Caludiu-1a-200x282.png 200w, https:\/\/muzeulgolesti.ro\/wp-content\/uploads\/2026\/04\/Afis-Caludiu-1a.png 248w\" sizes=\"(max-width: 298px) 100vw, 298px\" \/><\/p>\n<p><img decoding=\"async\" class=\"aligncenter wp-image-7839\" src=\"https:\/\/muzeulgolesti.ro\/wp-content\/uploads\/2026\/04\/invitatie-claudiu-255x360.png\" alt=\"\" width=\"296\" height=\"418\" srcset=\"https:\/\/muzeulgolesti.ro\/wp-content\/uploads\/2026\/04\/invitatie-claudiu-200x282.png 200w, https:\/\/muzeulgolesti.ro\/wp-content\/uploads\/2026\/04\/invitatie-claudiu-255x360.png 255w, https:\/\/muzeulgolesti.ro\/wp-content\/uploads\/2026\/04\/invitatie-claudiu-400x564.png 400w, https:\/\/muzeulgolesti.ro\/wp-content\/uploads\/2026\/04\/invitatie-claudiu-600x846.png 600w, https:\/\/muzeulgolesti.ro\/wp-content\/uploads\/2026\/04\/invitatie-claudiu-768x1083.png 768w, https:\/\/muzeulgolesti.ro\/wp-content\/uploads\/2026\/04\/invitatie-claudiu-800x1128.png 800w, https:\/\/muzeulgolesti.ro\/wp-content\/uploads\/2026\/04\/invitatie-claudiu-922x1300.png 922w, https:\/\/muzeulgolesti.ro\/wp-content\/uploads\/2026\/04\/invitatie-claudiu-1090x1536.png 1090w, https:\/\/muzeulgolesti.ro\/wp-content\/uploads\/2026\/04\/invitatie-claudiu-1200x1692.png 1200w, https:\/\/muzeulgolesti.ro\/wp-content\/uploads\/2026\/04\/invitatie-claudiu.png 1240w\" sizes=\"(max-width: 296px) 100vw, 296px\" \/><\/p>\n<p style=\"text-align: center;\"><strong>PROGRAM<\/strong><\/p>\n<p style=\"text-align: center;\"><strong>Mar\u021bi, 5 mai 2026<\/strong><\/p>\n<p style=\"text-align: center;\"><strong>CONFERIN\u021aA NA\u021aIONAL\u0102<\/strong><\/p>\n<p style=\"text-align: center;\"><strong>SALVGARDAREA PATRIMONIULUI CULTURAL IMATERIAL- METODE \u0218I PERSPECTIVE<\/strong><\/p>\n<p><strong>ORGANIZATORI:<\/strong><\/p>\n<p>Consiliul Jude\u021bean Arge\u0219<\/p>\n<p>Muzeul Viticulturii \u0219i Pomiculturii Gole\u0219ti<\/p>\n<p>Comisia Na\u021bional\u0103 de Salvgardare a Patrimoniului Cultural Imaterial din Ministerul Culturii<\/p>\n<p><strong>COMITET DE ORGANIZARE:<\/strong><\/p>\n<ol>\n<li>Beatrice Todireanu, secretar CNSCPI, Ministerul Culturii<\/li>\n<li>Diana Elena \u0218tef\u0103nescu, director Direc\u021bia Economic\u0103 \u0219i Marketing<\/li>\n<li>Ion Ti\u021ba-Nicolescu, cercet\u0103tor \u0219tiin\u021bific III<\/li>\n<li>Camelia Elena C\u0103lin, cercet\u0103tor \u0219tiin\u021bific III<\/li>\n<\/ol>\n<p><strong>COMITETUL \u0218TIIN\u021aIFIC: <\/strong><\/p>\n<ol>\n<li>Ioana Baskerville \u2013 pre\u0219edinta CNSPCI<\/li>\n<li>Iustin Dejanu<\/li>\n<li>Lucian-Emil Ro\u0219ca<\/li>\n<li>Ion Ti\u021ba-Nicolescu<\/li>\n<\/ol>\n<p>13.00. Cuv\u00e2nt de salut<\/p>\n<p><strong>Adrian Dumitru Bughiu<\/strong>, Vicepre\u0219edinte Consiliul Jude\u021bean Arge\u0219<\/p>\n<p><strong>Dr. Iustin Dejanu<\/strong>, Manager Muzeul Viticulturii \u0219i Pomiculturii Gole\u0219ti<\/p>\n<p>***<\/p>\n<p>13.30. Deschiderea Conferin\u021bei<\/p>\n<p>Moderator:<\/p>\n<p><strong>Dr. Ioana Baskerville, <\/strong>Pre\u0219edinte Comisia Na\u021bional\u0103 de Salvgardare a Patrimoniului Cultural Imaterial<\/p>\n<ol start=\"6\">\n<li><strong>CS II<\/strong> <strong>Dr. Ioana Baskerville (pre\u0219edinte CNSPCI)<\/strong>, Institutul de Filologie rom\u00e2n\u0103 \u201eAlexandru Philippide\u201d al Academiei Rom\u00e2ne \u2013 Filiala Ia\u0219i: \u201eDESENUL DIN COVOR: SIMBOL, DISCURS \u0218I AC\u021aIUNE PENTRU PATRIMONIUL CULTURAL IMATERIAL\u201d<\/li>\n<li><strong>Dr. Ozana Dram, <\/strong>Manager, Centrul Jude\u021bean pentru Conservarea \u0219i Promovarea Culturii Tradi\u021bionale Ia\u0219i: MANAGEMENTUL CULTURAL APLICAT: 7 TEME-CHEIE ALE PATRIMONIULUI CULTURAL IMATERIAL NA\u021aIONAL SALVGARDATE LA NIVEL JUDE\u021aEAN\u201d<\/li>\n<li><strong> Prof. Univ. dr. habil. Lucian-Emil Ro\u0219ca (membru CNSPCI)<\/strong>, Universitatea de Vest din Timi\u0219oara, \u0218coala Doctoral\u0103 de Muzic\u0103 \u0219i Teatru: ASOCIA\u021aIA PENTRU CULTUR\u0102 B\u0102N\u0102\u021aEAN\u0102 \u2013 UN POSIBIL MODEL NA\u021aIONAL \u00ceN DIREC\u021aIA RESTAUR\u0102RII \u0218I RESTITUIRII UNOR VALORI DE PATRIMONIU DIN DOMENIUL ETNOMUZICOLOGIEI<\/li>\n<li><strong> Conf. Univ. Dr. Diana Mihu\u021b <\/strong><strong>(membru CNSPCI)<\/strong><strong>, <\/strong>Universitatea de Vest din Timi\u0219oara: SALVGARDAREA PATRIMONIULUI CULTURAL IMATERIAL. LIMITE \u0218I LIMITARI<\/li>\n<li><strong>Conf. Univ. Dr. Delia Suiogan (membru CNSPCI)<\/strong>, Universitatea Tehnic\u0103 din Cluj-Napoca, Centrul Universitar Nord din Baia Mare: FUNC\u021aIILE ROSTULUI \u0218I UTILULUI \u00ceN DINAMICA PATRIMONIULUI CULTURAL IMATERIAL<\/li>\n<li><strong>Conf. Univ. Dr.<\/strong> <strong>Andr\u00e1s Vajda (membru CNSPCI), <\/strong>Universitatea \u201eSapien\u021bia\u201d din Cluj-Napoca, Facultatea de \u015etiin\u0163e Tehnice \u015fi Umaniste din T\u00e2rgu Mure\u015f, Catedra de \u0218tiin\u021be Sociale Aplicate: ROLUL SCRISULUI VERNACULAR \u00ceN VIA\u021aA COTIDIAN\u0102<\/li>\n<li><strong>C.S. III,<\/strong> <strong>Dr. Ion Ti\u021ba-Nicolescu (membru CNSPCI)<\/strong>, Muzeul Viticulturii \u0219i Pomiculturii Gole\u0219ti: ELEMENTE DE SINCRETISM RELIGIOS \u00ceN ARHITECTURA VERNACULAR\u0102 DIN ARGE\u0218 \u0218I MU\u0218CEL<\/li>\n<li><strong>Edit \u0219i Levente K\u00f6vendi (me\u0219teri populari), <\/strong>METODOLOGIA CERCET\u0102RII TEHNICO-TEXTILE A BR\u00c2IELOR ROM\u00c2NE\u0218TI<\/li>\n<\/ol>\n<p><a href=\"https:\/\/muzeulgolesti.ro\/wp-content\/uploads\/2026\/04\/prgramC-2.pdf\">https:\/\/muzeulgolesti.ro\/wp-content\/uploads\/2026\/04\/prgramC-2.pdf<\/a><\/p>\n","protected":false},"excerpt":{"rendered":"<p>PROGRAM Mar\u021bi, 5 mai 2026 CONFERIN\u021aA NA\u021aIONAL\u0102 SALVGARDAREA PATRIMONIULUI CULTURAL IMATERIAL- METODE \u0218I PERSPECTIVE ORGANIZATORI: Consiliul Jude\u021bean Arge\u0219 Muzeul Viticulturii \u0219i Pomiculturii Gole\u0219ti Comisia Na\u021bional\u0103 de Salvgardare a Patrimoniului Cultural  [&#8230;]<\/p>\n","protected":false},"author":5,"featured_media":7837,"comment_status":"closed","ping_status":"closed","sticky":false,"template":"","format":"standard","meta":{"footnotes":""},"categories":[1],"tags":[],"class_list":["post-7835","post","type-post","status-publish","format-standard","has-post-thumbnail","hentry","category-evenimente"],"yoast_head":"<!-- This site is optimized with the Yoast SEO plugin v27.5 - https:\/\/yoast.com\/product\/yoast-seo-wordpress\/ -->\n<title>Conferin\u021ba Na\u021bional\u0103: SALVGARDAREA PATROMONIULUI CULTURAL IMATERIAL - METODE \u0218I PERSPECTIVE<\/title>\n<meta name=\"description\" content=\"Conferin\u021ba Na\u021bional\u0103: SALVGARDAREA PATROMONIULUI CULTURAL IMATERIAL - METODE \u0218I PERSPECTIVE\" \/>\n<meta name=\"robots\" content=\"index, follow, max-snippet:-1, max-image-preview:large, max-video-preview:-1\" \/>\n<link rel=\"canonical\" href=\"https:\/\/muzeulgolesti.ro\/ro\/evenimente\/conferinta-nationala-salvgardarea-patromoniului-cultural-imaterial-metode-si-perspective\/\" \/>\n<meta property=\"og:locale\" content=\"ro_RO\" \/>\n<meta property=\"og:locale:alternate\" content=\"en_UK\" \/>\n<meta property=\"og:type\" content=\"article\" \/>\n<meta property=\"og:title\" content=\"Conferin\u021ba Na\u021bional\u0103: SALVGARDAREA PATROMONIULUI CULTURAL IMATERIAL - METODE \u0218I PERSPECTIVE\" \/>\n<meta property=\"og:description\" content=\"Conferin\u021ba Na\u021bional\u0103: SALVGARDAREA PATROMONIULUI CULTURAL IMATERIAL - METODE \u0218I PERSPECTIVE\" \/>\n<meta property=\"og:url\" content=\"https:\/\/muzeulgolesti.ro\/ro\/evenimente\/conferinta-nationala-salvgardarea-patromoniului-cultural-imaterial-metode-si-perspective\/\" \/>\n<meta property=\"og:site_name\" content=\"Muzeul Viticulturii si Pomiculturii Golesti\" \/>\n<meta property=\"article:publisher\" content=\"https:\/\/web.facebook.com\/www.muzeulgolesti.ro\" \/>\n<meta property=\"article:published_time\" content=\"2026-04-29T11:59:54+00:00\" \/>\n<meta property=\"article:modified_time\" content=\"2026-04-29T12:03:53+00:00\" \/>\n<meta property=\"og:image\" content=\"https:\/\/muzeulgolesti.ro\/wp-content\/uploads\/2026\/04\/Untitled.jpg\" \/>\n\t<meta property=\"og:image:width\" content=\"900\" \/>\n\t<meta property=\"og:image:height\" content=\"508\" \/>\n\t<meta property=\"og:image:type\" content=\"image\/jpeg\" \/>\n<meta name=\"author\" content=\"Camelia C\u0103lin\" \/>\n<meta name=\"twitter:card\" content=\"summary_large_image\" \/>\n<meta name=\"twitter:label1\" content=\"Scris de\" \/>\n\t<meta name=\"twitter:data1\" content=\"Camelia C\u0103lin\" \/>\n\t<meta name=\"twitter:label2\" content=\"Timp estimat pentru citire\" \/>\n\t<meta name=\"twitter:data2\" content=\"2 minute\" \/>\n<script type=\"application\/ld+json\" class=\"yoast-schema-graph\">{\"@context\":\"https:\\\/\\\/schema.org\",\"@graph\":[{\"@type\":\"Article\",\"@id\":\"https:\\\/\\\/muzeulgolesti.ro\\\/ro\\\/evenimente\\\/conferinta-nationala-salvgardarea-patromoniului-cultural-imaterial-metode-si-perspective\\\/#article\",\"isPartOf\":{\"@id\":\"https:\\\/\\\/muzeulgolesti.ro\\\/ro\\\/evenimente\\\/conferinta-nationala-salvgardarea-patromoniului-cultural-imaterial-metode-si-perspective\\\/\"},\"author\":{\"name\":\"Camelia C\u0103lin\",\"@id\":\"https:\\\/\\\/muzeulgolesti.ro\\\/ro\\\/#\\\/schema\\\/person\\\/10f7278cf5f9da102e4cf1f75f098e5c\"},\"headline\":\"Conferin\u021ba Na\u021bional\u0103: SALVGARDAREA PATROMONIULUI CULTURAL IMATERIAL &#8211; METODE \u0218I PERSPECTIVE\",\"datePublished\":\"2026-04-29T11:59:54+00:00\",\"dateModified\":\"2026-04-29T12:03:53+00:00\",\"mainEntityOfPage\":{\"@id\":\"https:\\\/\\\/muzeulgolesti.ro\\\/ro\\\/evenimente\\\/conferinta-nationala-salvgardarea-patromoniului-cultural-imaterial-metode-si-perspective\\\/\"},\"wordCount\":393,\"publisher\":{\"@id\":\"https:\\\/\\\/muzeulgolesti.ro\\\/ro\\\/#organization\"},\"image\":{\"@id\":\"https:\\\/\\\/muzeulgolesti.ro\\\/ro\\\/evenimente\\\/conferinta-nationala-salvgardarea-patromoniului-cultural-imaterial-metode-si-perspective\\\/#primaryimage\"},\"thumbnailUrl\":\"https:\\\/\\\/muzeulgolesti.ro\\\/wp-content\\\/uploads\\\/2026\\\/04\\\/Untitled.jpg\",\"articleSection\":[\"Evenimente\"],\"inLanguage\":\"ro-RO\"},{\"@type\":\"WebPage\",\"@id\":\"https:\\\/\\\/muzeulgolesti.ro\\\/ro\\\/evenimente\\\/conferinta-nationala-salvgardarea-patromoniului-cultural-imaterial-metode-si-perspective\\\/\",\"url\":\"https:\\\/\\\/muzeulgolesti.ro\\\/ro\\\/evenimente\\\/conferinta-nationala-salvgardarea-patromoniului-cultural-imaterial-metode-si-perspective\\\/\",\"name\":\"Conferin\u021ba Na\u021bional\u0103: SALVGARDAREA PATROMONIULUI CULTURAL IMATERIAL - METODE \u0218I PERSPECTIVE\",\"isPartOf\":{\"@id\":\"https:\\\/\\\/muzeulgolesti.ro\\\/ro\\\/#website\"},\"primaryImageOfPage\":{\"@id\":\"https:\\\/\\\/muzeulgolesti.ro\\\/ro\\\/evenimente\\\/conferinta-nationala-salvgardarea-patromoniului-cultural-imaterial-metode-si-perspective\\\/#primaryimage\"},\"image\":{\"@id\":\"https:\\\/\\\/muzeulgolesti.ro\\\/ro\\\/evenimente\\\/conferinta-nationala-salvgardarea-patromoniului-cultural-imaterial-metode-si-perspective\\\/#primaryimage\"},\"thumbnailUrl\":\"https:\\\/\\\/muzeulgolesti.ro\\\/wp-content\\\/uploads\\\/2026\\\/04\\\/Untitled.jpg\",\"datePublished\":\"2026-04-29T11:59:54+00:00\",\"dateModified\":\"2026-04-29T12:03:53+00:00\",\"description\":\"Conferin\u021ba Na\u021bional\u0103: SALVGARDAREA PATROMONIULUI CULTURAL IMATERIAL - METODE \u0218I PERSPECTIVE\",\"breadcrumb\":{\"@id\":\"https:\\\/\\\/muzeulgolesti.ro\\\/ro\\\/evenimente\\\/conferinta-nationala-salvgardarea-patromoniului-cultural-imaterial-metode-si-perspective\\\/#breadcrumb\"},\"inLanguage\":\"ro-RO\",\"potentialAction\":[{\"@type\":\"ReadAction\",\"target\":[\"https:\\\/\\\/muzeulgolesti.ro\\\/ro\\\/evenimente\\\/conferinta-nationala-salvgardarea-patromoniului-cultural-imaterial-metode-si-perspective\\\/\"]}]},{\"@type\":\"ImageObject\",\"inLanguage\":\"ro-RO\",\"@id\":\"https:\\\/\\\/muzeulgolesti.ro\\\/ro\\\/evenimente\\\/conferinta-nationala-salvgardarea-patromoniului-cultural-imaterial-metode-si-perspective\\\/#primaryimage\",\"url\":\"https:\\\/\\\/muzeulgolesti.ro\\\/wp-content\\\/uploads\\\/2026\\\/04\\\/Untitled.jpg\",\"contentUrl\":\"https:\\\/\\\/muzeulgolesti.ro\\\/wp-content\\\/uploads\\\/2026\\\/04\\\/Untitled.jpg\",\"width\":900,\"height\":508},{\"@type\":\"BreadcrumbList\",\"@id\":\"https:\\\/\\\/muzeulgolesti.ro\\\/ro\\\/evenimente\\\/conferinta-nationala-salvgardarea-patromoniului-cultural-imaterial-metode-si-perspective\\\/#breadcrumb\",\"itemListElement\":[{\"@type\":\"ListItem\",\"position\":1,\"name\":\"Prima pagin\u0103\",\"item\":\"https:\\\/\\\/muzeulgolesti.ro\\\/ro\\\/\"},{\"@type\":\"ListItem\",\"position\":2,\"name\":\"Conferin\u021ba Na\u021bional\u0103: SALVGARDAREA PATROMONIULUI CULTURAL IMATERIAL &#8211; METODE \u0218I PERSPECTIVE\"}]},{\"@type\":\"WebSite\",\"@id\":\"https:\\\/\\\/muzeulgolesti.ro\\\/ro\\\/#website\",\"url\":\"https:\\\/\\\/muzeulgolesti.ro\\\/ro\\\/\",\"name\":\"Muzeul Vititculturii si Pomiculturii Golesti\",\"description\":\"Cultura, Etnografie, Istorie - Muzeul Vititculturii si Pomiculturii Golesti\",\"publisher\":{\"@id\":\"https:\\\/\\\/muzeulgolesti.ro\\\/ro\\\/#organization\"},\"potentialAction\":[{\"@type\":\"SearchAction\",\"target\":{\"@type\":\"EntryPoint\",\"urlTemplate\":\"https:\\\/\\\/muzeulgolesti.ro\\\/ro\\\/?s={search_term_string}\"},\"query-input\":{\"@type\":\"PropertyValueSpecification\",\"valueRequired\":true,\"valueName\":\"search_term_string\"}}],\"inLanguage\":\"ro-RO\"},{\"@type\":\"Organization\",\"@id\":\"https:\\\/\\\/muzeulgolesti.ro\\\/ro\\\/#organization\",\"name\":\"Muzeul Vititculturii si Pomiculturii Golesti\",\"url\":\"https:\\\/\\\/muzeulgolesti.ro\\\/ro\\\/\",\"logo\":{\"@type\":\"ImageObject\",\"inLanguage\":\"ro-RO\",\"@id\":\"https:\\\/\\\/muzeulgolesti.ro\\\/ro\\\/#\\\/schema\\\/logo\\\/image\\\/\",\"url\":\"https:\\\/\\\/muzeulgolesti.ro\\\/wp-content\\\/uploads\\\/2022\\\/11\\\/SiglaMuzeu.jpg\",\"contentUrl\":\"https:\\\/\\\/muzeulgolesti.ro\\\/wp-content\\\/uploads\\\/2022\\\/11\\\/SiglaMuzeu.jpg\",\"width\":86,\"height\":50,\"caption\":\"Muzeul Vititculturii si Pomiculturii Golesti\"},\"image\":{\"@id\":\"https:\\\/\\\/muzeulgolesti.ro\\\/ro\\\/#\\\/schema\\\/logo\\\/image\\\/\"},\"sameAs\":[\"https:\\\/\\\/web.facebook.com\\\/www.muzeulgolesti.ro\"]},{\"@type\":\"Person\",\"@id\":\"https:\\\/\\\/muzeulgolesti.ro\\\/ro\\\/#\\\/schema\\\/person\\\/10f7278cf5f9da102e4cf1f75f098e5c\",\"name\":\"Camelia C\u0103lin\",\"url\":\"https:\\\/\\\/muzeulgolesti.ro\\\/ro\\\/author\\\/camelia\\\/\"}]}<\/script>\n<!-- \/ Yoast SEO plugin. -->","yoast_head_json":{"title":"Conferin\u021ba Na\u021bional\u0103: SALVGARDAREA PATROMONIULUI CULTURAL IMATERIAL - METODE \u0218I PERSPECTIVE","description":"[:ro]Conferin\u021ba Na\u021bional\u0103: SALVGARDAREA PATROMONIULUI CULTURAL IMATERIAL - METODE \u0218I PERSPECTIVE[:]","robots":{"index":"index","follow":"follow","max-snippet":"max-snippet:-1","max-image-preview":"max-image-preview:large","max-video-preview":"max-video-preview:-1"},"canonical":"https:\/\/muzeulgolesti.ro\/ro\/evenimente\/conferinta-nationala-salvgardarea-patromoniului-cultural-imaterial-metode-si-perspective\/","og_locale":"ro_RO","og_type":"article","og_title":"[:ro]Conferin\u021ba Na\u021bional\u0103: SALVGARDAREA PATROMONIULUI CULTURAL IMATERIAL - METODE \u0218I PERSPECTIVE[:] - Muzeul Viticulturii si Pomiculturii Golesti","og_description":"[:ro]Conferin\u021ba Na\u021bional\u0103: SALVGARDAREA PATROMONIULUI CULTURAL IMATERIAL - METODE \u0218I PERSPECTIVE[:]","og_url":"https:\/\/muzeulgolesti.ro\/ro\/evenimente\/conferinta-nationala-salvgardarea-patromoniului-cultural-imaterial-metode-si-perspective\/","og_site_name":"Muzeul Viticulturii si Pomiculturii Golesti","article_publisher":"https:\/\/web.facebook.com\/www.muzeulgolesti.ro","article_published_time":"2026-04-29T11:59:54+00:00","article_modified_time":"2026-04-29T12:03:53+00:00","og_image":[{"width":900,"height":508,"url":"https:\/\/muzeulgolesti.ro\/wp-content\/uploads\/2026\/04\/Untitled.jpg","type":"image\/jpeg"}],"author":"Camelia C\u0103lin","twitter_card":"summary_large_image","twitter_misc":{"Scris de":"Camelia C\u0103lin","Timp estimat pentru citire":"2 minute"},"schema":{"@context":"https:\/\/schema.org","@graph":[{"@type":"Article","@id":"https:\/\/muzeulgolesti.ro\/ro\/evenimente\/conferinta-nationala-salvgardarea-patromoniului-cultural-imaterial-metode-si-perspective\/#article","isPartOf":{"@id":"https:\/\/muzeulgolesti.ro\/ro\/evenimente\/conferinta-nationala-salvgardarea-patromoniului-cultural-imaterial-metode-si-perspective\/"},"author":{"name":"Camelia C\u0103lin","@id":"https:\/\/muzeulgolesti.ro\/ro\/#\/schema\/person\/10f7278cf5f9da102e4cf1f75f098e5c"},"headline":"Conferin\u021ba Na\u021bional\u0103: SALVGARDAREA PATROMONIULUI CULTURAL IMATERIAL &#8211; METODE \u0218I PERSPECTIVE","datePublished":"2026-04-29T11:59:54+00:00","dateModified":"2026-04-29T12:03:53+00:00","mainEntityOfPage":{"@id":"https:\/\/muzeulgolesti.ro\/ro\/evenimente\/conferinta-nationala-salvgardarea-patromoniului-cultural-imaterial-metode-si-perspective\/"},"wordCount":393,"publisher":{"@id":"https:\/\/muzeulgolesti.ro\/ro\/#organization"},"image":{"@id":"https:\/\/muzeulgolesti.ro\/ro\/evenimente\/conferinta-nationala-salvgardarea-patromoniului-cultural-imaterial-metode-si-perspective\/#primaryimage"},"thumbnailUrl":"https:\/\/muzeulgolesti.ro\/wp-content\/uploads\/2026\/04\/Untitled.jpg","articleSection":["Evenimente"],"inLanguage":"ro-RO"},{"@type":"WebPage","@id":"https:\/\/muzeulgolesti.ro\/ro\/evenimente\/conferinta-nationala-salvgardarea-patromoniului-cultural-imaterial-metode-si-perspective\/","url":"https:\/\/muzeulgolesti.ro\/ro\/evenimente\/conferinta-nationala-salvgardarea-patromoniului-cultural-imaterial-metode-si-perspective\/","name":"Conferin\u021ba Na\u021bional\u0103: SALVGARDAREA PATROMONIULUI CULTURAL IMATERIAL - METODE \u0218I PERSPECTIVE","isPartOf":{"@id":"https:\/\/muzeulgolesti.ro\/ro\/#website"},"primaryImageOfPage":{"@id":"https:\/\/muzeulgolesti.ro\/ro\/evenimente\/conferinta-nationala-salvgardarea-patromoniului-cultural-imaterial-metode-si-perspective\/#primaryimage"},"image":{"@id":"https:\/\/muzeulgolesti.ro\/ro\/evenimente\/conferinta-nationala-salvgardarea-patromoniului-cultural-imaterial-metode-si-perspective\/#primaryimage"},"thumbnailUrl":"https:\/\/muzeulgolesti.ro\/wp-content\/uploads\/2026\/04\/Untitled.jpg","datePublished":"2026-04-29T11:59:54+00:00","dateModified":"2026-04-29T12:03:53+00:00","description":"Conferin\u021ba Na\u021bional\u0103: SALVGARDAREA PATROMONIULUI CULTURAL IMATERIAL - METODE \u0218I PERSPECTIVE","breadcrumb":{"@id":"https:\/\/muzeulgolesti.ro\/ro\/evenimente\/conferinta-nationala-salvgardarea-patromoniului-cultural-imaterial-metode-si-perspective\/#breadcrumb"},"inLanguage":"ro-RO","potentialAction":[{"@type":"ReadAction","target":["https:\/\/muzeulgolesti.ro\/ro\/evenimente\/conferinta-nationala-salvgardarea-patromoniului-cultural-imaterial-metode-si-perspective\/"]}]},{"@type":"ImageObject","inLanguage":"ro-RO","@id":"https:\/\/muzeulgolesti.ro\/ro\/evenimente\/conferinta-nationala-salvgardarea-patromoniului-cultural-imaterial-metode-si-perspective\/#primaryimage","url":"https:\/\/muzeulgolesti.ro\/wp-content\/uploads\/2026\/04\/Untitled.jpg","contentUrl":"https:\/\/muzeulgolesti.ro\/wp-content\/uploads\/2026\/04\/Untitled.jpg","width":900,"height":508},{"@type":"BreadcrumbList","@id":"https:\/\/muzeulgolesti.ro\/ro\/evenimente\/conferinta-nationala-salvgardarea-patromoniului-cultural-imaterial-metode-si-perspective\/#breadcrumb","itemListElement":[{"@type":"ListItem","position":1,"name":"Prima pagin\u0103","item":"https:\/\/muzeulgolesti.ro\/ro\/"},{"@type":"ListItem","position":2,"name":"Conferin\u021ba Na\u021bional\u0103: SALVGARDAREA PATROMONIULUI CULTURAL IMATERIAL &#8211; METODE \u0218I PERSPECTIVE"}]},{"@type":"WebSite","@id":"https:\/\/muzeulgolesti.ro\/ro\/#website","url":"https:\/\/muzeulgolesti.ro\/ro\/","name":"Muzeul Vititculturii si Pomiculturii Golesti","description":"Cultura, Etnografie, Istorie - Muzeul Vititculturii si Pomiculturii Golesti","publisher":{"@id":"https:\/\/muzeulgolesti.ro\/ro\/#organization"},"potentialAction":[{"@type":"SearchAction","target":{"@type":"EntryPoint","urlTemplate":"https:\/\/muzeulgolesti.ro\/ro\/?s={search_term_string}"},"query-input":{"@type":"PropertyValueSpecification","valueRequired":true,"valueName":"search_term_string"}}],"inLanguage":"ro-RO"},{"@type":"Organization","@id":"https:\/\/muzeulgolesti.ro\/ro\/#organization","name":"Muzeul Vititculturii si Pomiculturii Golesti","url":"https:\/\/muzeulgolesti.ro\/ro\/","logo":{"@type":"ImageObject","inLanguage":"ro-RO","@id":"https:\/\/muzeulgolesti.ro\/ro\/#\/schema\/logo\/image\/","url":"https:\/\/muzeulgolesti.ro\/wp-content\/uploads\/2022\/11\/SiglaMuzeu.jpg","contentUrl":"https:\/\/muzeulgolesti.ro\/wp-content\/uploads\/2022\/11\/SiglaMuzeu.jpg","width":86,"height":50,"caption":"Muzeul Vititculturii si Pomiculturii Golesti"},"image":{"@id":"https:\/\/muzeulgolesti.ro\/ro\/#\/schema\/logo\/image\/"},"sameAs":["https:\/\/web.facebook.com\/www.muzeulgolesti.ro"]},{"@type":"Person","@id":"https:\/\/muzeulgolesti.ro\/ro\/#\/schema\/person\/10f7278cf5f9da102e4cf1f75f098e5c","name":"Camelia C\u0103lin","url":"https:\/\/muzeulgolesti.ro\/ro\/author\/camelia\/"}]}},"_links":{"self":[{"href":"https:\/\/muzeulgolesti.ro\/ro\/wp-json\/wp\/v2\/posts\/7835","targetHints":{"allow":["GET"]}}],"collection":[{"href":"https:\/\/muzeulgolesti.ro\/ro\/wp-json\/wp\/v2\/posts"}],"about":[{"href":"https:\/\/muzeulgolesti.ro\/ro\/wp-json\/wp\/v2\/types\/post"}],"author":[{"embeddable":true,"href":"https:\/\/muzeulgolesti.ro\/ro\/wp-json\/wp\/v2\/users\/5"}],"replies":[{"embeddable":true,"href":"https:\/\/muzeulgolesti.ro\/ro\/wp-json\/wp\/v2\/comments?post=7835"}],"version-history":[{"count":3,"href":"https:\/\/muzeulgolesti.ro\/ro\/wp-json\/wp\/v2\/posts\/7835\/revisions"}],"predecessor-version":[{"id":7843,"href":"https:\/\/muzeulgolesti.ro\/ro\/wp-json\/wp\/v2\/posts\/7835\/revisions\/7843"}],"wp:featuredmedia":[{"embeddable":true,"href":"https:\/\/muzeulgolesti.ro\/ro\/wp-json\/wp\/v2\/media\/7837"}],"wp:attachment":[{"href":"https:\/\/muzeulgolesti.ro\/ro\/wp-json\/wp\/v2\/media?parent=7835"}],"wp:term":[{"taxonomy":"category","embeddable":true,"href":"https:\/\/muzeulgolesti.ro\/ro\/wp-json\/wp\/v2\/categories?post=7835"},{"taxonomy":"post_tag","embeddable":true,"href":"https:\/\/muzeulgolesti.ro\/ro\/wp-json\/wp\/v2\/tags?post=7835"}],"curies":[{"name":"wp","href":"https:\/\/api.w.org\/{rel}","templated":true}]}}