{"id":8071,"date":"2026-09-02T12:45:46","date_gmt":"2026-09-02T12:45:46","guid":{"rendered":"https:\/\/muzeulgolesti.ro\/ro\/?p=8071"},"modified":"2026-09-02T12:52:48","modified_gmt":"2026-09-02T12:52:48","slug":"expozitie-colectiva-rewilding","status":"publish","type":"post","link":"https:\/\/muzeulgolesti.ro\/ro\/evenimente\/expozitie-colectiva-rewilding\/","title":{"rendered":"Expozi\u021bie colectiv\u0103 REWILDING"},"content":{"rendered":"<p><img decoding=\"async\" class=\"aligncenter wp-image-8072\" src=\"https:\/\/muzeulgolesti.ro\/wp-content\/uploads\/2026\/09\/afis-254x360.jpg\" alt=\"\" width=\"281\" height=\"398\" srcset=\"https:\/\/muzeulgolesti.ro\/wp-content\/uploads\/2026\/09\/afis-200x283.jpg 200w, https:\/\/muzeulgolesti.ro\/wp-content\/uploads\/2026\/09\/afis-254x360.jpg 254w, https:\/\/muzeulgolesti.ro\/wp-content\/uploads\/2026\/09\/afis-400x566.jpg 400w, https:\/\/muzeulgolesti.ro\/wp-content\/uploads\/2026\/09\/afis-600x849.jpg 600w, https:\/\/muzeulgolesti.ro\/wp-content\/uploads\/2026\/09\/afis-768x1086.jpg 768w, https:\/\/muzeulgolesti.ro\/wp-content\/uploads\/2026\/09\/afis-800x1132.jpg 800w, https:\/\/muzeulgolesti.ro\/wp-content\/uploads\/2026\/09\/afis-919x1300.jpg 919w, https:\/\/muzeulgolesti.ro\/wp-content\/uploads\/2026\/09\/afis-1086x1536.jpg 1086w, https:\/\/muzeulgolesti.ro\/wp-content\/uploads\/2026\/09\/afis.jpg 1131w\" sizes=\"(max-width: 281px) 100vw, 281px\" \/><\/p>\n<p><strong>Ini\u021biator: <\/strong>Gr\u0103dina Ideilor \u2014 Maia \u0218tefana Oprea<br \/>\n<strong>Curator: <\/strong>Muzeograf Nicoleta Popa Grigore<\/p>\n<p>Arti\u0219ti: Chob, Ioana-Teodora Du\u021b\u0103, Oana Mazarache, Maia \u0218tefana Oprea, Oana Tudose, Ramona \u0218lug<\/p>\n<p>&nbsp;<\/p>\n<p><strong><em>Gr\u0103dina Ideilor<\/em><\/strong> propune expozi\u021bia colectiv\u0103 <strong>REWILDING<\/strong>, o \u00eent\u00e2lnire \u00eentre \u0219ase artiste \u0219i un teritoriu \u00een care natura este privit\u0103 ca spa\u021biu al memoriei, al transform\u0103rii \u0219i al interdependen\u021bei.<\/p>\n<p>\u00cen Mun\u021bii F\u0103g\u0103ra\u0219, locul \u00een care <em>Gr\u0103dina Ideilor<\/em> \u00ee\u0219i desf\u0103\u0219oar\u0103 activitatea, rewilding-ul este deja o realitate: zimbrul a fost reintrodus \u00een habitatul s\u0103u natural, \u00een timp ce specii precum aspretele, dependent de ecosistemul r\u00e2ului V\u00e2lsan, r\u0103m\u00e2n extrem de vulnerabile. Teritoriul p\u0103streaz\u0103, de asemenea, o biodiversitate remarcabil\u0103 de plante, mamifere, p\u0103s\u0103ri \u0219i nevertebrate protejate.<\/p>\n<p>\u00centr-un context global preocupat de restaurarea ecosistemelor \u0219i refacerea biodiversit\u0103\u021bii, <strong>rewilding-ul nu este \u00een\u021beles ca o \u00eentoarcere la o natur\u0103 idealizat\u0103, ci ca recuperare a unor rela\u021bii \u0219i procese care permit lumii vii s\u0103 continue, s\u0103 se transforme \u0219i s\u0103 \u00ee\u0219i reg\u0103seasc\u0103 echilibrul.<\/strong><\/p>\n<p>Lucr\u0103rile prezentate pornesc de aici, f\u0103r\u0103 a ilustra \u00eens\u0103 un discurs ecologic. Prin limbaje \u0219i materiale diferite, ele construiesc un teritoriu comun \u00een care apar\u00a0<strong>animalul \u0219i habitatul, cuibul \u0219i arborele, p\u0103m\u00e2ntul \u0219i vegeta\u021bia, dispari\u021bia \u0219i revenirea, memoria \u0219i posibilitatea regener\u0103rii<\/strong>.<\/p>\n<p>De la <strong><em>\u201eDram\u0103 de p\u0103dure\u201d<\/em><\/strong> \u0219i <strong><em>\u201eMae\u0219trii naturii\u201d<\/em><\/strong>, la <strong><em>\u201ePuls subteran\u201d<\/em><\/strong>, <strong><em>\u201ePeisajul \u00ee\u0219i aminte\u0219te\u201d<\/em><\/strong>, <strong><em>\u201eSpecie f\u0103r\u0103 habitat\u201d<\/em><\/strong>, <strong><em>\u201eCuibul\u201d<\/em><\/strong> \u0219i <strong><em>\u201eAmuleta re\u00eentoarcerii\u201d<\/em><\/strong>, lucr\u0103rile propun perspective distincte asupra unei \u00eentreb\u0103ri comune: <strong>ce r\u0103m\u00e2ne \u0219i ce poate reveni atunci c\u00e2nd naturii \u00eei este redat spa\u021biul?<\/strong><\/p>\n<p>Pictura, instala\u021bia, sculptura \u0219i textilele, formele figurative, simbolice sau sugestive nu caut\u0103 o unitate formal\u0103, ci construiesc un <strong>spa\u021biu al \u00eent\u00e2lnirii<\/strong>, \u00een care diferen\u021bele dintre lucr\u0103ri devin parte din sensul ansamblului.<\/p>\n<p>Privitorul este invitat s\u0103 participe la aceast\u0103 \u00eent\u00e2lnire f\u0103r\u0103 r\u0103spunsuri definitive. Unele lucr\u0103ri pot fi citite, altele mai degrab\u0103 sim\u021bite. \u00centre imagine, materie \u0219i memorie se deschide o comunicare discret\u0103 cu ceea ce exist\u0103 dincolo de privirea uman\u0103.<\/p>\n<p><strong>REWILDING devine astfel nu doar o tem\u0103, ci o invita\u021bie la schimbarea perspectivei: de la natur\u0103 ca decor c\u0103tre natur\u0103 ca partener de existen\u021b\u0103.<\/strong><\/p>\n<p>&#8211;&#8211;&#8211;<\/p>\n<p><strong>Gr\u0103dina Ideilor<\/strong> este un colectiv artistic contemporan ini\u021biat la Nuc\u0219oara, jude\u021bul Arge\u0219, \u00een<\/p>\n<p>Mun\u021bii F\u0103g\u0103ra\u0219. Dezvoltat \u00een jurul reflec\u021biei ecologice, cercet\u0103rii colective \u0219i practicilor artistice<\/p>\n<p>raportate la specificul locului, proiectul reune\u0219te arti\u0219ti din discipline diverse prin \u00eent\u00e2lniri \u00een<\/p>\n<p>natur\u0103, dialog cu comunit\u0103\u021bile locale \u0219i forme colaborative de schimb artistic.<\/p>\n<p><strong>Parteneri: Uniunea Arti\u0219tilor Plastici din Rom\u00e2nia, Muzeul Municipal Curtea de Arge\u0219, Muzeului Viticulturii \u0219i Pomiculturii Gole\u0219ti<\/strong><\/p>\n<p><strong>Parteneri media: Modernism.ro, Agen\u021bia de Carte, ArteVezi, Emerging Artists, Radio Rom\u00e2nia Cultural<\/strong><\/p>\n<p>&nbsp;<\/p>\n<p><strong>Arti\u0219ti expozan\u021bi<\/strong><\/p>\n<p><strong>Olga Ciob <\/strong>(n.1982, Chi\u0219in\u0103u) Practica artistic\u0103 a lui Chob investigheaz\u0103 valorile, convingerile \u0219i contradic\u021biile care modeleaz\u0103 existen\u021ba uman\u0103 contemporan\u0103. Prin pictur\u0103, sculptur\u0103 \u0219i tehnici mixte, ea exploreaz\u0103 teme precum identitatea, libertatea, memoria \u0219i experien\u021ba colectiv\u0103. Lucr\u0103rile sale reflect\u0103 asupra tensiunii dintre individ \u0219i structurile sociale care ne definesc vie\u021bile.<\/p>\n<p><strong>Ioana Teodora Du\u021b\u0103<\/strong> (n. 1990, Curtea de Arge\u0219), tr\u0103ie\u0219te \u0219i lucreaz\u0103 \u00een Curtea de Arge\u0219, absolvent\u0103 UNArte Bucure\u0219ti, se concentreaz\u0103 asupra picturii de \u0219evalet, ilustra\u021biei de carte \u0219i bijuteriei contemporane, explor\u00e2nd universul natural sub diversele lui forme: de la figura uman\u0103 \u0219i cea natural\u0103 la nonfigurativul abstract.<\/p>\n<p><strong>Oana Mazarache <\/strong>(n. 1994, Suceava) este artist\u0103 vizual\u0103 stabilit\u0103 la\u0219i. Absolvent\u0103 a UNAGE Ia\u0219i. Practica sa artistic\u0103, exprimat\u0103 prin pictur\u0103, desen \u0219i tehnici mixte, investigheaz\u0103 memoria, natura \u0219i identitatea, abord\u00e2nd natura ca spa\u021biu al memoriei \u0219i purt\u0103toare a identit\u0103\u0163ii individuale \u0219i colective.<\/p>\n<p><strong>Maia \u0218tefana Oprea <\/strong>(n. 1987, Bucure\u0219ti) tr\u0103ie\u0219te \u00een Prahova \u0219i Arge\u0219, absolvent\u0103 UNArte Bucure\u0219ti, cu burse \u00een Fran\u021ba \u0219i SUA, exploreaz\u0103 rela\u021bia dintre art\u0103 \u0219i natur\u0103 printr-un discurs vizual ecologist, investig\u00e2nd intersec\u021bia dintre abord\u0103rile contemporane \u0219i me\u0219te\u0219ug<\/p>\n<p><strong>Ramona \u0218lug <\/strong>(n.1979, Constan\u021ba) artist\u0103 vizual\u0103 din Curtea de Arge\u0219, exploreaz\u0103 rela\u021bia dintre educa\u021bie, natur\u0103, patrimoniu \u0219i expresie artistic\u0103. Co-fondatoare \u00een 2013 a BAR \u2013 B\u0103r\u0103\u0219ti Artist Residency, transform\u0103 mo\u0219tenirea rural\u0103 familial\u0103 \u00eentr-un spa\u021biu viu de crea\u021bie.<\/p>\n<p><strong>Oana Tudose <\/strong>(n. 1987, Ro\u0219iori de Vede) este o artist\u0103 vizual\u0103 stabilit\u0103 \u00een Danemarca. Practica sa artistic\u0103 porne\u0219te de la tradi\u021bii textile definite prin reparare \u0219i reutilizare, \u00een contexte marcate de resurse limitate, investig\u00e2nd practicile de \u00eengrijire, vulnerabilitate \u0219i conservarea ca forme de munc\u0103 etic\u0103.<\/p>\n<p>Text de Maia \u0218tefana Oprea<\/p>\n<p>Curator Nicoleta Popa Grigore<\/p>\n<p>&nbsp;<\/p>\n","protected":false},"excerpt":{"rendered":"<p>Ini\u021biator: Gr\u0103dina Ideilor \u2014 Maia \u0218tefana Oprea Curator: Muzeograf Nicoleta Popa Grigore Arti\u0219ti: Chob, Ioana-Teodora Du\u021b\u0103, Oana Mazarache, Maia \u0218tefana Oprea, Oana Tudose, Ramona \u0218lug &nbsp; Gr\u0103dina Ideilor propune expozi\u021bia  [&#8230;]<\/p>\n","protected":false},"author":5,"featured_media":8073,"comment_status":"closed","ping_status":"closed","sticky":false,"template":"","format":"standard","meta":{"footnotes":""},"categories":[1],"tags":[],"class_list":["post-8071","post","type-post","status-publish","format-standard","has-post-thumbnail","hentry","category-evenimente"],"yoast_head":"<!-- This site is optimized with the Yoast SEO plugin v28.4 - https:\/\/yoast.com\/product\/yoast-seo-wordpress\/ -->\n<title>Expozi\u021bie colectiv\u0103 REWILDING<\/title>\n<meta name=\"description\" content=\"Expozi\u021bie colectiv\u0103 REWILDING\" \/>\n<meta name=\"robots\" content=\"index, follow, max-snippet:-1, max-image-preview:large, max-video-preview:-1\" \/>\n<link rel=\"canonical\" href=\"https:\/\/muzeulgolesti.ro\/ro\/evenimente\/expozitie-colectiva-rewilding\/\" \/>\n<meta property=\"og:locale\" content=\"ro_RO\" \/>\n<meta property=\"og:locale:alternate\" content=\"en_UK\" \/>\n<meta property=\"og:type\" content=\"article\" \/>\n<meta property=\"og:title\" content=\"Expozi\u021bie colectiv\u0103 REWILDING\" \/>\n<meta property=\"og:description\" content=\"Expozi\u021bie colectiv\u0103 REWILDING\" \/>\n<meta property=\"og:url\" content=\"https:\/\/muzeulgolesti.ro\/ro\/evenimente\/expozitie-colectiva-rewilding\/\" \/>\n<meta property=\"og:site_name\" content=\"Muzeul Viticulturii si Pomiculturii Golesti\" \/>\n<meta property=\"article:publisher\" content=\"https:\/\/web.facebook.com\/www.muzeulgolesti.ro\" \/>\n<meta property=\"article:published_time\" content=\"2026-09-02T12:45:46+00:00\" \/>\n<meta property=\"article:modified_time\" content=\"2026-09-02T12:52:48+00:00\" \/>\n<meta property=\"og:image\" content=\"https:\/\/muzeulgolesti.ro\/wp-content\/uploads\/2026\/09\/coperta.jpg\" \/>\n\t<meta property=\"og:image:width\" content=\"900\" \/>\n\t<meta property=\"og:image:height\" content=\"508\" \/>\n\t<meta property=\"og:image:type\" content=\"image\/jpeg\" \/>\n<meta name=\"author\" content=\"Camelia C\u0103lin\" \/>\n<meta name=\"twitter:card\" content=\"summary_large_image\" \/>\n<meta name=\"twitter:label1\" content=\"Scris de\" \/>\n\t<meta name=\"twitter:data1\" content=\"Camelia C\u0103lin\" \/>\n\t<meta name=\"twitter:label2\" content=\"Timp estimat pentru citire\" \/>\n\t<meta name=\"twitter:data2\" content=\"5 minute\" \/>\n<script type=\"application\/ld+json\" class=\"yoast-schema-graph\">{\"@context\":\"https:\\\/\\\/schema.org\",\"@graph\":[{\"@type\":\"Article\",\"@id\":\"https:\\\/\\\/muzeulgolesti.ro\\\/ro\\\/evenimente\\\/expozitie-colectiva-rewilding\\\/#article\",\"isPartOf\":{\"@id\":\"https:\\\/\\\/muzeulgolesti.ro\\\/ro\\\/evenimente\\\/expozitie-colectiva-rewilding\\\/\"},\"author\":{\"name\":\"Camelia C\u0103lin\",\"@id\":\"https:\\\/\\\/muzeulgolesti.ro\\\/ro\\\/#\\\/schema\\\/person\\\/10f7278cf5f9da102e4cf1f75f098e5c\"},\"headline\":\"Expozi\u021bie colectiv\u0103 REWILDING\",\"datePublished\":\"2026-09-02T12:45:46+00:00\",\"dateModified\":\"2026-09-02T12:52:48+00:00\",\"mainEntityOfPage\":{\"@id\":\"https:\\\/\\\/muzeulgolesti.ro\\\/ro\\\/evenimente\\\/expozitie-colectiva-rewilding\\\/\"},\"wordCount\":1598,\"publisher\":{\"@id\":\"https:\\\/\\\/muzeulgolesti.ro\\\/ro\\\/#organization\"},\"image\":{\"@id\":\"https:\\\/\\\/muzeulgolesti.ro\\\/ro\\\/evenimente\\\/expozitie-colectiva-rewilding\\\/#primaryimage\"},\"thumbnailUrl\":\"https:\\\/\\\/muzeulgolesti.ro\\\/wp-content\\\/uploads\\\/2026\\\/09\\\/coperta.jpg\",\"articleSection\":[\"Evenimente\"],\"inLanguage\":\"ro-RO\"},{\"@type\":\"WebPage\",\"@id\":\"https:\\\/\\\/muzeulgolesti.ro\\\/ro\\\/evenimente\\\/expozitie-colectiva-rewilding\\\/\",\"url\":\"https:\\\/\\\/muzeulgolesti.ro\\\/ro\\\/evenimente\\\/expozitie-colectiva-rewilding\\\/\",\"name\":\"Expozi\u021bie colectiv\u0103 REWILDING\",\"isPartOf\":{\"@id\":\"https:\\\/\\\/muzeulgolesti.ro\\\/ro\\\/#website\"},\"primaryImageOfPage\":{\"@id\":\"https:\\\/\\\/muzeulgolesti.ro\\\/ro\\\/evenimente\\\/expozitie-colectiva-rewilding\\\/#primaryimage\"},\"image\":{\"@id\":\"https:\\\/\\\/muzeulgolesti.ro\\\/ro\\\/evenimente\\\/expozitie-colectiva-rewilding\\\/#primaryimage\"},\"thumbnailUrl\":\"https:\\\/\\\/muzeulgolesti.ro\\\/wp-content\\\/uploads\\\/2026\\\/09\\\/coperta.jpg\",\"datePublished\":\"2026-09-02T12:45:46+00:00\",\"dateModified\":\"2026-09-02T12:52:48+00:00\",\"description\":\"Expozi\u021bie colectiv\u0103 REWILDING\",\"breadcrumb\":{\"@id\":\"https:\\\/\\\/muzeulgolesti.ro\\\/ro\\\/evenimente\\\/expozitie-colectiva-rewilding\\\/#breadcrumb\"},\"inLanguage\":\"ro-RO\",\"potentialAction\":[{\"@type\":\"ReadAction\",\"target\":[\"https:\\\/\\\/muzeulgolesti.ro\\\/ro\\\/evenimente\\\/expozitie-colectiva-rewilding\\\/\"]}]},{\"@type\":\"ImageObject\",\"inLanguage\":\"ro-RO\",\"@id\":\"https:\\\/\\\/muzeulgolesti.ro\\\/ro\\\/evenimente\\\/expozitie-colectiva-rewilding\\\/#primaryimage\",\"url\":\"https:\\\/\\\/muzeulgolesti.ro\\\/wp-content\\\/uploads\\\/2026\\\/09\\\/coperta.jpg\",\"contentUrl\":\"https:\\\/\\\/muzeulgolesti.ro\\\/wp-content\\\/uploads\\\/2026\\\/09\\\/coperta.jpg\",\"width\":900,\"height\":508},{\"@type\":\"BreadcrumbList\",\"@id\":\"https:\\\/\\\/muzeulgolesti.ro\\\/ro\\\/evenimente\\\/expozitie-colectiva-rewilding\\\/#breadcrumb\",\"itemListElement\":[{\"@type\":\"ListItem\",\"position\":1,\"name\":\"Prima pagin\u0103\",\"item\":\"https:\\\/\\\/muzeulgolesti.ro\\\/ro\\\/\"},{\"@type\":\"ListItem\",\"position\":2,\"name\":\"Expozi\u021bie colectiv\u0103 REWILDING\"}]},{\"@type\":\"WebSite\",\"@id\":\"https:\\\/\\\/muzeulgolesti.ro\\\/ro\\\/#website\",\"url\":\"https:\\\/\\\/muzeulgolesti.ro\\\/ro\\\/\",\"name\":\"Muzeul Vititculturii si Pomiculturii Golesti\",\"description\":\"Cultura, Etnografie, Istorie - Muzeul Vititculturii si Pomiculturii Golesti\",\"publisher\":{\"@id\":\"https:\\\/\\\/muzeulgolesti.ro\\\/ro\\\/#organization\"},\"potentialAction\":[{\"@type\":\"SearchAction\",\"target\":{\"@type\":\"EntryPoint\",\"urlTemplate\":\"https:\\\/\\\/muzeulgolesti.ro\\\/ro\\\/?s={search_term_string}\"},\"query-input\":{\"@type\":\"PropertyValueSpecification\",\"valueRequired\":true,\"valueName\":\"search_term_string\"}}],\"inLanguage\":\"ro-RO\"},{\"@type\":\"Organization\",\"@id\":\"https:\\\/\\\/muzeulgolesti.ro\\\/ro\\\/#organization\",\"name\":\"Muzeul Vititculturii si Pomiculturii Golesti\",\"url\":\"https:\\\/\\\/muzeulgolesti.ro\\\/ro\\\/\",\"logo\":{\"@type\":\"ImageObject\",\"inLanguage\":\"ro-RO\",\"@id\":\"https:\\\/\\\/muzeulgolesti.ro\\\/ro\\\/#\\\/schema\\\/logo\\\/image\\\/\",\"url\":\"https:\\\/\\\/muzeulgolesti.ro\\\/wp-content\\\/uploads\\\/2022\\\/11\\\/SiglaMuzeu.jpg\",\"contentUrl\":\"https:\\\/\\\/muzeulgolesti.ro\\\/wp-content\\\/uploads\\\/2022\\\/11\\\/SiglaMuzeu.jpg\",\"width\":86,\"height\":50,\"caption\":\"Muzeul Vititculturii si Pomiculturii Golesti\"},\"image\":{\"@id\":\"https:\\\/\\\/muzeulgolesti.ro\\\/ro\\\/#\\\/schema\\\/logo\\\/image\\\/\"},\"sameAs\":[\"https:\\\/\\\/web.facebook.com\\\/www.muzeulgolesti.ro\"]},{\"@type\":\"Person\",\"@id\":\"https:\\\/\\\/muzeulgolesti.ro\\\/ro\\\/#\\\/schema\\\/person\\\/10f7278cf5f9da102e4cf1f75f098e5c\",\"name\":\"Camelia C\u0103lin\",\"url\":\"https:\\\/\\\/muzeulgolesti.ro\\\/ro\\\/author\\\/camelia\\\/\"}]}<\/script>\n<!-- \/ Yoast SEO plugin. -->","yoast_head_json":{"title":"Expozi\u021bie colectiv\u0103 REWILDING","description":"[:ro]Expozi\u021bie colectiv\u0103 REWILDING[:en]REWILDING Group Exhibition[:]","robots":{"index":"index","follow":"follow","max-snippet":"max-snippet:-1","max-image-preview":"max-image-preview:large","max-video-preview":"max-video-preview:-1"},"canonical":"https:\/\/muzeulgolesti.ro\/ro\/evenimente\/expozitie-colectiva-rewilding\/","og_locale":"ro_RO","og_type":"article","og_title":"[:ro]Expozi\u021bie colectiv\u0103 REWILDING[:en]REWILDING Group Exhibition[:] - Muzeul Viticulturii si Pomiculturii Golesti","og_description":"[:ro]Expozi\u021bie colectiv\u0103 REWILDING[:en]REWILDING Group Exhibition[:]","og_url":"https:\/\/muzeulgolesti.ro\/ro\/evenimente\/expozitie-colectiva-rewilding\/","og_site_name":"Muzeul Viticulturii si Pomiculturii Golesti","article_publisher":"https:\/\/web.facebook.com\/www.muzeulgolesti.ro","article_published_time":"2026-09-02T12:45:46+00:00","article_modified_time":"2026-09-02T12:52:48+00:00","og_image":[{"width":900,"height":508,"url":"https:\/\/muzeulgolesti.ro\/wp-content\/uploads\/2026\/09\/coperta.jpg","type":"image\/jpeg"}],"author":"Camelia C\u0103lin","twitter_card":"summary_large_image","twitter_misc":{"Scris de":"Camelia C\u0103lin","Timp estimat pentru citire":"5 minute"},"schema":{"@context":"https:\/\/schema.org","@graph":[{"@type":"Article","@id":"https:\/\/muzeulgolesti.ro\/ro\/evenimente\/expozitie-colectiva-rewilding\/#article","isPartOf":{"@id":"https:\/\/muzeulgolesti.ro\/ro\/evenimente\/expozitie-colectiva-rewilding\/"},"author":{"name":"Camelia C\u0103lin","@id":"https:\/\/muzeulgolesti.ro\/ro\/#\/schema\/person\/10f7278cf5f9da102e4cf1f75f098e5c"},"headline":"Expozi\u021bie colectiv\u0103 REWILDING","datePublished":"2026-09-02T12:45:46+00:00","dateModified":"2026-09-02T12:52:48+00:00","mainEntityOfPage":{"@id":"https:\/\/muzeulgolesti.ro\/ro\/evenimente\/expozitie-colectiva-rewilding\/"},"wordCount":1598,"publisher":{"@id":"https:\/\/muzeulgolesti.ro\/ro\/#organization"},"image":{"@id":"https:\/\/muzeulgolesti.ro\/ro\/evenimente\/expozitie-colectiva-rewilding\/#primaryimage"},"thumbnailUrl":"https:\/\/muzeulgolesti.ro\/wp-content\/uploads\/2026\/09\/coperta.jpg","articleSection":["Evenimente"],"inLanguage":"ro-RO"},{"@type":"WebPage","@id":"https:\/\/muzeulgolesti.ro\/ro\/evenimente\/expozitie-colectiva-rewilding\/","url":"https:\/\/muzeulgolesti.ro\/ro\/evenimente\/expozitie-colectiva-rewilding\/","name":"Expozi\u021bie colectiv\u0103 REWILDING","isPartOf":{"@id":"https:\/\/muzeulgolesti.ro\/ro\/#website"},"primaryImageOfPage":{"@id":"https:\/\/muzeulgolesti.ro\/ro\/evenimente\/expozitie-colectiva-rewilding\/#primaryimage"},"image":{"@id":"https:\/\/muzeulgolesti.ro\/ro\/evenimente\/expozitie-colectiva-rewilding\/#primaryimage"},"thumbnailUrl":"https:\/\/muzeulgolesti.ro\/wp-content\/uploads\/2026\/09\/coperta.jpg","datePublished":"2026-09-02T12:45:46+00:00","dateModified":"2026-09-02T12:52:48+00:00","description":"Expozi\u021bie colectiv\u0103 REWILDING","breadcrumb":{"@id":"https:\/\/muzeulgolesti.ro\/ro\/evenimente\/expozitie-colectiva-rewilding\/#breadcrumb"},"inLanguage":"ro-RO","potentialAction":[{"@type":"ReadAction","target":["https:\/\/muzeulgolesti.ro\/ro\/evenimente\/expozitie-colectiva-rewilding\/"]}]},{"@type":"ImageObject","inLanguage":"ro-RO","@id":"https:\/\/muzeulgolesti.ro\/ro\/evenimente\/expozitie-colectiva-rewilding\/#primaryimage","url":"https:\/\/muzeulgolesti.ro\/wp-content\/uploads\/2026\/09\/coperta.jpg","contentUrl":"https:\/\/muzeulgolesti.ro\/wp-content\/uploads\/2026\/09\/coperta.jpg","width":900,"height":508},{"@type":"BreadcrumbList","@id":"https:\/\/muzeulgolesti.ro\/ro\/evenimente\/expozitie-colectiva-rewilding\/#breadcrumb","itemListElement":[{"@type":"ListItem","position":1,"name":"Prima pagin\u0103","item":"https:\/\/muzeulgolesti.ro\/ro\/"},{"@type":"ListItem","position":2,"name":"Expozi\u021bie colectiv\u0103 REWILDING"}]},{"@type":"WebSite","@id":"https:\/\/muzeulgolesti.ro\/ro\/#website","url":"https:\/\/muzeulgolesti.ro\/ro\/","name":"Muzeul Vititculturii si Pomiculturii Golesti","description":"Cultura, Etnografie, Istorie - Muzeul Vititculturii si Pomiculturii Golesti","publisher":{"@id":"https:\/\/muzeulgolesti.ro\/ro\/#organization"},"potentialAction":[{"@type":"SearchAction","target":{"@type":"EntryPoint","urlTemplate":"https:\/\/muzeulgolesti.ro\/ro\/?s={search_term_string}"},"query-input":{"@type":"PropertyValueSpecification","valueRequired":true,"valueName":"search_term_string"}}],"inLanguage":"ro-RO"},{"@type":"Organization","@id":"https:\/\/muzeulgolesti.ro\/ro\/#organization","name":"Muzeul Vititculturii si Pomiculturii Golesti","url":"https:\/\/muzeulgolesti.ro\/ro\/","logo":{"@type":"ImageObject","inLanguage":"ro-RO","@id":"https:\/\/muzeulgolesti.ro\/ro\/#\/schema\/logo\/image\/","url":"https:\/\/muzeulgolesti.ro\/wp-content\/uploads\/2022\/11\/SiglaMuzeu.jpg","contentUrl":"https:\/\/muzeulgolesti.ro\/wp-content\/uploads\/2022\/11\/SiglaMuzeu.jpg","width":86,"height":50,"caption":"Muzeul Vititculturii si Pomiculturii Golesti"},"image":{"@id":"https:\/\/muzeulgolesti.ro\/ro\/#\/schema\/logo\/image\/"},"sameAs":["https:\/\/web.facebook.com\/www.muzeulgolesti.ro"]},{"@type":"Person","@id":"https:\/\/muzeulgolesti.ro\/ro\/#\/schema\/person\/10f7278cf5f9da102e4cf1f75f098e5c","name":"Camelia C\u0103lin","url":"https:\/\/muzeulgolesti.ro\/ro\/author\/camelia\/"}]}},"_links":{"self":[{"href":"https:\/\/muzeulgolesti.ro\/ro\/wp-json\/wp\/v2\/posts\/8071","targetHints":{"allow":["GET"]}}],"collection":[{"href":"https:\/\/muzeulgolesti.ro\/ro\/wp-json\/wp\/v2\/posts"}],"about":[{"href":"https:\/\/muzeulgolesti.ro\/ro\/wp-json\/wp\/v2\/types\/post"}],"author":[{"embeddable":true,"href":"https:\/\/muzeulgolesti.ro\/ro\/wp-json\/wp\/v2\/users\/5"}],"replies":[{"embeddable":true,"href":"https:\/\/muzeulgolesti.ro\/ro\/wp-json\/wp\/v2\/comments?post=8071"}],"version-history":[{"count":6,"href":"https:\/\/muzeulgolesti.ro\/ro\/wp-json\/wp\/v2\/posts\/8071\/revisions"}],"predecessor-version":[{"id":8079,"href":"https:\/\/muzeulgolesti.ro\/ro\/wp-json\/wp\/v2\/posts\/8071\/revisions\/8079"}],"wp:featuredmedia":[{"embeddable":true,"href":"https:\/\/muzeulgolesti.ro\/ro\/wp-json\/wp\/v2\/media\/8073"}],"wp:attachment":[{"href":"https:\/\/muzeulgolesti.ro\/ro\/wp-json\/wp\/v2\/media?parent=8071"}],"wp:term":[{"taxonomy":"category","embeddable":true,"href":"https:\/\/muzeulgolesti.ro\/ro\/wp-json\/wp\/v2\/categories?post=8071"},{"taxonomy":"post_tag","embeddable":true,"href":"https:\/\/muzeulgolesti.ro\/ro\/wp-json\/wp\/v2\/tags?post=8071"}],"curies":[{"name":"wp","href":"https:\/\/api.w.org\/{rel}","templated":true}]}}