{"id":8081,"date":"2026-09-02T15:44:48","date_gmt":"2026-09-02T15:44:48","guid":{"rendered":"https:\/\/muzeulgolesti.ro\/ro\/?p=8081"},"modified":"2026-09-02T15:52:59","modified_gmt":"2026-09-02T15:52:59","slug":"chemare-catre-fiii-si-cetatenii-de-onoare-ai-argesului-intoarceti-va-pentru-o-zi-acasa-la-muzeul-golesti","status":"publish","type":"post","link":"https:\/\/muzeulgolesti.ro\/ro\/stiri\/chemare-catre-fiii-si-cetatenii-de-onoare-ai-argesului-intoarceti-va-pentru-o-zi-acasa-la-muzeul-golesti\/","title":{"rendered":"Chemare c\u0103tre Fiii \u0219i Cet\u0103\u021benii de Onoare ai Arge\u0219ului: \u00eentoarce\u021bi-v\u0103, pentru o zi, acas\u0103, la Muzeul Gole\u0219ti!"},"content":{"rendered":"<p><img decoding=\"async\" class=\"aligncenter wp-image-8082\" src=\"https:\/\/muzeulgolesti.ro\/wp-content\/uploads\/2026\/09\/invitatie0007-262x360.jpg\" alt=\"\" width=\"363\" height=\"499\" srcset=\"https:\/\/muzeulgolesti.ro\/wp-content\/uploads\/2026\/09\/invitatie0007-200x275.jpg 200w, https:\/\/muzeulgolesti.ro\/wp-content\/uploads\/2026\/09\/invitatie0007-262x360.jpg 262w, https:\/\/muzeulgolesti.ro\/wp-content\/uploads\/2026\/09\/invitatie0007-400x550.jpg 400w, https:\/\/muzeulgolesti.ro\/wp-content\/uploads\/2026\/09\/invitatie0007-600x825.jpg 600w, https:\/\/muzeulgolesti.ro\/wp-content\/uploads\/2026\/09\/invitatie0007-768x1056.jpg 768w, https:\/\/muzeulgolesti.ro\/wp-content\/uploads\/2026\/09\/invitatie0007-800x1100.jpg 800w, https:\/\/muzeulgolesti.ro\/wp-content\/uploads\/2026\/09\/invitatie0007-945x1300.jpg 945w, https:\/\/muzeulgolesti.ro\/wp-content\/uploads\/2026\/09\/invitatie0007-1117x1536.jpg 1117w, https:\/\/muzeulgolesti.ro\/wp-content\/uploads\/2026\/09\/invitatie0007-1200x1650.jpg 1200w, https:\/\/muzeulgolesti.ro\/wp-content\/uploads\/2026\/09\/invitatie0007-1489x2048.jpg 1489w, https:\/\/muzeulgolesti.ro\/wp-content\/uploads\/2026\/09\/invitatie0007-scaled.jpg 1861w\" sizes=\"(max-width: 363px) 100vw, 363px\" \/><\/p>\n<p>&nbsp;<\/p>\n<p>\u00cen urm\u0103 cu aproape dou\u0103 decenii, la Muzeul Gole\u0219ti \u00eencepea una dintre cele mai frumoase s\u0103rb\u0103tori ale recuno\u0219tin\u021bei arge\u0219ene. Oameni care au dus cu cinste numele Arge\u0219ului \u0219i Muscelului \u00een \u021bar\u0103 \u0219i \u00een lume au primit titlurile de Fiu sau Fiic\u0103 a Arge\u0219ului sau de Cet\u0103\u021bean de Onoare al Jude\u021bului Arge\u0219.<\/p>\n<p>Ast\u0103zi, Arge\u0219ul \u00eei cheam\u0103 din nou acas\u0103, la Muzeul Gole\u0219ti!<\/p>\n<p><strong>S\u00e2mb\u0103t\u0103, 3 octombrie 2026, de la ora 11:00, Consiliul Jude\u021bean Arge\u0219 \u0219i Muzeul Viticulturii \u0219i Pomiculturii Gole\u0219ti \u00eei invit\u0103 pe to\u021bi cei distin\u0219i de-a lungul anilor cu titlurile de Fiu\/Fiic\u0103 a Arge\u0219ului sau Cet\u0103\u021bean de Onoare al Jude\u021bului Arge\u0219 la o \u00eent\u00e2lnire de suflet.<\/strong><\/p>\n<p>Dragi Fii\/Fiice \u0219i Cet\u0103\u021beni de Onoare ai Arge\u0219ului, prin munc\u0103, talent \u0219i devotament a\u021bi construit renumele acestui jude\u021b. V\u0103 a\u0219tept\u0103m la Muzeul Gole\u0219ti pe 3 octombrie nu pentru o simpl\u0103 ceremonie, ci pentru a v\u0103 spune din nou, privindu-v\u0103 \u00een ochi: V\u0103 mul\u021bumim! Arge\u0219ul nu \u0219i-a uitat valorile!<\/p>\n<p><strong>V\u0103 rug\u0103m s\u0103 confirma\u021bi participarea p\u00e2n\u0103 la 25 septembrie 2026.<\/strong><\/p>\n<p><strong>Telefon: 0248 266 364<\/strong><\/p>\n<p><strong>E-mail: contact@muzeulgolesti.ro<\/strong><\/p>\n<p>Chemarea noastr\u0103 se \u00eendreapt\u0103 c\u0103tre publicul arge\u0219ean \u0219i nu numai. V\u0103 invit\u0103m s\u0103 veni\u021bi la Muzeul Gole\u0219ti, s\u0103-i \u00eent\u00e2lni\u021bi \u0219i s\u0103-i aplauda\u021bi pe oamenii care au f\u0103cut cinste acestor locuri.<\/p>\n<p>Veni\u021bi \u00eempreun\u0103 cu familia, cu prietenii \u0219i, mai ales, cu tinerii! Prezen\u021ba dumneavoastr\u0103 va fi cel mai frumos semn c\u0103 valorile adev\u0103rate nu sunt uitate.<\/p>\n<p>Pe 3 octombrie 2026, de la ora 11.oo, s\u0103 fim \u00eempreun\u0103 la Muzeul Gole\u0219ti (strada Radu Golescu, nr. 34, ora\u0219 \u0218tef\u0103ne\u0219ti, jude\u021bul Arge\u0219).<\/p>\n<p>Respectul se spune prin cuvinte, dar se dovede\u0219te prin prezen\u021b\u0103.<\/p>\n<p>&nbsp;<\/p>\n<p>Modalit\u0103\u021bi de a ajunge la Muzeul Gole\u0219ti:<\/p>\n<p><a href=\"https:\/\/muzeulgolesti.ro\/ro\/cum-ajung-la-muzeu\/\">https:\/\/muzeulgolesti.ro\/ro\/cum-ajung-la-muzeu\/<\/a><\/p>\n<p>&nbsp;<\/p>\n<p>&nbsp;<\/p>\n","protected":false},"excerpt":{"rendered":"<p>&nbsp; \u00cen urm\u0103 cu aproape dou\u0103 decenii, la Muzeul Gole\u0219ti \u00eencepea una dintre cele mai frumoase s\u0103rb\u0103tori ale recuno\u0219tin\u021bei arge\u0219ene. Oameni care au dus cu cinste numele Arge\u0219ului \u0219i Muscelului  [&#8230;]<\/p>\n","protected":false},"author":5,"featured_media":8083,"comment_status":"closed","ping_status":"closed","sticky":false,"template":"","format":"standard","meta":{"footnotes":""},"categories":[54],"tags":[],"class_list":["post-8081","post","type-post","status-publish","format-standard","has-post-thumbnail","hentry","category-stiri"],"yoast_head":"<!-- This site is optimized with the Yoast SEO plugin v28.4 - https:\/\/yoast.com\/product\/yoast-seo-wordpress\/ -->\n<title>Chemare c\u0103tre Fiii \u0219i Cet\u0103\u021benii de Onoare ai Arge\u0219ului: \u00eentoarce\u021bi-v\u0103, pentru o zi, acas\u0103, la Muzeul Gole\u0219ti!<\/title>\n<meta name=\"description\" content=\"Chemare c\u0103tre Fiii \u0219i Cet\u0103\u021benii de Onoare ai Arge\u0219ului: \u00eentoarce\u021bi-v\u0103, pentru o zi, acas\u0103, la Muzeul Gole\u0219ti!\" \/>\n<meta name=\"robots\" content=\"index, follow, max-snippet:-1, max-image-preview:large, max-video-preview:-1\" \/>\n<link rel=\"canonical\" href=\"https:\/\/muzeulgolesti.ro\/ro\/stiri\/chemare-catre-fiii-si-cetatenii-de-onoare-ai-argesului-intoarceti-va-pentru-o-zi-acasa-la-muzeul-golesti\/\" \/>\n<meta property=\"og:locale\" content=\"ro_RO\" \/>\n<meta property=\"og:locale:alternate\" content=\"en_UK\" \/>\n<meta property=\"og:type\" content=\"article\" \/>\n<meta property=\"og:title\" content=\"Chemare c\u0103tre Fiii \u0219i Cet\u0103\u021benii de Onoare ai Arge\u0219ului: \u00eentoarce\u021bi-v\u0103, pentru o zi, acas\u0103, la Muzeul Gole\u0219ti!\" \/>\n<meta property=\"og:description\" content=\"Chemare c\u0103tre Fiii \u0219i Cet\u0103\u021benii de Onoare ai Arge\u0219ului: \u00eentoarce\u021bi-v\u0103, pentru o zi, acas\u0103, la Muzeul Gole\u0219ti!\" \/>\n<meta property=\"og:url\" content=\"https:\/\/muzeulgolesti.ro\/ro\/stiri\/chemare-catre-fiii-si-cetatenii-de-onoare-ai-argesului-intoarceti-va-pentru-o-zi-acasa-la-muzeul-golesti\/\" \/>\n<meta property=\"og:site_name\" content=\"Muzeul Viticulturii si Pomiculturii Golesti\" \/>\n<meta property=\"article:publisher\" content=\"https:\/\/web.facebook.com\/www.muzeulgolesti.ro\" \/>\n<meta property=\"article:published_time\" content=\"2026-09-02T15:44:48+00:00\" \/>\n<meta property=\"article:modified_time\" content=\"2026-09-02T15:52:59+00:00\" \/>\n<meta property=\"og:image\" content=\"https:\/\/muzeulgolesti.ro\/wp-content\/uploads\/2026\/09\/coperta-1.jpg\" \/>\n\t<meta property=\"og:image:width\" content=\"900\" \/>\n\t<meta property=\"og:image:height\" content=\"508\" \/>\n\t<meta property=\"og:image:type\" content=\"image\/jpeg\" \/>\n<meta name=\"author\" content=\"Camelia C\u0103lin\" \/>\n<meta name=\"twitter:card\" content=\"summary_large_image\" \/>\n<meta name=\"twitter:label1\" content=\"Scris de\" \/>\n\t<meta name=\"twitter:data1\" content=\"Camelia C\u0103lin\" \/>\n\t<meta name=\"twitter:label2\" content=\"Timp estimat pentru citire\" \/>\n\t<meta name=\"twitter:data2\" content=\"2 minute\" \/>\n<script type=\"application\/ld+json\" class=\"yoast-schema-graph\">{\"@context\":\"https:\\\/\\\/schema.org\",\"@graph\":[{\"@type\":\"Article\",\"@id\":\"https:\\\/\\\/muzeulgolesti.ro\\\/ro\\\/stiri\\\/chemare-catre-fiii-si-cetatenii-de-onoare-ai-argesului-intoarceti-va-pentru-o-zi-acasa-la-muzeul-golesti\\\/#article\",\"isPartOf\":{\"@id\":\"https:\\\/\\\/muzeulgolesti.ro\\\/ro\\\/stiri\\\/chemare-catre-fiii-si-cetatenii-de-onoare-ai-argesului-intoarceti-va-pentru-o-zi-acasa-la-muzeul-golesti\\\/\"},\"author\":{\"name\":\"Camelia C\u0103lin\",\"@id\":\"https:\\\/\\\/muzeulgolesti.ro\\\/ro\\\/#\\\/schema\\\/person\\\/10f7278cf5f9da102e4cf1f75f098e5c\"},\"headline\":\"Chemare c\u0103tre Fiii \u0219i Cet\u0103\u021benii de Onoare ai Arge\u0219ului: \u00eentoarce\u021bi-v\u0103, pentru o zi, acas\u0103, la Muzeul Gole\u0219ti!\",\"datePublished\":\"2026-09-02T15:44:48+00:00\",\"dateModified\":\"2026-09-02T15:52:59+00:00\",\"mainEntityOfPage\":{\"@id\":\"https:\\\/\\\/muzeulgolesti.ro\\\/ro\\\/stiri\\\/chemare-catre-fiii-si-cetatenii-de-onoare-ai-argesului-intoarceti-va-pentru-o-zi-acasa-la-muzeul-golesti\\\/\"},\"wordCount\":640,\"publisher\":{\"@id\":\"https:\\\/\\\/muzeulgolesti.ro\\\/ro\\\/#organization\"},\"image\":{\"@id\":\"https:\\\/\\\/muzeulgolesti.ro\\\/ro\\\/stiri\\\/chemare-catre-fiii-si-cetatenii-de-onoare-ai-argesului-intoarceti-va-pentru-o-zi-acasa-la-muzeul-golesti\\\/#primaryimage\"},\"thumbnailUrl\":\"https:\\\/\\\/muzeulgolesti.ro\\\/wp-content\\\/uploads\\\/2026\\\/09\\\/coperta-1.jpg\",\"articleSection\":[\"Stiri\"],\"inLanguage\":\"ro-RO\"},{\"@type\":\"WebPage\",\"@id\":\"https:\\\/\\\/muzeulgolesti.ro\\\/ro\\\/stiri\\\/chemare-catre-fiii-si-cetatenii-de-onoare-ai-argesului-intoarceti-va-pentru-o-zi-acasa-la-muzeul-golesti\\\/\",\"url\":\"https:\\\/\\\/muzeulgolesti.ro\\\/ro\\\/stiri\\\/chemare-catre-fiii-si-cetatenii-de-onoare-ai-argesului-intoarceti-va-pentru-o-zi-acasa-la-muzeul-golesti\\\/\",\"name\":\"Chemare c\u0103tre Fiii \u0219i Cet\u0103\u021benii de Onoare ai Arge\u0219ului: \u00eentoarce\u021bi-v\u0103, pentru o zi, acas\u0103, la Muzeul Gole\u0219ti!\",\"isPartOf\":{\"@id\":\"https:\\\/\\\/muzeulgolesti.ro\\\/ro\\\/#website\"},\"primaryImageOfPage\":{\"@id\":\"https:\\\/\\\/muzeulgolesti.ro\\\/ro\\\/stiri\\\/chemare-catre-fiii-si-cetatenii-de-onoare-ai-argesului-intoarceti-va-pentru-o-zi-acasa-la-muzeul-golesti\\\/#primaryimage\"},\"image\":{\"@id\":\"https:\\\/\\\/muzeulgolesti.ro\\\/ro\\\/stiri\\\/chemare-catre-fiii-si-cetatenii-de-onoare-ai-argesului-intoarceti-va-pentru-o-zi-acasa-la-muzeul-golesti\\\/#primaryimage\"},\"thumbnailUrl\":\"https:\\\/\\\/muzeulgolesti.ro\\\/wp-content\\\/uploads\\\/2026\\\/09\\\/coperta-1.jpg\",\"datePublished\":\"2026-09-02T15:44:48+00:00\",\"dateModified\":\"2026-09-02T15:52:59+00:00\",\"description\":\"Chemare c\u0103tre Fiii \u0219i Cet\u0103\u021benii de Onoare ai Arge\u0219ului: \u00eentoarce\u021bi-v\u0103, pentru o zi, acas\u0103, la Muzeul Gole\u0219ti!\",\"breadcrumb\":{\"@id\":\"https:\\\/\\\/muzeulgolesti.ro\\\/ro\\\/stiri\\\/chemare-catre-fiii-si-cetatenii-de-onoare-ai-argesului-intoarceti-va-pentru-o-zi-acasa-la-muzeul-golesti\\\/#breadcrumb\"},\"inLanguage\":\"ro-RO\",\"potentialAction\":[{\"@type\":\"ReadAction\",\"target\":[\"https:\\\/\\\/muzeulgolesti.ro\\\/ro\\\/stiri\\\/chemare-catre-fiii-si-cetatenii-de-onoare-ai-argesului-intoarceti-va-pentru-o-zi-acasa-la-muzeul-golesti\\\/\"]}]},{\"@type\":\"ImageObject\",\"inLanguage\":\"ro-RO\",\"@id\":\"https:\\\/\\\/muzeulgolesti.ro\\\/ro\\\/stiri\\\/chemare-catre-fiii-si-cetatenii-de-onoare-ai-argesului-intoarceti-va-pentru-o-zi-acasa-la-muzeul-golesti\\\/#primaryimage\",\"url\":\"https:\\\/\\\/muzeulgolesti.ro\\\/wp-content\\\/uploads\\\/2026\\\/09\\\/coperta-1.jpg\",\"contentUrl\":\"https:\\\/\\\/muzeulgolesti.ro\\\/wp-content\\\/uploads\\\/2026\\\/09\\\/coperta-1.jpg\",\"width\":900,\"height\":508},{\"@type\":\"BreadcrumbList\",\"@id\":\"https:\\\/\\\/muzeulgolesti.ro\\\/ro\\\/stiri\\\/chemare-catre-fiii-si-cetatenii-de-onoare-ai-argesului-intoarceti-va-pentru-o-zi-acasa-la-muzeul-golesti\\\/#breadcrumb\",\"itemListElement\":[{\"@type\":\"ListItem\",\"position\":1,\"name\":\"Prima pagin\u0103\",\"item\":\"https:\\\/\\\/muzeulgolesti.ro\\\/ro\\\/\"},{\"@type\":\"ListItem\",\"position\":2,\"name\":\"Chemare c\u0103tre Fiii \u0219i Cet\u0103\u021benii de Onoare ai Arge\u0219ului: \u00eentoarce\u021bi-v\u0103, pentru o zi, acas\u0103, la Muzeul Gole\u0219ti!\"}]},{\"@type\":\"WebSite\",\"@id\":\"https:\\\/\\\/muzeulgolesti.ro\\\/ro\\\/#website\",\"url\":\"https:\\\/\\\/muzeulgolesti.ro\\\/ro\\\/\",\"name\":\"Muzeul Vititculturii si Pomiculturii Golesti\",\"description\":\"Cultura, Etnografie, Istorie - Muzeul Vititculturii si Pomiculturii Golesti\",\"publisher\":{\"@id\":\"https:\\\/\\\/muzeulgolesti.ro\\\/ro\\\/#organization\"},\"potentialAction\":[{\"@type\":\"SearchAction\",\"target\":{\"@type\":\"EntryPoint\",\"urlTemplate\":\"https:\\\/\\\/muzeulgolesti.ro\\\/ro\\\/?s={search_term_string}\"},\"query-input\":{\"@type\":\"PropertyValueSpecification\",\"valueRequired\":true,\"valueName\":\"search_term_string\"}}],\"inLanguage\":\"ro-RO\"},{\"@type\":\"Organization\",\"@id\":\"https:\\\/\\\/muzeulgolesti.ro\\\/ro\\\/#organization\",\"name\":\"Muzeul Vititculturii si Pomiculturii Golesti\",\"url\":\"https:\\\/\\\/muzeulgolesti.ro\\\/ro\\\/\",\"logo\":{\"@type\":\"ImageObject\",\"inLanguage\":\"ro-RO\",\"@id\":\"https:\\\/\\\/muzeulgolesti.ro\\\/ro\\\/#\\\/schema\\\/logo\\\/image\\\/\",\"url\":\"https:\\\/\\\/muzeulgolesti.ro\\\/wp-content\\\/uploads\\\/2022\\\/11\\\/SiglaMuzeu.jpg\",\"contentUrl\":\"https:\\\/\\\/muzeulgolesti.ro\\\/wp-content\\\/uploads\\\/2022\\\/11\\\/SiglaMuzeu.jpg\",\"width\":86,\"height\":50,\"caption\":\"Muzeul Vititculturii si Pomiculturii Golesti\"},\"image\":{\"@id\":\"https:\\\/\\\/muzeulgolesti.ro\\\/ro\\\/#\\\/schema\\\/logo\\\/image\\\/\"},\"sameAs\":[\"https:\\\/\\\/web.facebook.com\\\/www.muzeulgolesti.ro\"]},{\"@type\":\"Person\",\"@id\":\"https:\\\/\\\/muzeulgolesti.ro\\\/ro\\\/#\\\/schema\\\/person\\\/10f7278cf5f9da102e4cf1f75f098e5c\",\"name\":\"Camelia C\u0103lin\",\"url\":\"https:\\\/\\\/muzeulgolesti.ro\\\/ro\\\/author\\\/camelia\\\/\"}]}<\/script>\n<!-- \/ Yoast SEO plugin. -->","yoast_head_json":{"title":"Chemare c\u0103tre Fiii \u0219i Cet\u0103\u021benii de Onoare ai Arge\u0219ului: \u00eentoarce\u021bi-v\u0103, pentru o zi, acas\u0103, la Muzeul Gole\u0219ti!","description":"[:ro]Chemare c\u0103tre Fiii \u0219i Cet\u0103\u021benii de Onoare ai Arge\u0219ului: \u00eentoarce\u021bi-v\u0103, pentru o zi, acas\u0103, la Muzeul Gole\u0219ti![:en]Call to the Sons and Honorary Citizens of Arge\u0219: come home for a day![:]","robots":{"index":"index","follow":"follow","max-snippet":"max-snippet:-1","max-image-preview":"max-image-preview:large","max-video-preview":"max-video-preview:-1"},"canonical":"https:\/\/muzeulgolesti.ro\/ro\/stiri\/chemare-catre-fiii-si-cetatenii-de-onoare-ai-argesului-intoarceti-va-pentru-o-zi-acasa-la-muzeul-golesti\/","og_locale":"ro_RO","og_type":"article","og_title":"[:ro]Chemare c\u0103tre Fiii \u0219i Cet\u0103\u021benii de Onoare ai Arge\u0219ului: \u00eentoarce\u021bi-v\u0103, pentru o zi, acas\u0103, la Muzeul Gole\u0219ti![:en]Call to the Sons and Honorary Citizens of Arge\u0219: come home for a day![:] - Muzeul Viticulturii si Pomiculturii Golesti","og_description":"[:ro]Chemare c\u0103tre Fiii \u0219i Cet\u0103\u021benii de Onoare ai Arge\u0219ului: \u00eentoarce\u021bi-v\u0103, pentru o zi, acas\u0103, la Muzeul Gole\u0219ti![:en]Call to the Sons and Honorary Citizens of Arge\u0219: come home for a day![:]","og_url":"https:\/\/muzeulgolesti.ro\/ro\/stiri\/chemare-catre-fiii-si-cetatenii-de-onoare-ai-argesului-intoarceti-va-pentru-o-zi-acasa-la-muzeul-golesti\/","og_site_name":"Muzeul Viticulturii si Pomiculturii Golesti","article_publisher":"https:\/\/web.facebook.com\/www.muzeulgolesti.ro","article_published_time":"2026-09-02T15:44:48+00:00","article_modified_time":"2026-09-02T15:52:59+00:00","og_image":[{"width":900,"height":508,"url":"https:\/\/muzeulgolesti.ro\/wp-content\/uploads\/2026\/09\/coperta-1.jpg","type":"image\/jpeg"}],"author":"Camelia C\u0103lin","twitter_card":"summary_large_image","twitter_misc":{"Scris de":"Camelia C\u0103lin","Timp estimat pentru citire":"2 minute"},"schema":{"@context":"https:\/\/schema.org","@graph":[{"@type":"Article","@id":"https:\/\/muzeulgolesti.ro\/ro\/stiri\/chemare-catre-fiii-si-cetatenii-de-onoare-ai-argesului-intoarceti-va-pentru-o-zi-acasa-la-muzeul-golesti\/#article","isPartOf":{"@id":"https:\/\/muzeulgolesti.ro\/ro\/stiri\/chemare-catre-fiii-si-cetatenii-de-onoare-ai-argesului-intoarceti-va-pentru-o-zi-acasa-la-muzeul-golesti\/"},"author":{"name":"Camelia C\u0103lin","@id":"https:\/\/muzeulgolesti.ro\/ro\/#\/schema\/person\/10f7278cf5f9da102e4cf1f75f098e5c"},"headline":"Chemare c\u0103tre Fiii \u0219i Cet\u0103\u021benii de Onoare ai Arge\u0219ului: \u00eentoarce\u021bi-v\u0103, pentru o zi, acas\u0103, la Muzeul Gole\u0219ti!","datePublished":"2026-09-02T15:44:48+00:00","dateModified":"2026-09-02T15:52:59+00:00","mainEntityOfPage":{"@id":"https:\/\/muzeulgolesti.ro\/ro\/stiri\/chemare-catre-fiii-si-cetatenii-de-onoare-ai-argesului-intoarceti-va-pentru-o-zi-acasa-la-muzeul-golesti\/"},"wordCount":640,"publisher":{"@id":"https:\/\/muzeulgolesti.ro\/ro\/#organization"},"image":{"@id":"https:\/\/muzeulgolesti.ro\/ro\/stiri\/chemare-catre-fiii-si-cetatenii-de-onoare-ai-argesului-intoarceti-va-pentru-o-zi-acasa-la-muzeul-golesti\/#primaryimage"},"thumbnailUrl":"https:\/\/muzeulgolesti.ro\/wp-content\/uploads\/2026\/09\/coperta-1.jpg","articleSection":["Stiri"],"inLanguage":"ro-RO"},{"@type":"WebPage","@id":"https:\/\/muzeulgolesti.ro\/ro\/stiri\/chemare-catre-fiii-si-cetatenii-de-onoare-ai-argesului-intoarceti-va-pentru-o-zi-acasa-la-muzeul-golesti\/","url":"https:\/\/muzeulgolesti.ro\/ro\/stiri\/chemare-catre-fiii-si-cetatenii-de-onoare-ai-argesului-intoarceti-va-pentru-o-zi-acasa-la-muzeul-golesti\/","name":"Chemare c\u0103tre Fiii \u0219i Cet\u0103\u021benii de Onoare ai Arge\u0219ului: \u00eentoarce\u021bi-v\u0103, pentru o zi, acas\u0103, la Muzeul Gole\u0219ti!","isPartOf":{"@id":"https:\/\/muzeulgolesti.ro\/ro\/#website"},"primaryImageOfPage":{"@id":"https:\/\/muzeulgolesti.ro\/ro\/stiri\/chemare-catre-fiii-si-cetatenii-de-onoare-ai-argesului-intoarceti-va-pentru-o-zi-acasa-la-muzeul-golesti\/#primaryimage"},"image":{"@id":"https:\/\/muzeulgolesti.ro\/ro\/stiri\/chemare-catre-fiii-si-cetatenii-de-onoare-ai-argesului-intoarceti-va-pentru-o-zi-acasa-la-muzeul-golesti\/#primaryimage"},"thumbnailUrl":"https:\/\/muzeulgolesti.ro\/wp-content\/uploads\/2026\/09\/coperta-1.jpg","datePublished":"2026-09-02T15:44:48+00:00","dateModified":"2026-09-02T15:52:59+00:00","description":"Chemare c\u0103tre Fiii \u0219i Cet\u0103\u021benii de Onoare ai Arge\u0219ului: \u00eentoarce\u021bi-v\u0103, pentru o zi, acas\u0103, la Muzeul Gole\u0219ti!","breadcrumb":{"@id":"https:\/\/muzeulgolesti.ro\/ro\/stiri\/chemare-catre-fiii-si-cetatenii-de-onoare-ai-argesului-intoarceti-va-pentru-o-zi-acasa-la-muzeul-golesti\/#breadcrumb"},"inLanguage":"ro-RO","potentialAction":[{"@type":"ReadAction","target":["https:\/\/muzeulgolesti.ro\/ro\/stiri\/chemare-catre-fiii-si-cetatenii-de-onoare-ai-argesului-intoarceti-va-pentru-o-zi-acasa-la-muzeul-golesti\/"]}]},{"@type":"ImageObject","inLanguage":"ro-RO","@id":"https:\/\/muzeulgolesti.ro\/ro\/stiri\/chemare-catre-fiii-si-cetatenii-de-onoare-ai-argesului-intoarceti-va-pentru-o-zi-acasa-la-muzeul-golesti\/#primaryimage","url":"https:\/\/muzeulgolesti.ro\/wp-content\/uploads\/2026\/09\/coperta-1.jpg","contentUrl":"https:\/\/muzeulgolesti.ro\/wp-content\/uploads\/2026\/09\/coperta-1.jpg","width":900,"height":508},{"@type":"BreadcrumbList","@id":"https:\/\/muzeulgolesti.ro\/ro\/stiri\/chemare-catre-fiii-si-cetatenii-de-onoare-ai-argesului-intoarceti-va-pentru-o-zi-acasa-la-muzeul-golesti\/#breadcrumb","itemListElement":[{"@type":"ListItem","position":1,"name":"Prima pagin\u0103","item":"https:\/\/muzeulgolesti.ro\/ro\/"},{"@type":"ListItem","position":2,"name":"Chemare c\u0103tre Fiii \u0219i Cet\u0103\u021benii de Onoare ai Arge\u0219ului: \u00eentoarce\u021bi-v\u0103, pentru o zi, acas\u0103, la Muzeul Gole\u0219ti!"}]},{"@type":"WebSite","@id":"https:\/\/muzeulgolesti.ro\/ro\/#website","url":"https:\/\/muzeulgolesti.ro\/ro\/","name":"Muzeul Vititculturii si Pomiculturii Golesti","description":"Cultura, Etnografie, Istorie - Muzeul Vititculturii si Pomiculturii Golesti","publisher":{"@id":"https:\/\/muzeulgolesti.ro\/ro\/#organization"},"potentialAction":[{"@type":"SearchAction","target":{"@type":"EntryPoint","urlTemplate":"https:\/\/muzeulgolesti.ro\/ro\/?s={search_term_string}"},"query-input":{"@type":"PropertyValueSpecification","valueRequired":true,"valueName":"search_term_string"}}],"inLanguage":"ro-RO"},{"@type":"Organization","@id":"https:\/\/muzeulgolesti.ro\/ro\/#organization","name":"Muzeul Vititculturii si Pomiculturii Golesti","url":"https:\/\/muzeulgolesti.ro\/ro\/","logo":{"@type":"ImageObject","inLanguage":"ro-RO","@id":"https:\/\/muzeulgolesti.ro\/ro\/#\/schema\/logo\/image\/","url":"https:\/\/muzeulgolesti.ro\/wp-content\/uploads\/2022\/11\/SiglaMuzeu.jpg","contentUrl":"https:\/\/muzeulgolesti.ro\/wp-content\/uploads\/2022\/11\/SiglaMuzeu.jpg","width":86,"height":50,"caption":"Muzeul Vititculturii si Pomiculturii Golesti"},"image":{"@id":"https:\/\/muzeulgolesti.ro\/ro\/#\/schema\/logo\/image\/"},"sameAs":["https:\/\/web.facebook.com\/www.muzeulgolesti.ro"]},{"@type":"Person","@id":"https:\/\/muzeulgolesti.ro\/ro\/#\/schema\/person\/10f7278cf5f9da102e4cf1f75f098e5c","name":"Camelia C\u0103lin","url":"https:\/\/muzeulgolesti.ro\/ro\/author\/camelia\/"}]}},"_links":{"self":[{"href":"https:\/\/muzeulgolesti.ro\/ro\/wp-json\/wp\/v2\/posts\/8081","targetHints":{"allow":["GET"]}}],"collection":[{"href":"https:\/\/muzeulgolesti.ro\/ro\/wp-json\/wp\/v2\/posts"}],"about":[{"href":"https:\/\/muzeulgolesti.ro\/ro\/wp-json\/wp\/v2\/types\/post"}],"author":[{"embeddable":true,"href":"https:\/\/muzeulgolesti.ro\/ro\/wp-json\/wp\/v2\/users\/5"}],"replies":[{"embeddable":true,"href":"https:\/\/muzeulgolesti.ro\/ro\/wp-json\/wp\/v2\/comments?post=8081"}],"version-history":[{"count":4,"href":"https:\/\/muzeulgolesti.ro\/ro\/wp-json\/wp\/v2\/posts\/8081\/revisions"}],"predecessor-version":[{"id":8087,"href":"https:\/\/muzeulgolesti.ro\/ro\/wp-json\/wp\/v2\/posts\/8081\/revisions\/8087"}],"wp:featuredmedia":[{"embeddable":true,"href":"https:\/\/muzeulgolesti.ro\/ro\/wp-json\/wp\/v2\/media\/8083"}],"wp:attachment":[{"href":"https:\/\/muzeulgolesti.ro\/ro\/wp-json\/wp\/v2\/media?parent=8081"}],"wp:term":[{"taxonomy":"category","embeddable":true,"href":"https:\/\/muzeulgolesti.ro\/ro\/wp-json\/wp\/v2\/categories?post=8081"},{"taxonomy":"post_tag","embeddable":true,"href":"https:\/\/muzeulgolesti.ro\/ro\/wp-json\/wp\/v2\/tags?post=8081"}],"curies":[{"name":"wp","href":"https:\/\/api.w.org\/{rel}","templated":true}]}}